{"id":4873,"count":1,"description":"","link":"https:\/\/by-tv.co.uk\/en\/etiket\/yurt-disindaki-secmenlere-vaatler\/","name":"yurt d\u0131\u015f\u0131ndaki se\u00e7menlere vaatler","slug":"yurt-disindaki-secmenlere-vaatler","taxonomy":"post_tag","meta":[],"_links":{"self":[{"href":"https:\/\/by-tv.co.uk\/en\/wp-json\/wp\/v2\/tags\/4873","targetHints":{"allow":["GET"]}}],"collection":[{"href":"https:\/\/by-tv.co.uk\/en\/wp-json\/wp\/v2\/tags"}],"about":[{"href":"https:\/\/by-tv.co.uk\/en\/wp-json\/wp\/v2\/taxonomies\/post_tag"}],"wp:post_type":[{"href":"https:\/\/by-tv.co.uk\/en\/wp-json\/wp\/v2\/posts?tags=4873"}],"curies":[{"name":"wp","href":"https:\/\/api.w.org\/{rel}","templated":true}]}}