{"id":2285,"count":1,"description":"","link":"https:\/\/by-tv.co.uk\/en\/etiket\/chp-genel-baskani-kemal-kilicdaroglu\/","name":"CHP Genel Ba\u015fkan\u0131 Kemal K\u0131l\u0131\u00e7daro\u011flu","slug":"chp-genel-baskani-kemal-kilicdaroglu","taxonomy":"post_tag","meta":[],"_links":{"self":[{"href":"https:\/\/by-tv.co.uk\/en\/wp-json\/wp\/v2\/tags\/2285","targetHints":{"allow":["GET"]}}],"collection":[{"href":"https:\/\/by-tv.co.uk\/en\/wp-json\/wp\/v2\/tags"}],"about":[{"href":"https:\/\/by-tv.co.uk\/en\/wp-json\/wp\/v2\/taxonomies\/post_tag"}],"wp:post_type":[{"href":"https:\/\/by-tv.co.uk\/en\/wp-json\/wp\/v2\/posts?tags=2285"}],"curies":[{"name":"wp","href":"https:\/\/api.w.org\/{rel}","templated":true}]}}