{"id":9983,"date":"2021-06-03T20:54:23","date_gmt":"2021-06-03T19:54:23","guid":{"rendered":"https:\/\/by-tv.co.uk\/?p=9983"},"modified":"2021-06-03T20:59:22","modified_gmt":"2021-06-03T19:59:22","slug":"turkiye-kirmizi-portekiz-sari-listede","status":"publish","type":"post","link":"https:\/\/by-tv.co.uk\/en\/turkiye-kirmizi-portekiz-sari-listede\/","title":{"rendered":"Portekiz &#8216;sar\u0131 liste&#8217;ye al\u0131nd\u0131"},"content":{"rendered":"<p><strong>Covid-19<\/strong> salg\u0131n\u0131 ile ilgili \u00f6nlemleri uygulamay\u0131 s\u00fcrd\u00fcren <strong>\u0130ngiltere<\/strong>, <strong>T\u00fcrkiye<\/strong>&#8216;yi 10 g\u00fcn otelde karantina zorunlulu\u011fu uygulanan &#8220;k\u0131rm\u0131z\u0131 liste&#8221;den \u00e7\u0131karmad\u0131.<\/p>\n<p>&#8216;K\u0131rm\u0131z\u0131 liste&#8217;de yer alan \u00fclkelerden gelenler, 10 g\u00fcn boyunca masraflar\u0131n\u0131 kendileri kar\u015f\u0131layarak otelde karantinada kalmalar\u0131 gerekiyor.<\/p>\n<p>Bu otel konaklamas\u0131n\u0131n 1750 <strong>sterlin<\/strong>&#8216;lik masraf\u0131n\u0131 da yolcular\u0131n kar\u015f\u0131lamas\u0131 laz\u0131m.<\/p><div id=\"briti-3203629842\" class=\"briti-icerik\" style=\"margin-top: 5px;margin-bottom: 5px;\"><a href=\"https:\/\/piaryum.com\/services\/\" aria-label=\"piaryum banner\"><img loading=\"lazy\" decoding=\"async\" src=\"https:\/\/by-tv.co.uk\/wp-content\/uploads\/2025\/12\/Gemini_Generated_Image_g5yqr1g5yqr1g5yq.jpg\" alt=\"\"  width=\"2064\" height=\"1152\"   \/><\/a><\/div>\n<p>\u0130ngiltere Ula\u015ft\u0131rma Bakan\u0131 Grant Shapps, yapt\u0131\u011f\u0131 a\u00e7\u0131klamada, &#8220;ye\u015fil liste&#8221;ye ise herhangi bir \u00fclkenin eklenmedi\u011fini s\u00f6yledi.<\/p>\n<p>Bu arada, bu listede yer alan <strong>Portekiz<\/strong>, vaka say\u0131s\u0131n\u0131n artmas\u0131n\u0131n yan\u0131 s\u0131ra artan Hindistan varyant\u0131 endi\u015fesiyle &#8220;sar\u0131 liste&#8221;ye eklendi.<\/p>\n<p>Portekiz&#8217;den \u0130ngiltere&#8217;ye seyahat eden herkes 10 g\u00fcn ev karantinas\u0131nda kalacak.<\/p>\n<p>\u00d6te yandan; Afganistan, Bahreyn, Kosta Rika, M\u0131s\u0131r, Sudan, Trinidad Tobago ve Sri Lanka da k\u0131rm\u0131z\u0131 listeye eklendi. (BBC T\u00fcrk\u00e7e)<\/p>\n<div id=\"briti-1659331538\" class=\"briti-icerikten-sonra_2\" style=\"margin-top: 25px;margin-bottom: 25px;\"><a href=\"https:\/\/wa.me\/message\/NDZLLIOQT4H3O1\" aria-label=\"bytv reklam banner\"><img loading=\"lazy\" decoding=\"async\" src=\"https:\/\/by-tv.co.uk\/wp-content\/uploads\/2025\/12\/bytv-reklam-banner.jpg\" alt=\"\"  width=\"2376\" height=\"1008\"   \/><\/a><\/div>","protected":false},"excerpt":{"rendered":"<p>Covid-19 salg\u0131n\u0131 ile ilgili \u00f6nlemleri uygulamay\u0131 s\u00fcrd\u00fcren \u0130ngiltere, T\u00fcrkiye&#8216;yi 10 g\u00fcn otelde karantina zorunlulu\u011fu uygulanan &#8220;k\u0131rm\u0131z\u0131 liste&#8221;den \u00e7\u0131karmad\u0131. &#8216;K\u0131rm\u0131z\u0131 liste&#8217;de yer alan \u00fclkelerden gelenler, 10 g\u00fcn boyunca masraflar\u0131n\u0131 kendileri kar\u015f\u0131layarak otelde karantinada kalmalar\u0131 gerekiyor. Bu otel konaklamas\u0131n\u0131n 1750 sterlin&#8216;lik masraf\u0131n\u0131 da yolcular\u0131n kar\u015f\u0131lamas\u0131 laz\u0131m. \u0130ngiltere Ula\u015ft\u0131rma Bakan\u0131 Grant Shapps, yapt\u0131\u011f\u0131 a\u00e7\u0131klamada, &#8220;ye\u015fil liste&#8221;ye ise herhangi bir \u00fclkenin eklenmedi\u011fini s\u00f6yledi. Bu arada, bu listede yer alan Portekiz, vaka say\u0131s\u0131n\u0131n artmas\u0131n\u0131n yan\u0131 s\u0131ra artan Hindistan varyant\u0131 endi\u015fesiyle &#8220;sar\u0131 liste&#8221;ye eklendi. Portekiz&#8217;den \u0130ngiltere&#8217;ye seyahat eden herkes 10 g\u00fcn ev karantinas\u0131nda kalacak. \u00d6te yandan; Afganistan, Bahreyn, Kosta Rika, M\u0131s\u0131r, Sudan, Trinidad Tobago ve Sri [&hellip;]<\/p>\n","protected":false},"author":7,"featured_media":9986,"comment_status":"open","ping_status":"open","sticky":false,"template":"","format":"standard","meta":{"ngg_post_thumbnail":0,"footnotes":""},"categories":[15,1995],"tags":[567,808,149,861,3168,1297,154,144],"class_list":["post-9983","post","type-post","status-publish","format-standard","has-post-thumbnail","hentry","category-ingiltere","category-turkiye-ingiltere","tag-coronavirus","tag-covid-19","tag-ingiltere","tag-karantina","tag-liste","tag-portekiz","tag-sterlin","tag-turkiye"],"_links":{"self":[{"href":"https:\/\/by-tv.co.uk\/en\/wp-json\/wp\/v2\/posts\/9983","targetHints":{"allow":["GET"]}}],"collection":[{"href":"https:\/\/by-tv.co.uk\/en\/wp-json\/wp\/v2\/posts"}],"about":[{"href":"https:\/\/by-tv.co.uk\/en\/wp-json\/wp\/v2\/types\/post"}],"author":[{"embeddable":true,"href":"https:\/\/by-tv.co.uk\/en\/wp-json\/wp\/v2\/users\/7"}],"replies":[{"embeddable":true,"href":"https:\/\/by-tv.co.uk\/en\/wp-json\/wp\/v2\/comments?post=9983"}],"version-history":[{"count":0,"href":"https:\/\/by-tv.co.uk\/en\/wp-json\/wp\/v2\/posts\/9983\/revisions"}],"wp:featuredmedia":[{"embeddable":true,"href":"https:\/\/by-tv.co.uk\/en\/wp-json\/wp\/v2\/media\/9986"}],"wp:attachment":[{"href":"https:\/\/by-tv.co.uk\/en\/wp-json\/wp\/v2\/media?parent=9983"}],"wp:term":[{"taxonomy":"category","embeddable":true,"href":"https:\/\/by-tv.co.uk\/en\/wp-json\/wp\/v2\/categories?post=9983"},{"taxonomy":"post_tag","embeddable":true,"href":"https:\/\/by-tv.co.uk\/en\/wp-json\/wp\/v2\/tags?post=9983"}],"curies":[{"name":"wp","href":"https:\/\/api.w.org\/{rel}","templated":true}]}}