{"id":9949,"date":"2021-06-03T10:59:59","date_gmt":"2021-06-03T09:59:59","guid":{"rendered":"https:\/\/by-tv.co.uk\/?p=9949"},"modified":"2021-06-03T12:21:42","modified_gmt":"2021-06-03T11:21:42","slug":"ingilterede-covid-zabitalari-gorev-basinda","status":"publish","type":"post","link":"https:\/\/by-tv.co.uk\/en\/ingilterede-covid-zabitalari-gorev-basinda\/","title":{"rendered":"&#8216;Covid zab\u0131talar\u0131&#8217; g\u00f6rev ba\u015f\u0131nda"},"content":{"rendered":"<p><strong>Covid-19<\/strong> salg\u0131n\u0131yla m\u00fccadelede ba\u015far\u0131l\u0131 bir y\u00f6ntem izleyen <strong>\u0130ngilitere<\/strong>\u2019de yakla\u015f\u0131k 40 milyon ki\u015fiye ilk doz a\u015f\u0131 yap\u0131ld\u0131. \u00dclkede yeti\u015fkin n\u00fcfusun y\u00fczde 50\u2019si de her iki doz a\u015f\u0131y\u0131 oldu.<\/p>\n<p>\u00dclke h\u0131zl\u0131 yay\u0131lan <strong>Hint<\/strong> varyant\u0131 nedeniyle diken \u00fcst\u00fcnde olsa da halk normalle\u015fmenin tad\u0131n\u0131 \u00e7\u0131karmaya devam ediyor.<\/p>\n<p>Kendilerini sokaklara atan \u0130ngilizler, e\u011flence mekanlar\u0131n\u0131 da t\u0131kl\u0131m t\u0131kl\u0131m doldurdu.<\/p><div id=\"briti-1769439390\" class=\"briti-icerik\" style=\"margin-top: 5px;margin-bottom: 5px;\"><a href=\"https:\/\/piaryum.com\/services\/\" aria-label=\"piaryum banner\"><img loading=\"lazy\" decoding=\"async\" src=\"https:\/\/by-tv.co.uk\/wp-content\/uploads\/2025\/12\/Gemini_Generated_Image_g5yqr1g5yqr1g5yq.jpg\" alt=\"\"  width=\"2064\" height=\"1152\"   \/><\/a><\/div>\n<p>\u00d6zellikle kapal\u0131 mekanlarda vatanda\u015flar\u0131n kurallara uymas\u0131 i\u00e7in baz\u0131 denetim mekanizmalar\u0131 devreye al\u0131nd\u0131. Mavi yelekli yeni g\u00f6revliler, kalabal\u0131k mekanlarda boy g\u00f6stermeye ba\u015flad\u0131.<\/p>\n<p>\u00dcniformalar\u0131nda \u201c<strong>Covid Marshal<\/strong>\u201d yazan g\u00f6revliler, belediye b\u00fcnyesinde \u00e7al\u0131\u015fan <strong>zab\u0131ta<\/strong>lar.<\/p>\n<p>E\u011flence yerlerini denetleyen bu Covid-19 zab\u0131talar\u0131, kurallara uymayan vatanda\u015flar\u0131 uyar\u0131yor.<\/p>\n<p><strong>\u0130ngiltere<\/strong>\u2019de bug\u00fcne kadar yakla\u015f\u0131k 4.5 milyon vaka g\u00f6r\u00fcld\u00fc. 127 bin ki\u015fi ise vir\u00fcs nedeniyle ya\u015fam\u0131n\u0131 yitirdi. (Amerika&#8217;n\u0131n Sesi)<\/p>\n<div id=\"briti-4138467539\" class=\"briti-icerikten-sonra_2\" style=\"margin-top: 25px;margin-bottom: 25px;\"><a href=\"https:\/\/wa.me\/message\/NDZLLIOQT4H3O1\" aria-label=\"bytv reklam banner\"><img loading=\"lazy\" decoding=\"async\" src=\"https:\/\/by-tv.co.uk\/wp-content\/uploads\/2025\/12\/bytv-reklam-banner.jpg\" alt=\"\"  width=\"2376\" height=\"1008\"   \/><\/a><\/div>","protected":false},"excerpt":{"rendered":"<p>Covid-19 salg\u0131n\u0131yla m\u00fccadelede ba\u015far\u0131l\u0131 bir y\u00f6ntem izleyen \u0130ngilitere\u2019de yakla\u015f\u0131k 40 milyon ki\u015fiye ilk doz a\u015f\u0131 yap\u0131ld\u0131. \u00dclkede yeti\u015fkin n\u00fcfusun y\u00fczde 50\u2019si de her iki doz a\u015f\u0131y\u0131 oldu. \u00dclke h\u0131zl\u0131 yay\u0131lan Hint varyant\u0131 nedeniyle diken \u00fcst\u00fcnde olsa da halk normalle\u015fmenin tad\u0131n\u0131 \u00e7\u0131karmaya devam ediyor. Kendilerini sokaklara atan \u0130ngilizler, e\u011flence mekanlar\u0131n\u0131 da t\u0131kl\u0131m t\u0131kl\u0131m doldurdu. \u00d6zellikle kapal\u0131 mekanlarda vatanda\u015flar\u0131n kurallara uymas\u0131 i\u00e7in baz\u0131 denetim mekanizmalar\u0131 devreye al\u0131nd\u0131. Mavi yelekli yeni g\u00f6revliler, kalabal\u0131k mekanlarda boy g\u00f6stermeye ba\u015flad\u0131. \u00dcniformalar\u0131nda \u201cCovid Marshal\u201d yazan g\u00f6revliler, belediye b\u00fcnyesinde \u00e7al\u0131\u015fan zab\u0131talar. E\u011flence yerlerini denetleyen bu Covid-19 zab\u0131talar\u0131, kurallara uymayan vatanda\u015flar\u0131 uyar\u0131yor. \u0130ngiltere\u2019de bug\u00fcne kadar yakla\u015f\u0131k 4.5 milyon vaka [&hellip;]<\/p>\n","protected":false},"author":7,"featured_media":9950,"comment_status":"open","ping_status":"open","sticky":false,"template":"","format":"standard","meta":{"ngg_post_thumbnail":0,"footnotes":""},"categories":[15],"tags":[430,808,149],"class_list":["post-9949","post","type-post","status-publish","format-standard","has-post-thumbnail","hentry","category-ingiltere","tag-birlesik-krallik","tag-covid-19","tag-ingiltere"],"_links":{"self":[{"href":"https:\/\/by-tv.co.uk\/en\/wp-json\/wp\/v2\/posts\/9949","targetHints":{"allow":["GET"]}}],"collection":[{"href":"https:\/\/by-tv.co.uk\/en\/wp-json\/wp\/v2\/posts"}],"about":[{"href":"https:\/\/by-tv.co.uk\/en\/wp-json\/wp\/v2\/types\/post"}],"author":[{"embeddable":true,"href":"https:\/\/by-tv.co.uk\/en\/wp-json\/wp\/v2\/users\/7"}],"replies":[{"embeddable":true,"href":"https:\/\/by-tv.co.uk\/en\/wp-json\/wp\/v2\/comments?post=9949"}],"version-history":[{"count":0,"href":"https:\/\/by-tv.co.uk\/en\/wp-json\/wp\/v2\/posts\/9949\/revisions"}],"wp:featuredmedia":[{"embeddable":true,"href":"https:\/\/by-tv.co.uk\/en\/wp-json\/wp\/v2\/media\/9950"}],"wp:attachment":[{"href":"https:\/\/by-tv.co.uk\/en\/wp-json\/wp\/v2\/media?parent=9949"}],"wp:term":[{"taxonomy":"category","embeddable":true,"href":"https:\/\/by-tv.co.uk\/en\/wp-json\/wp\/v2\/categories?post=9949"},{"taxonomy":"post_tag","embeddable":true,"href":"https:\/\/by-tv.co.uk\/en\/wp-json\/wp\/v2\/tags?post=9949"}],"curies":[{"name":"wp","href":"https:\/\/api.w.org\/{rel}","templated":true}]}}