{"id":9917,"date":"2021-06-02T18:31:20","date_gmt":"2021-06-02T17:31:20","guid":{"rendered":"https:\/\/by-tv.co.uk\/?p=9917"},"modified":"2021-06-02T18:31:20","modified_gmt":"2021-06-02T17:31:20","slug":"isvicre-turkiyeyi-kovid-19da-riskli-ulkeler-listesinden-cikardi","status":"publish","type":"post","link":"https:\/\/by-tv.co.uk\/en\/isvicre-turkiyeyi-kovid-19da-riskli-ulkeler-listesinden-cikardi\/","title":{"rendered":"\u0130svi\u00e7re, T\u00fcrkiye&#8217;yi Kovid-19&#8217;da &#8216;riskli \u00fclkeler&#8217; listesinden \u00e7\u0131kard\u0131"},"content":{"rendered":"<div id=\"icerikDiv_48581740\" class=\"iliskiIcerik ltr\">\n<p>CENEVRE (AA) &#8211; \u0130svi\u00e7re&#8217;de federal h\u00fck\u00fcmet, yeni tip koronavir\u00fcs (Kovid-19) salg\u0131n\u0131n\u0131 \u00f6nlemek amac\u0131yla seyahat k\u0131s\u0131tlamas\u0131 getirdi\u011fi &#8220;riskli \u00fclkeler&#8221; listesinden T\u00fcrkiye&#8217;yi \u00e7\u0131kard\u0131.<\/p>\n<p>Federal Sa\u011fl\u0131k Dairesinin (BAG) ald\u0131\u011f\u0131 karar kapsam\u0131nda, 19 Nisan&#8217;dan itibaren T\u00fcrkiye riskli listeye al\u0131nm\u0131\u015f ve listedeki \u00fclkelerden \u0130svi\u00e7re&#8217;ye seyahat edenlerin 10 g\u00fcn boyunca karantinada olaca\u011f\u0131 belirtilmi\u015fti.<\/p>\n<p>BAG, listede bug\u00fcn yapt\u0131\u011f\u0131 g\u00fcncellemede, yar\u0131ndan ge\u00e7erli olmak \u00fczere, T\u00fcrkiye&#8217;yi riskli \u00fclkeler listesinden \u00e7\u0131kar\u0131ld\u0131.<\/p><div id=\"briti-2129146109\" class=\"briti-icerik\" style=\"margin-top: 5px;margin-bottom: 5px;\"><a href=\"https:\/\/piaryum.com\/services\/\" aria-label=\"piaryum banner\"><img loading=\"lazy\" decoding=\"async\" src=\"https:\/\/by-tv.co.uk\/wp-content\/uploads\/2025\/12\/Gemini_Generated_Image_g5yqr1g5yqr1g5yq.jpg\" alt=\"\"  width=\"2064\" height=\"1152\"   \/><\/a><\/div>\n<p>B\u00f6ylelikle, T\u00fcrkiye&#8217;den \u0130svi\u00e7re&#8217;ye seyahat edenler karantina \u015fart\u0131ndan muaf tutulacak.<\/p>\n<p>T\u00fcrkiye\u2019nin yan\u0131 s\u0131ra \u0130ran, H\u0131rvatistan, L\u00fcksemburg, G\u00fcney K\u0131br\u0131s Rum Y\u00f6netimi (GKRY) ile Almanya, Fransa ve \u0130talya&#8217;n\u0131n baz\u0131 b\u00f6lgeleri riskli \u00fclkeler listesinden \u00e7\u0131kar\u0131ld\u0131.<\/p>\n<p>\u0130ngiltere, Hindistan Bel\u00e7ika, Hollanda, \u0130sve\u00e7, Arjantin, Slovenya, Letonya, Litvanya, \u015eili, Nepal, Tanzanya ve Uruguay gibi \u00fclkelerin de aralar\u0131nda bulundu\u011fu 30 \u00fclke ise listede kalmaya devam etti.<\/p>\n<p>\u00d6te yandan, T\u00fcrkiye&#8217;ye gidi\u015f ve geli\u015flerde Kovid-19 a\u015f\u0131s\u0131 yapt\u0131rmayanlar i\u00e7in test yapt\u0131rma zorunlulu\u011fu bulunuyor. BAG&#8217;\u0131n bug\u00fcnk\u00fc karar\u0131yla, T\u00fcrkiye&#8217;den gelen yolcularda Kovid-19 testleri negatif \u00e7\u0131kanlar art\u0131k karantinaya al\u0131nmayacak.<\/p>\n<p>\u0130svi\u00e7re&#8217;de karantina \u015fartlar\u0131na uymayanlara a\u011f\u0131r para cezalar\u0131 veriliyor.<\/p>\n<p>Riskli \u00fclkeler listesinden gelen yolcular i\u00e7in testleri negatif olsa dahi karantina zorunlulu\u011fu bulunuyor. Karantina \u015fartlar\u0131na uymayanlar 10 bin \u0130svi\u00e7re frang\u0131na kadar a\u011f\u0131r para cezalar\u0131na maruz kalabiliyor.<\/p>\n<p>Bu arada, n\u00fcfusu 8,6 milyon olan \u0130svi\u00e7re&#8217;de, toplam 4 milyon 823 bin 933 doz Kovid-19 a\u015f\u0131s\u0131 uyguland\u0131. \u00dclkede 1 milyon 750 bin 400 ki\u015finin ise iki doz a\u015f\u0131s\u0131 tamamland\u0131.<\/p>\n<\/div>\n<div id=\"parentdivEtiket_48581740\" class=\"data_tags\">\n<div id=\"splitteryayin_callbackhaberdetay_HaberDetayGoster_dListIliski_divEtiket_1\" class=\"ltr\">&nbsp;<\/div>\n<\/div>\n<div id=\"briti-2120812012\" class=\"briti-icerikten-sonra_2\" style=\"margin-top: 25px;margin-bottom: 25px;\"><a href=\"https:\/\/wa.me\/message\/NDZLLIOQT4H3O1\" aria-label=\"bytv reklam banner\"><img loading=\"lazy\" decoding=\"async\" src=\"https:\/\/by-tv.co.uk\/wp-content\/uploads\/2025\/12\/bytv-reklam-banner.jpg\" alt=\"\"  width=\"2376\" height=\"1008\"   \/><\/a><\/div>","protected":false},"excerpt":{"rendered":"<p>CENEVRE (AA) &#8211; \u0130svi\u00e7re&#8217;de federal h\u00fck\u00fcmet, yeni tip koronavir\u00fcs (Kovid-19) salg\u0131n\u0131n\u0131 \u00f6nlemek amac\u0131yla seyahat k\u0131s\u0131tlamas\u0131 getirdi\u011fi &#8220;riskli \u00fclkeler&#8221; listesinden T\u00fcrkiye&#8217;yi \u00e7\u0131kard\u0131. Federal Sa\u011fl\u0131k Dairesinin (BAG) ald\u0131\u011f\u0131 karar kapsam\u0131nda, 19 Nisan&#8217;dan itibaren T\u00fcrkiye riskli listeye al\u0131nm\u0131\u015f ve listedeki \u00fclkelerden \u0130svi\u00e7re&#8217;ye seyahat edenlerin 10 g\u00fcn boyunca karantinada olaca\u011f\u0131 belirtilmi\u015fti. BAG, listede bug\u00fcn yapt\u0131\u011f\u0131 g\u00fcncellemede, yar\u0131ndan ge\u00e7erli olmak \u00fczere, T\u00fcrkiye&#8217;yi riskli \u00fclkeler listesinden \u00e7\u0131kar\u0131ld\u0131. B\u00f6ylelikle, T\u00fcrkiye&#8217;den \u0130svi\u00e7re&#8217;ye seyahat edenler karantina \u015fart\u0131ndan muaf tutulacak. T\u00fcrkiye\u2019nin yan\u0131 s\u0131ra \u0130ran, H\u0131rvatistan, L\u00fcksemburg, G\u00fcney K\u0131br\u0131s Rum Y\u00f6netimi (GKRY) ile Almanya, Fransa ve \u0130talya&#8217;n\u0131n baz\u0131 b\u00f6lgeleri riskli \u00fclkeler listesinden \u00e7\u0131kar\u0131ld\u0131. \u0130ngiltere, Hindistan Bel\u00e7ika, Hollanda, \u0130sve\u00e7, Arjantin, Slovenya, Letonya, [&hellip;]<\/p>\n","protected":false},"author":1,"featured_media":9918,"comment_status":"open","ping_status":"open","sticky":false,"template":"","format":"standard","meta":{"ngg_post_thumbnail":0,"footnotes":""},"categories":[11],"tags":[1309],"class_list":["post-9917","post","type-post","status-publish","format-standard","has-post-thumbnail","hentry","category-dunya","tag-isvicre"],"_links":{"self":[{"href":"https:\/\/by-tv.co.uk\/en\/wp-json\/wp\/v2\/posts\/9917","targetHints":{"allow":["GET"]}}],"collection":[{"href":"https:\/\/by-tv.co.uk\/en\/wp-json\/wp\/v2\/posts"}],"about":[{"href":"https:\/\/by-tv.co.uk\/en\/wp-json\/wp\/v2\/types\/post"}],"author":[{"embeddable":true,"href":"https:\/\/by-tv.co.uk\/en\/wp-json\/wp\/v2\/users\/1"}],"replies":[{"embeddable":true,"href":"https:\/\/by-tv.co.uk\/en\/wp-json\/wp\/v2\/comments?post=9917"}],"version-history":[{"count":0,"href":"https:\/\/by-tv.co.uk\/en\/wp-json\/wp\/v2\/posts\/9917\/revisions"}],"wp:featuredmedia":[{"embeddable":true,"href":"https:\/\/by-tv.co.uk\/en\/wp-json\/wp\/v2\/media\/9918"}],"wp:attachment":[{"href":"https:\/\/by-tv.co.uk\/en\/wp-json\/wp\/v2\/media?parent=9917"}],"wp:term":[{"taxonomy":"category","embeddable":true,"href":"https:\/\/by-tv.co.uk\/en\/wp-json\/wp\/v2\/categories?post=9917"},{"taxonomy":"post_tag","embeddable":true,"href":"https:\/\/by-tv.co.uk\/en\/wp-json\/wp\/v2\/tags?post=9917"}],"curies":[{"name":"wp","href":"https:\/\/api.w.org\/{rel}","templated":true}]}}