{"id":9843,"date":"2021-05-31T19:26:47","date_gmt":"2021-05-31T18:26:47","guid":{"rendered":"https:\/\/by-tv.co.uk\/?p=9843"},"modified":"2021-05-31T19:29:34","modified_gmt":"2021-05-31T18:29:34","slug":"turkiyenin-yeni-normallesme-adimlari","status":"publish","type":"post","link":"https:\/\/by-tv.co.uk\/en\/turkiyenin-yeni-normallesme-adimlari\/","title":{"rendered":"\u0130\u015fte T\u00fcrkiye\u2019nin yeni normalle\u015fme ad\u0131mlar\u0131"},"content":{"rendered":"<p><strong>Cumhurba\u015fkan\u0131 Recep Tayyip Erdo\u011fan<\/strong>, <strong>Kabine Toplant\u0131s\u0131<\/strong>&#8216;n\u0131n ard\u0131ndan, Covid-19 s\u00fcrecinde kademeli normalle\u015fme takvimini a\u00e7\u0131klad\u0131.<\/p>\n<p>A\u00e7\u0131klamaya g\u00f6re<strong> T\u00fcrkiye<\/strong>&#8216;nin yeni normalle\u015fme ad\u0131mlar\u0131 \u015f\u00f6yle;<\/p>\n<ul>\n<li>Haziran ay\u0131 boyunca soka\u011fa \u00e7\u0131kma s\u0131n\u0131rlamalar\u0131, ak\u015fam 22.00 ile sabah 05.00 saatleri aras\u0131nda hafta sonu ise cumartesi saat 22.00 ile pazartesi sabah\u0131 saat 05.00 aras\u0131nda olacak.<\/li>\n<li>Restoran, lokanta, kafeterya, pastane gibi yeme-i\u00e7me yerlerinde, sabah 07.00 ile ak\u015fam 21.00 saatleri aras\u0131nda, belirlenen kurallara g\u00f6re masaya servis yap\u0131labilecek. Saat 24.00&#8217;e kadar da paket servisi s\u00fcrd\u00fcr\u00fclebilecek. Bu mekanlarda, soka\u011fa \u00e7\u0131kma k\u0131s\u0131tlamas\u0131 olan pazar g\u00fcn\u00fc ise sadece paket servis hizmeti verilmeye devam edilecek.<\/li>\n<li>Kahvehane, kafe, \u00e7ay bah\u00e7esi, hal\u0131 saha, spor salonu, lunapark gibi i\u015fletmeler, belirlenen kurallar \u00e7er\u00e7evesinde, pazar g\u00fcn\u00fc hari\u00e7 sabah 07.00 ile ak\u015fam 21.00 saatleri aras\u0131nda, 1 Haziran\u2019dan itibaren \u00e7al\u0131\u015fabilecek. Di\u011fer i\u015f yerlerinin, pazar g\u00fcn\u00fc haricinde, belirlenen saatlerde ve \u015fartlarda faaliyetlerini y\u00fcr\u00fctebilmeleriyle ilgili uygulama s\u00fcrecek.<\/li>\n<li>Ana okul ve ilk \u00f6\u011fretimde y\u00fcz y\u00fcze e\u011fitim 1 Haziran\u2019da, ortaokul ve lisede ise 7 Haziran\u2019da ba\u015flayacak. Y\u00fcz y\u00fcze e\u011fitim haftan\u0131n iki g\u00fcn\u00fc yap\u0131lacak.<\/li>\n<li>\u00dcniversitelerin 2021-2022 e\u011fitim \u00f6\u011fretim y\u0131l\u0131 akademik takvimi, 13 Eyl\u00fcl itibar\u0131yla ba\u015flayacak.<\/li>\n<li>Spor kul\u00fcpleri genel kurullar\u0131n\u0131, haziran\u0131n ilk g\u00fcn\u00fcnden itibaren, di\u011fer kurulu\u015flar da haziran\u0131n ikinci yar\u0131s\u0131ndan itibaren yapabilecek.<\/li>\n<li>Kamu kurumlar\u0131ndaki esnek mesai uygulamas\u0131, yeni bir d\u00fczenlemeye kadar devam edecek.<\/li>\n<li>A\u00e7\u0131k ve kapal\u0131 alanlardaki nikahlar ve nikah \u015feklindeki d\u00fc\u011f\u00fcn t\u00f6renleri, belirlenen \u015fartlara uygun \u015fekilde 1 Haziran&#8217;dan itibaren yap\u0131labilecek.\u00a0#birdakikabritanya<\/li>\n<\/ul>\n<div id=\"briti-3806575853\" class=\"briti-icerikten-sonra_2\" style=\"margin-top: 25px;margin-bottom: 25px;\"><a href=\"https:\/\/wa.me\/message\/NDZLLIOQT4H3O1\" aria-label=\"bytv reklam banner\"><img loading=\"lazy\" decoding=\"async\" src=\"https:\/\/by-tv.co.uk\/wp-content\/uploads\/2025\/12\/bytv-reklam-banner.jpg\" alt=\"\"  width=\"2376\" height=\"1008\"   \/><\/a><\/div>","protected":false},"excerpt":{"rendered":"<p>Cumhurba\u015fkan\u0131 Recep Tayyip Erdo\u011fan, Kabine Toplant\u0131s\u0131&#8216;n\u0131n ard\u0131ndan, Covid-19 s\u00fcrecinde kademeli normalle\u015fme takvimini a\u00e7\u0131klad\u0131. A\u00e7\u0131klamaya g\u00f6re T\u00fcrkiye&#8216;nin yeni normalle\u015fme ad\u0131mlar\u0131 \u015f\u00f6yle; Haziran ay\u0131 boyunca soka\u011fa \u00e7\u0131kma s\u0131n\u0131rlamalar\u0131, ak\u015fam 22.00 ile sabah 05.00 saatleri aras\u0131nda hafta sonu ise cumartesi saat 22.00 ile pazartesi sabah\u0131 saat 05.00 aras\u0131nda olacak. Restoran, lokanta, kafeterya, pastane gibi yeme-i\u00e7me yerlerinde, sabah 07.00 ile ak\u015fam 21.00 saatleri aras\u0131nda, belirlenen kurallara g\u00f6re masaya servis yap\u0131labilecek. Saat 24.00&#8217;e kadar da paket servisi s\u00fcrd\u00fcr\u00fclebilecek. Bu mekanlarda, soka\u011fa \u00e7\u0131kma k\u0131s\u0131tlamas\u0131 olan pazar g\u00fcn\u00fc ise sadece paket servis hizmeti verilmeye devam edilecek. Kahvehane, kafe, \u00e7ay bah\u00e7esi, hal\u0131 saha, spor salonu, lunapark gibi i\u015fletmeler, [&hellip;]<\/p>\n","protected":false},"author":7,"featured_media":0,"comment_status":"open","ping_status":"open","sticky":false,"template":"","format":"standard","meta":{"ngg_post_thumbnail":0,"footnotes":""},"categories":[1292],"tags":[2379,859,808,978,909,144],"class_list":["post-9843","post","type-post","status-publish","format-standard","hentry","category-turkiye","tag-birdakikabritanya","tag-corona-virus","tag-covid-19","tag-normallesme","tag-recep-tayyip-erdogan","tag-turkiye"],"_links":{"self":[{"href":"https:\/\/by-tv.co.uk\/en\/wp-json\/wp\/v2\/posts\/9843","targetHints":{"allow":["GET"]}}],"collection":[{"href":"https:\/\/by-tv.co.uk\/en\/wp-json\/wp\/v2\/posts"}],"about":[{"href":"https:\/\/by-tv.co.uk\/en\/wp-json\/wp\/v2\/types\/post"}],"author":[{"embeddable":true,"href":"https:\/\/by-tv.co.uk\/en\/wp-json\/wp\/v2\/users\/7"}],"replies":[{"embeddable":true,"href":"https:\/\/by-tv.co.uk\/en\/wp-json\/wp\/v2\/comments?post=9843"}],"version-history":[{"count":0,"href":"https:\/\/by-tv.co.uk\/en\/wp-json\/wp\/v2\/posts\/9843\/revisions"}],"wp:attachment":[{"href":"https:\/\/by-tv.co.uk\/en\/wp-json\/wp\/v2\/media?parent=9843"}],"wp:term":[{"taxonomy":"category","embeddable":true,"href":"https:\/\/by-tv.co.uk\/en\/wp-json\/wp\/v2\/categories?post=9843"},{"taxonomy":"post_tag","embeddable":true,"href":"https:\/\/by-tv.co.uk\/en\/wp-json\/wp\/v2\/tags?post=9843"}],"curies":[{"name":"wp","href":"https:\/\/api.w.org\/{rel}","templated":true}]}}