{"id":9745,"date":"2021-05-28T19:26:47","date_gmt":"2021-05-28T18:26:47","guid":{"rendered":"https:\/\/by-tv.co.uk\/?p=9745"},"modified":"2021-05-28T19:26:47","modified_gmt":"2021-05-28T18:26:47","slug":"12-15-yas-grubuna-da-covid-19-asisi","status":"publish","type":"post","link":"https:\/\/by-tv.co.uk\/en\/12-15-yas-grubuna-da-covid-19-asisi\/","title":{"rendered":"12-15 ya\u015f grubuna da Covid-19 a\u015f\u0131s\u0131"},"content":{"rendered":"<p><strong>Avrupa \u0130la\u00e7 Ajans\u0131<\/strong> (EMA), Covid-19 a\u015f\u0131lar\u0131yla ilgili \u00f6nemli bir karara imza att\u0131.<\/p>\n<p>ABD ve Kanada\u2019n\u0131n ard\u0131ndan EMA da 12-15 ya\u015f aras\u0131 \u00e7ocuklar\u0131n Pfizer-BioNtech a\u015f\u0131s\u0131 olabilmelerinin yolunu a\u00e7t\u0131.<\/p>\n<p>EMA\u2019n\u0131n onay\u0131n\u0131n ard\u0131ndan birli\u011fe \u00fcye olan 27 \u00fclke, bu ya\u015f grubunun a\u015f\u0131lanmas\u0131na kendisi karar verecek.<\/p><div id=\"briti-2015753565\" class=\"briti-icerik\" style=\"margin-top: 5px;margin-bottom: 5px;\"><a href=\"https:\/\/piaryum.com\/services\/\" aria-label=\"piaryum banner\"><img loading=\"lazy\" decoding=\"async\" src=\"https:\/\/by-tv.co.uk\/wp-content\/uploads\/2025\/12\/Gemini_Generated_Image_g5yqr1g5yqr1g5yq.jpg\" alt=\"\"  width=\"2064\" height=\"1152\"   \/><\/a><\/div>\n<p>A\u015f\u0131 karar\u0131 al\u0131nan \u00fclkelerde, 12-15 ya\u015f aras\u0131 ergenler \u00fc\u00e7 hafta ara ile iki doz a\u015f\u0131 olacak.<\/p>\n<p>D\u00fcnya Sa\u011fl\u0131k \u00d6rg\u00fct\u00fc (WHO), yapt\u0131\u011f\u0131 a\u00e7\u0131klamada, Avrupa&#8217;ya a\u015f\u0131laman\u0131n h\u0131zland\u0131r\u0131lmas\u0131 \u00e7a\u011fr\u0131s\u0131 yapm\u0131\u015ft\u0131.<\/p>\n<div id=\"briti-359778188\" class=\"briti-icerikten-sonra_2\" style=\"margin-top: 25px;margin-bottom: 25px;\"><a href=\"https:\/\/wa.me\/message\/NDZLLIOQT4H3O1\" aria-label=\"bytv reklam banner\"><img loading=\"lazy\" decoding=\"async\" src=\"https:\/\/by-tv.co.uk\/wp-content\/uploads\/2025\/12\/bytv-reklam-banner.jpg\" alt=\"\"  width=\"2376\" height=\"1008\"   \/><\/a><\/div>","protected":false},"excerpt":{"rendered":"<p>Avrupa \u0130la\u00e7 Ajans\u0131 (EMA), Covid-19 a\u015f\u0131lar\u0131yla ilgili \u00f6nemli bir karara imza att\u0131. ABD ve Kanada\u2019n\u0131n ard\u0131ndan EMA da 12-15 ya\u015f aras\u0131 \u00e7ocuklar\u0131n Pfizer-BioNtech a\u015f\u0131s\u0131 olabilmelerinin yolunu a\u00e7t\u0131. EMA\u2019n\u0131n onay\u0131n\u0131n ard\u0131ndan birli\u011fe \u00fcye olan 27 \u00fclke, bu ya\u015f grubunun a\u015f\u0131lanmas\u0131na kendisi karar verecek. A\u015f\u0131 karar\u0131 al\u0131nan \u00fclkelerde, 12-15 ya\u015f aras\u0131 ergenler \u00fc\u00e7 hafta ara ile iki doz a\u015f\u0131 olacak. D\u00fcnya Sa\u011fl\u0131k \u00d6rg\u00fct\u00fc (WHO), yapt\u0131\u011f\u0131 a\u00e7\u0131klamada, Avrupa&#8217;ya a\u015f\u0131laman\u0131n h\u0131zland\u0131r\u0131lmas\u0131 \u00e7a\u011fr\u0131s\u0131 yapm\u0131\u015ft\u0131.<\/p>","protected":false},"author":7,"featured_media":9593,"comment_status":"open","ping_status":"open","sticky":false,"template":"","format":"standard","meta":{"ngg_post_thumbnail":0,"footnotes":""},"categories":[13],"tags":[261,991,510,859,808],"class_list":["post-9745","post","type-post","status-publish","format-standard","has-post-thumbnail","hentry","category-saglik","tag-ab","tag-asi","tag-avrupa","tag-corona-virus","tag-covid-19"],"_links":{"self":[{"href":"https:\/\/by-tv.co.uk\/en\/wp-json\/wp\/v2\/posts\/9745","targetHints":{"allow":["GET"]}}],"collection":[{"href":"https:\/\/by-tv.co.uk\/en\/wp-json\/wp\/v2\/posts"}],"about":[{"href":"https:\/\/by-tv.co.uk\/en\/wp-json\/wp\/v2\/types\/post"}],"author":[{"embeddable":true,"href":"https:\/\/by-tv.co.uk\/en\/wp-json\/wp\/v2\/users\/7"}],"replies":[{"embeddable":true,"href":"https:\/\/by-tv.co.uk\/en\/wp-json\/wp\/v2\/comments?post=9745"}],"version-history":[{"count":0,"href":"https:\/\/by-tv.co.uk\/en\/wp-json\/wp\/v2\/posts\/9745\/revisions"}],"wp:featuredmedia":[{"embeddable":true,"href":"https:\/\/by-tv.co.uk\/en\/wp-json\/wp\/v2\/media\/9593"}],"wp:attachment":[{"href":"https:\/\/by-tv.co.uk\/en\/wp-json\/wp\/v2\/media?parent=9745"}],"wp:term":[{"taxonomy":"category","embeddable":true,"href":"https:\/\/by-tv.co.uk\/en\/wp-json\/wp\/v2\/categories?post=9745"},{"taxonomy":"post_tag","embeddable":true,"href":"https:\/\/by-tv.co.uk\/en\/wp-json\/wp\/v2\/tags?post=9745"}],"curies":[{"name":"wp","href":"https:\/\/api.w.org\/{rel}","templated":true}]}}