{"id":9629,"date":"2021-05-25T23:59:26","date_gmt":"2021-05-25T22:59:26","guid":{"rendered":"https:\/\/by-tv.co.uk\/?p=9629"},"modified":"2021-05-26T00:09:18","modified_gmt":"2021-05-25T23:09:18","slug":"ingilterenin-en-buyuk-acenta-tur-operatoru-tui-27-hazirana-kadar-turkiye-satislarini-iptal-etti","status":"publish","type":"post","link":"https:\/\/by-tv.co.uk\/en\/ingilterenin-en-buyuk-acenta-tur-operatoru-tui-27-hazirana-kadar-turkiye-satislarini-iptal-etti\/","title":{"rendered":"\u0130ngiltere\u2019nin en b\u00fcy\u00fck Acenta-Tur operat\u00f6r\u00fc TUI, 27 Haziran\u2019a kadar T\u00fcrkiye sat\u0131\u015flar\u0131n\u0131 iptal etti"},"content":{"rendered":"<p>\u0130ngiltere\u2019de faaliyet g\u00f6steren en b\u00fcy\u00fck Acenta-Tur operat\u00f6r\u00fc olan TUI, seyahat kurallar\u0131na ili\u015fkin s\u00fcregelen belirsizli\u011fi gerek\u00e7e g\u00f6stererek T\u00fcrkiye\u2019yle beraber \u0130ngiliz h\u00fck\u00fcmeti taraf\u0131ndan k\u0131rm\u0131z\u0131 ve turuncu listeye al\u0131nm\u0131\u015f 9 \u00fclke i\u00e7in tatil sat\u0131\u015flar\u0131n\u0131 Haziran ay\u0131 sonuna kadar iptal etti\u011fini a\u00e7\u0131klad\u0131.<\/p>\n<p>TUI\u2019nin sat\u0131\u015flar\u0131n\u0131 iptal etti\u011fi k\u0131rm\u0131z\u0131 listedeki \u00fclkeler T\u00fcrkiye ve Cape Verde, turuncu listedekiler ise Bulgaristan, Kosta Rika, Dominik Cumhuriyeti, M\u0131s\u0131r, Meksika, Fas ve Tunus.<\/p>\n<p>Yaln\u0131zca s\u0131n\u0131rlar\u0131n a\u00e7\u0131k oldu\u011fu ve \u0130ngiltere D\u0131\u015fi\u015fleri Bakanl\u0131\u011f\u0131\u2019n\u0131n normal seyahate izin verdi\u011fi \u00fclkelere tatil sunaca\u011f\u0131n\u0131 a\u00e7\u0131klayan&nbsp;TUI, iptallerden etkilenen t\u00fcm m\u00fc\u015fterilerle do\u011frudan ileti\u015fime ge\u00e7ilece\u011fini ve tam iade ya da alternatif bir tarih \/destinasyon\u2019a de\u011fi\u015fiklik i\u00e7in yolculara se\u00e7enek sunulaca\u011f\u0131n\u0131 s\u00f6yledi.<\/p><div id=\"briti-516210362\" class=\"briti-icerik\" style=\"margin-top: 5px;margin-bottom: 5px;\"><a href=\"https:\/\/piaryum.com\/services\/\" aria-label=\"piaryum banner\"><img loading=\"lazy\" decoding=\"async\" src=\"https:\/\/by-tv.co.uk\/wp-content\/uploads\/2025\/12\/Gemini_Generated_Image_g5yqr1g5yqr1g5yq.jpg\" alt=\"\"  width=\"2064\" height=\"1152\"   \/><\/a><\/div>\n<p>TUI m\u00fc\u015fterilerine y\u00f6nelik a\u00e7\u0131klamas\u0131nda \u015funlar\u0131 belirtti: \u201cG\u00fcncellenen H\u00fck\u00fcmet y\u00f6nergeleri nedeniyle gelecekteki tatilleri iptal etmemiz gerekirse, sizinle do\u011frudan ileti\u015fime ge\u00e7ece\u011fiz ve size en az yedi g\u00fcn \u00f6nceden bildirimde bulunmay\u0131 hedefleyece\u011fiz.\u201d ( Kronos34 )<\/p>\n<div id=\"briti-2929448215\" class=\"briti-icerikten-sonra_2\" style=\"margin-top: 25px;margin-bottom: 25px;\"><a href=\"https:\/\/wa.me\/message\/NDZLLIOQT4H3O1\" aria-label=\"bytv reklam banner\"><img loading=\"lazy\" decoding=\"async\" src=\"https:\/\/by-tv.co.uk\/wp-content\/uploads\/2025\/12\/bytv-reklam-banner.jpg\" alt=\"\"  width=\"2376\" height=\"1008\"   \/><\/a><\/div>","protected":false},"excerpt":{"rendered":"<p>\u0130ngiltere\u2019de faaliyet g\u00f6steren en b\u00fcy\u00fck Acenta-Tur operat\u00f6r\u00fc olan TUI, seyahat kurallar\u0131na ili\u015fkin s\u00fcregelen belirsizli\u011fi gerek\u00e7e g\u00f6stererek T\u00fcrkiye\u2019yle beraber \u0130ngiliz h\u00fck\u00fcmeti taraf\u0131ndan k\u0131rm\u0131z\u0131 ve turuncu listeye al\u0131nm\u0131\u015f 9 \u00fclke i\u00e7in tatil sat\u0131\u015flar\u0131n\u0131 Haziran ay\u0131 sonuna kadar iptal etti\u011fini a\u00e7\u0131klad\u0131. TUI\u2019nin sat\u0131\u015flar\u0131n\u0131 iptal etti\u011fi k\u0131rm\u0131z\u0131 listedeki \u00fclkeler T\u00fcrkiye ve Cape Verde, turuncu listedekiler ise Bulgaristan, Kosta Rika, Dominik Cumhuriyeti, M\u0131s\u0131r, Meksika, Fas ve Tunus. Yaln\u0131zca s\u0131n\u0131rlar\u0131n a\u00e7\u0131k oldu\u011fu ve \u0130ngiltere D\u0131\u015fi\u015fleri Bakanl\u0131\u011f\u0131\u2019n\u0131n normal seyahate izin verdi\u011fi \u00fclkelere tatil sunaca\u011f\u0131n\u0131 a\u00e7\u0131klayan&nbsp;TUI, iptallerden etkilenen t\u00fcm m\u00fc\u015fterilerle do\u011frudan ileti\u015fime ge\u00e7ilece\u011fini ve tam iade ya da alternatif bir tarih \/destinasyon\u2019a de\u011fi\u015fiklik i\u00e7in yolculara se\u00e7enek sunulaca\u011f\u0131n\u0131 s\u00f6yledi. [&hellip;]<\/p>\n","protected":false},"author":1,"featured_media":9630,"comment_status":"open","ping_status":"open","sticky":false,"template":"","format":"standard","meta":{"ngg_post_thumbnail":0,"footnotes":""},"categories":[15],"tags":[149,1635],"class_list":["post-9629","post","type-post","status-publish","format-standard","has-post-thumbnail","hentry","category-ingiltere","tag-ingiltere","tag-tui"],"_links":{"self":[{"href":"https:\/\/by-tv.co.uk\/en\/wp-json\/wp\/v2\/posts\/9629","targetHints":{"allow":["GET"]}}],"collection":[{"href":"https:\/\/by-tv.co.uk\/en\/wp-json\/wp\/v2\/posts"}],"about":[{"href":"https:\/\/by-tv.co.uk\/en\/wp-json\/wp\/v2\/types\/post"}],"author":[{"embeddable":true,"href":"https:\/\/by-tv.co.uk\/en\/wp-json\/wp\/v2\/users\/1"}],"replies":[{"embeddable":true,"href":"https:\/\/by-tv.co.uk\/en\/wp-json\/wp\/v2\/comments?post=9629"}],"version-history":[{"count":0,"href":"https:\/\/by-tv.co.uk\/en\/wp-json\/wp\/v2\/posts\/9629\/revisions"}],"wp:featuredmedia":[{"embeddable":true,"href":"https:\/\/by-tv.co.uk\/en\/wp-json\/wp\/v2\/media\/9630"}],"wp:attachment":[{"href":"https:\/\/by-tv.co.uk\/en\/wp-json\/wp\/v2\/media?parent=9629"}],"wp:term":[{"taxonomy":"category","embeddable":true,"href":"https:\/\/by-tv.co.uk\/en\/wp-json\/wp\/v2\/categories?post=9629"},{"taxonomy":"post_tag","embeddable":true,"href":"https:\/\/by-tv.co.uk\/en\/wp-json\/wp\/v2\/tags?post=9629"}],"curies":[{"name":"wp","href":"https:\/\/api.w.org\/{rel}","templated":true}]}}