{"id":9522,"date":"2021-05-23T18:06:53","date_gmt":"2021-05-23T17:06:53","guid":{"rendered":"https:\/\/by-tv.co.uk\/?p=9522"},"modified":"2021-05-24T01:12:35","modified_gmt":"2021-05-24T00:12:35","slug":"cocuklarin-uzun-sureli-ekran-kullanimi-ve-sahte-otizm","status":"publish","type":"post","link":"https:\/\/by-tv.co.uk\/en\/cocuklarin-uzun-sureli-ekran-kullanimi-ve-sahte-otizm\/","title":{"rendered":"\u00c7ocuklar\u0131n Uzun S\u00fcreli Ekran Kullan\u0131m\u0131 ve Sahte Otizm"},"content":{"rendered":"<p><strong>Uzman psikolog ve dan\u0131\u015fman \u00d6zlem Mumcuo\u011flu<\/strong> pandemi d\u00f6neminde \u00e7ocuklar\u0131n gere\u011finden fazla dijital ekranlara maruz kald\u0131\u011f\u0131n\u0131 belirterek, bu gidi\u015fat\u0131n nereye gidece\u011fini bilinmedi\u011fini s\u00f6yledi.<\/p>\n<div class=\"mnmd-responsive-video\"><iframe loading=\"lazy\" title=\"\u00c7ocuklar\u0131n Uzun S\u00fcreli Ekran Kullan\u0131m\u0131 ve Sahte Otizm  |  \u00d6zlem Mumcuo\u011flu\" width=\"1200\" height=\"675\" src=\"https:\/\/www.youtube.com\/embed\/aPyfwJD2Bss?feature=oembed\" frameborder=\"0\" allow=\"accelerometer; autoplay; clipboard-write; encrypted-media; gyroscope; picture-in-picture\" allowfullscreen><\/iframe><\/div>\n<p>Ayn\u0131 zamanda \u00e7ift ve aile terapisti \/ oyun terapisti de olan Mumcuo\u011flu, &#8220;Uzun s\u00fcre ekranlara maruz kalan \u00e7ocuklar\u0131n oyun kuramad\u0131\u011f\u0131n\u0131, ileti\u015fimde zorland\u0131klar\u0131n\u0131, donuk bakt\u0131\u011f\u0131n\u0131 ve bir s\u00fcre sonra <strong>&#8220;sahte otizm&#8221;<\/strong> belirtilerini g\u00f6sterdi\u011fini dile getirdi. &#8220;dedi.<\/p>\n<blockquote class=\"instagram-media\" style=\"background: #FFF; border: 0; border-radius: 3px; box-shadow: 0 0 1px 0 rgba(0,0,0,0.5),0 1px 10px 0 rgba(0,0,0,0.15); margin: 1px; max-width: 540px; min-width: 326px; padding: 0; width: calc(100% - 2px);\" data-instgrm-permalink=\"https:\/\/www.instagram.com\/tv\/CPOR03-K9Hy\/?utm_source=ig_embed&amp;utm_campaign=loading\" data-instgrm-version=\"13\">\n<div style=\"padding: 16px;\">\n<p>&nbsp;<\/p>\n<div style=\"display: flex; flex-direction: row; align-items: center;\">\n<div style=\"background-color: #f4f4f4; border-radius: 50%; flex-grow: 0; height: 40px; margin-right: 14px; width: 40px;\">&nbsp;<\/div>\n<div style=\"display: flex; flex-direction: column; flex-grow: 1; justify-content: center;\">\n<div style=\"background-color: #f4f4f4; border-radius: 4px; flex-grow: 0; height: 14px; margin-bottom: 6px; width: 100px;\">&nbsp;<\/div>\n<div style=\"background-color: #f4f4f4; border-radius: 4px; flex-grow: 0; height: 14px; width: 60px;\">&nbsp;<\/div>\n<\/div>\n<\/div>\n<div style=\"padding: 19% 0;\">&nbsp;<\/div>\n<div style=\"display: block; height: 50px; margin: 0 auto 12px; width: 50px;\">&nbsp;<\/div>\n<div style=\"padding-top: 8px;\">\n<div style=\"color: #3897f0; font-family: Arial,sans-serif; font-size: 14px; font-style: normal; font-weight: 550; line-height: 18px;\">Bu g\u00f6nderiyi Instagram&#8217;da g\u00f6r<\/div>\n<\/div>\n<div style=\"padding: 12.5% 0;\">&nbsp;<\/div>\n<div style=\"display: flex; flex-direction: row; margin-bottom: 14px; align-items: center;\">\n<div>\n<div style=\"background-color: #f4f4f4; border-radius: 50%; height: 12.5px; width: 12.5px; transform: translateX(0px) translateY(7px);\">&nbsp;<\/div>\n<div style=\"background-color: #f4f4f4; height: 12.5px; transform: rotate(-45deg) translateX(3px) translateY(1px); width: 12.5px; flex-grow: 0; margin-right: 14px; margin-left: 2px;\">&nbsp;<\/div>\n<div style=\"background-color: #f4f4f4; border-radius: 50%; height: 12.5px; width: 12.5px; transform: translateX(9px) translateY(-18px);\">&nbsp;<\/div>\n<\/div>\n<div style=\"margin-left: 8px;\">\n<div style=\"background-color: #f4f4f4; border-radius: 50%; flex-grow: 0; height: 20px; width: 20px;\">&nbsp;<\/div>\n<div style=\"width: 0; height: 0; border-top: 2px solid transparent; border-left: 6px solid #f4f4f4; border-bottom: 2px solid transparent; transform: translateX(16px) translateY(-4px) rotate(30deg);\">&nbsp;<\/div>\n<\/div>\n<div style=\"margin-left: auto;\">\n<div style=\"width: 0px; border-top: 8px solid #F4F4F4; border-right: 8px solid transparent; transform: translateY(16px);\">&nbsp;<\/div>\n<div style=\"background-color: #f4f4f4; flex-grow: 0; height: 12px; width: 16px; transform: translateY(-4px);\">&nbsp;<\/div>\n<div style=\"width: 0; height: 0; border-top: 8px solid #F4F4F4; border-left: 8px solid transparent; transform: translateY(-4px) translateX(8px);\">&nbsp;<\/div>\n<\/div>\n<\/div>\n<div style=\"display: flex; flex-direction: column; flex-grow: 1; justify-content: center; margin-bottom: 24px;\">\n<div style=\"background-color: #f4f4f4; border-radius: 4px; flex-grow: 0; height: 14px; margin-bottom: 6px; width: 224px;\">&nbsp;<\/div>\n<div style=\"background-color: #f4f4f4; border-radius: 4px; flex-grow: 0; height: 14px; width: 144px;\">&nbsp;<\/div>\n<\/div>\n<p>&nbsp;<\/p>\n<p style=\"color: #c9c8cd; font-family: Arial,sans-serif; font-size: 14px; line-height: 17px; margin-bottom: 0; margin-top: 8px; overflow: hidden; padding: 8px 0 7px; text-align: center; text-overflow: ellipsis; white-space: nowrap;\"><a style=\"color: #c9c8cd; font-family: Arial,sans-serif; font-size: 14px; font-style: normal; font-weight: normal; line-height: 17px; text-decoration: none;\" href=\"https:\/\/www.instagram.com\/tv\/CPOR03-K9Hy\/?utm_source=ig_embed&amp;utm_campaign=loading\" target=\"_blank\" rel=\"noopener\">Brit \u0130\u015f-Ya\u015fam TV (@britisyasamtv)&#8217;in payla\u015ft\u0131\u011f\u0131 bir g\u00f6nderi<\/a><\/p>\n<\/div>\n<\/blockquote>\n<p><script async=\"\" src=\"\/\/www.instagram.com\/embed.js\"><\/script><br \/>\nPandeminin ba\u015f\u0131nda anneanne ve dedelerle uzaktan g\u00f6r\u00fc\u015fen \u00e7ocuklar; kendilerini terk edilmi\u015f olarak hissettiklerini aktaran Uzm. Psk. Dan. \u00d6zlem Mumcuo\u011flu, online e\u011fitim sayesinde \u00e7ocu\u011funun s\u0131n\u0131f i\u00e7indeki durumunu bilmeyen anne babalar buna tan\u0131kl\u0131k etti.<\/p><div id=\"briti-3427844860\" class=\"briti-icerik\" style=\"margin-top: 5px;margin-bottom: 5px;\"><a href=\"https:\/\/piaryum.com\/services\/\" aria-label=\"piaryum banner\"><img loading=\"lazy\" decoding=\"async\" src=\"https:\/\/by-tv.co.uk\/wp-content\/uploads\/2025\/12\/Gemini_Generated_Image_g5yqr1g5yqr1g5yq.jpg\" alt=\"\"  width=\"2064\" height=\"1152\"   \/><\/a><\/div>\n<p>&nbsp;<\/p>\n<p>&nbsp;<\/p>\n<div id=\"briti-1334597593\" class=\"briti-icerikten-sonra_2\" style=\"margin-top: 25px;margin-bottom: 25px;\"><a href=\"https:\/\/wa.me\/message\/NDZLLIOQT4H3O1\" aria-label=\"bytv reklam banner\"><img loading=\"lazy\" decoding=\"async\" src=\"https:\/\/by-tv.co.uk\/wp-content\/uploads\/2025\/12\/bytv-reklam-banner.jpg\" alt=\"\"  width=\"2376\" height=\"1008\"   \/><\/a><\/div>","protected":false},"excerpt":{"rendered":"<p>Uzman psikolog ve dan\u0131\u015fman \u00d6zlem Mumcuo\u011flu pandemi d\u00f6neminde \u00e7ocuklar\u0131n gere\u011finden fazla dijital ekranlara maruz kald\u0131\u011f\u0131n\u0131 belirterek, bu gidi\u015fat\u0131n nereye gidece\u011fini bilinmedi\u011fini s\u00f6yledi. Ayn\u0131 zamanda \u00e7ift ve aile terapisti \/ oyun terapisti de olan Mumcuo\u011flu, &#8220;Uzun s\u00fcre ekranlara maruz kalan \u00e7ocuklar\u0131n oyun kuramad\u0131\u011f\u0131n\u0131, ileti\u015fimde zorland\u0131klar\u0131n\u0131, donuk bakt\u0131\u011f\u0131n\u0131 ve bir s\u00fcre sonra &#8220;sahte otizm&#8221; belirtilerini g\u00f6sterdi\u011fini dile getirdi. &#8220;dedi. &nbsp; &nbsp; &nbsp; &nbsp; &nbsp; &nbsp; Bu g\u00f6nderiyi Instagram&#8217;da g\u00f6r &nbsp; &nbsp; &nbsp; &nbsp; &nbsp; &nbsp; &nbsp; &nbsp; &nbsp; &nbsp; &nbsp; &nbsp; Brit \u0130\u015f-Ya\u015fam TV (@britisyasamtv)&#8217;in payla\u015ft\u0131\u011f\u0131 bir g\u00f6nderi Pandeminin ba\u015f\u0131nda anneanne ve dedelerle uzaktan g\u00f6r\u00fc\u015fen \u00e7ocuklar; kendilerini terk edilmi\u015f olarak hissettiklerini aktaran [&hellip;]<\/p>\n","protected":false},"author":1,"featured_media":0,"comment_status":"open","ping_status":"open","sticky":false,"template":"","format":"video","meta":{"ngg_post_thumbnail":0,"footnotes":""},"categories":[13],"tags":[3020,3018,3021,3022,3019],"class_list":["post-9522","post","type-post","status-publish","format-video","hentry","category-saglik","tag-dijitallesme-ve-cocuk","tag-ozlem-mumcuoglu","tag-pandemi-ve-ekranlar","tag-sahte-otizm","tag-teknoloji-ve-cocuk","post_format-post-format-video"],"_links":{"self":[{"href":"https:\/\/by-tv.co.uk\/en\/wp-json\/wp\/v2\/posts\/9522","targetHints":{"allow":["GET"]}}],"collection":[{"href":"https:\/\/by-tv.co.uk\/en\/wp-json\/wp\/v2\/posts"}],"about":[{"href":"https:\/\/by-tv.co.uk\/en\/wp-json\/wp\/v2\/types\/post"}],"author":[{"embeddable":true,"href":"https:\/\/by-tv.co.uk\/en\/wp-json\/wp\/v2\/users\/1"}],"replies":[{"embeddable":true,"href":"https:\/\/by-tv.co.uk\/en\/wp-json\/wp\/v2\/comments?post=9522"}],"version-history":[{"count":0,"href":"https:\/\/by-tv.co.uk\/en\/wp-json\/wp\/v2\/posts\/9522\/revisions"}],"wp:attachment":[{"href":"https:\/\/by-tv.co.uk\/en\/wp-json\/wp\/v2\/media?parent=9522"}],"wp:term":[{"taxonomy":"category","embeddable":true,"href":"https:\/\/by-tv.co.uk\/en\/wp-json\/wp\/v2\/categories?post=9522"},{"taxonomy":"post_tag","embeddable":true,"href":"https:\/\/by-tv.co.uk\/en\/wp-json\/wp\/v2\/tags?post=9522"}],"curies":[{"name":"wp","href":"https:\/\/api.w.org\/{rel}","templated":true}]}}