{"id":9517,"date":"2021-05-23T17:03:48","date_gmt":"2021-05-23T16:03:48","guid":{"rendered":"https:\/\/by-tv.co.uk\/?p=9517"},"modified":"2021-05-23T17:08:47","modified_gmt":"2021-05-23T16:08:47","slug":"italyada-teleferik-yere-cakildi-12-olu","status":"publish","type":"post","link":"https:\/\/by-tv.co.uk\/en\/italyada-teleferik-yere-cakildi-12-olu\/","title":{"rendered":"\u0130talya\u2019da teleferik yere \u00e7ak\u0131ld\u0131: 13 \u00f6l\u00fc"},"content":{"rendered":"<p><strong>\u0130talya<\/strong>&#8216;n\u0131n<strong> \u0130svi\u00e7re<\/strong> s\u0131n\u0131r\u0131ndaki Verbano-Custo-Ossola kentinde bulunan Maggiore G\u00f6l\u00fc yak\u0131nlar\u0131nda <strong>teleferik<\/strong> kazas\u0131 meydana geldi.<\/p>\n<p>G\u00f6zde tatil beldesi <strong>Stresa<\/strong> ile bin 500 metre y\u00fcksekli\u011findeki <strong>Mottarone Da\u011f\u0131<\/strong> aras\u0131nda \u00e7al\u0131\u015fan teleferik, zirveye 300 metre kala yere \u00e7ak\u0131ld\u0131.<\/p>\n<p>Haber verilmesi \u00fczerine olay yerine ilk yard\u0131m ekipleri sevk edildi.<\/p><div id=\"briti-3252256924\" class=\"briti-icerik\" style=\"margin-top: 5px;margin-bottom: 5px;\"><a href=\"https:\/\/piaryum.com\/services\/\" aria-label=\"piaryum banner\"><img loading=\"lazy\" decoding=\"async\" src=\"https:\/\/by-tv.co.uk\/wp-content\/uploads\/2025\/12\/Gemini_Generated_Image_g5yqr1g5yqr1g5yq.jpg\" alt=\"\"  width=\"2064\" height=\"1152\"   \/><\/a><\/div>\n<p>Kazada 13 ki\u015fi hayat\u0131n\u0131 kaybederken, 2 \u00e7ocuk ise a\u011f\u0131r yaraland\u0131.<\/p>\n<p>Teleferi\u011fin kablo kopmas\u0131 sonucu d\u00fc\u015ft\u00fc\u011f\u00fc tahmin ediliyor.<\/p>\n<div id=\"briti-3066775775\" class=\"briti-icerikten-sonra_2\" style=\"margin-top: 25px;margin-bottom: 25px;\"><a href=\"https:\/\/wa.me\/message\/NDZLLIOQT4H3O1\" aria-label=\"bytv reklam banner\"><img loading=\"lazy\" decoding=\"async\" src=\"https:\/\/by-tv.co.uk\/wp-content\/uploads\/2025\/12\/bytv-reklam-banner.jpg\" alt=\"\"  width=\"2376\" height=\"1008\"   \/><\/a><\/div>","protected":false},"excerpt":{"rendered":"<p>\u0130talya&#8216;n\u0131n \u0130svi\u00e7re s\u0131n\u0131r\u0131ndaki Verbano-Custo-Ossola kentinde bulunan Maggiore G\u00f6l\u00fc yak\u0131nlar\u0131nda teleferik kazas\u0131 meydana geldi. G\u00f6zde tatil beldesi Stresa ile bin 500 metre y\u00fcksekli\u011findeki Mottarone Da\u011f\u0131 aras\u0131nda \u00e7al\u0131\u015fan teleferik, zirveye 300 metre kala yere \u00e7ak\u0131ld\u0131. Haber verilmesi \u00fczerine olay yerine ilk yard\u0131m ekipleri sevk edildi. Kazada 13 ki\u015fi hayat\u0131n\u0131 kaybederken, 2 \u00e7ocuk ise a\u011f\u0131r yaraland\u0131. Teleferi\u011fin kablo kopmas\u0131 sonucu d\u00fc\u015ft\u00fc\u011f\u00fc tahmin ediliyor.<\/p>","protected":false},"author":7,"featured_media":0,"comment_status":"open","ping_status":"open","sticky":false,"template":"","format":"standard","meta":{"ngg_post_thumbnail":0,"footnotes":""},"categories":[11],"tags":[1296,3015,3016,3014],"class_list":["post-9517","post","type-post","status-publish","format-standard","hentry","category-dunya","tag-italya","tag-kaza","tag-olu","tag-teleferik"],"_links":{"self":[{"href":"https:\/\/by-tv.co.uk\/en\/wp-json\/wp\/v2\/posts\/9517","targetHints":{"allow":["GET"]}}],"collection":[{"href":"https:\/\/by-tv.co.uk\/en\/wp-json\/wp\/v2\/posts"}],"about":[{"href":"https:\/\/by-tv.co.uk\/en\/wp-json\/wp\/v2\/types\/post"}],"author":[{"embeddable":true,"href":"https:\/\/by-tv.co.uk\/en\/wp-json\/wp\/v2\/users\/7"}],"replies":[{"embeddable":true,"href":"https:\/\/by-tv.co.uk\/en\/wp-json\/wp\/v2\/comments?post=9517"}],"version-history":[{"count":0,"href":"https:\/\/by-tv.co.uk\/en\/wp-json\/wp\/v2\/posts\/9517\/revisions"}],"wp:attachment":[{"href":"https:\/\/by-tv.co.uk\/en\/wp-json\/wp\/v2\/media?parent=9517"}],"wp:term":[{"taxonomy":"category","embeddable":true,"href":"https:\/\/by-tv.co.uk\/en\/wp-json\/wp\/v2\/categories?post=9517"},{"taxonomy":"post_tag","embeddable":true,"href":"https:\/\/by-tv.co.uk\/en\/wp-json\/wp\/v2\/tags?post=9517"}],"curies":[{"name":"wp","href":"https:\/\/api.w.org\/{rel}","templated":true}]}}