{"id":9477,"date":"2021-05-23T09:07:11","date_gmt":"2021-05-23T08:07:11","guid":{"rendered":"https:\/\/by-tv.co.uk\/?p=9477"},"modified":"2021-05-23T13:18:01","modified_gmt":"2021-05-23T12:18:01","slug":"eurovisionu-italya-kazandi","status":"publish","type":"post","link":"https:\/\/by-tv.co.uk\/en\/eurovisionu-italya-kazandi\/","title":{"rendered":"Eurovision\u2019da \u0130talya birinci, \u0130ngiltere sonuncu oldu"},"content":{"rendered":"<p>65\u2019inci <strong>Eurovision \u015eark\u0131 Yar\u0131\u015fmas\u0131, <\/strong>bu y\u0131l <strong>Hollanda<\/strong>\u2019n\u0131n <strong>Rotterdam<\/strong> kentinde d\u00fczenlendi.<\/p>\n<p>Ahoy salonunda ger\u00e7ekle\u015ftirilen &#8220;Kucaklama&#8221; temal\u0131 Eurovision \u015eark\u0131 Yar\u0131\u015fmas\u0131&#8217;n\u0131n finalinde 26 \u00fclkenin temsilcileri m\u00fccadele etti.<\/p>\n<p><strong>Covid-19<\/strong> nedeniyle 2020&#8217;de yap\u0131lamayan ve bu y\u0131la ertelenen yar\u0131\u015fmaya, k\u0131s\u0131tlamalar\u0131ndan dolay\u0131 24 saat i\u00e7inde al\u0131nm\u0131\u015f negatif test sertifikas\u0131 olan 3 bin 500 seyirci kat\u0131ld\u0131. Bu say\u0131 yar\u0131\u015fman\u0131n yap\u0131ld\u0131\u011f\u0131 salonun y\u00fczde yirmisini kaps\u0131yor.<\/p><div id=\"briti-62375215\" class=\"briti-icerik\" style=\"margin-top: 5px;margin-bottom: 5px;\"><a href=\"https:\/\/piaryum.com\/services\/\" aria-label=\"piaryum banner\"><img loading=\"lazy\" decoding=\"async\" src=\"https:\/\/by-tv.co.uk\/wp-content\/uploads\/2025\/12\/Gemini_Generated_Image_g5yqr1g5yqr1g5yq.jpg\" alt=\"\"  width=\"2064\" height=\"1152\"   \/><\/a><\/div>\n<p>Yar\u0131\u015fman\u0131n finalinde<strong> \u0130talya<\/strong>&#8216;y\u0131 temsil eden rock grubu <strong>Maneskin<\/strong>&#8216;in, &#8220;<strong>Zitti E Buoni<\/strong>&#8221; adl\u0131 \u015fark\u0131s\u0131 524 puanla birinci se\u00e7ildi.<br \/>\n<iframe loading=\"lazy\" title=\"YouTube video player\" src=\"https:\/\/www.youtube.com\/embed\/RVH5dn1cxAQ\" width=\"1280\" height=\"720\" frameborder=\"0\" allowfullscreen=\"allowfullscreen\"><\/iframe><br \/>\nYar\u0131\u015fmada<strong> Fransa<\/strong>&#8216;n\u0131n temsilcisi Barbara Pravi&#8217;nin seslendirdi\u011fi &#8220;Voila&#8221; adl\u0131 \u015fark\u0131 499 puanla ikincili\u011fi,<strong> \u0130svi\u00e7re<\/strong> temsilcisi Gjon&#8217;s Tears&#8217;in &#8220;Tout l&#8217;Univers&#8221; adl\u0131 \u015fark\u0131s\u0131 da 432 puanla \u00fc\u00e7\u00fcnc\u00fcl\u00fc\u011f\u00fc elde etti.<\/p>\n<p>26 \u00fclkenin kat\u0131ld\u0131\u011f\u0131 yar\u0131\u015fmada s\u0131f\u0131r puan alan <strong>\u0130ngiltere<\/strong>, sonuncu oldu.<\/p>\n<p>T\u00fcrkiye&#8217;nin kat\u0131lmad\u0131\u011f\u0131 yar\u0131\u015fmada Azerbaycan&#8217;\u0131 &#8220;Mata Hari&#8221; adl\u0131 eserle temsil eden Efendi de 65 puanla 20&#8217;nci oldu.<\/p>\n<p>Eurovision \u015eakk\u0131 Yar\u0131\u015fmas\u0131, 45 \u00fclkede canl\u0131 olarak izlendi.<\/p>\n<div id=\"briti-1088192730\" class=\"briti-icerikten-sonra_2\" style=\"margin-top: 25px;margin-bottom: 25px;\"><a href=\"https:\/\/wa.me\/message\/NDZLLIOQT4H3O1\" aria-label=\"bytv reklam banner\"><img loading=\"lazy\" decoding=\"async\" src=\"https:\/\/by-tv.co.uk\/wp-content\/uploads\/2025\/12\/bytv-reklam-banner.jpg\" alt=\"\"  width=\"2376\" height=\"1008\"   \/><\/a><\/div>","protected":false},"excerpt":{"rendered":"<p>65\u2019inci Eurovision \u015eark\u0131 Yar\u0131\u015fmas\u0131, bu y\u0131l Hollanda\u2019n\u0131n Rotterdam kentinde d\u00fczenlendi. Ahoy salonunda ger\u00e7ekle\u015ftirilen &#8220;Kucaklama&#8221; temal\u0131 Eurovision \u015eark\u0131 Yar\u0131\u015fmas\u0131&#8217;n\u0131n finalinde 26 \u00fclkenin temsilcileri m\u00fccadele etti. Covid-19 nedeniyle 2020&#8217;de yap\u0131lamayan ve bu y\u0131la ertelenen yar\u0131\u015fmaya, k\u0131s\u0131tlamalar\u0131ndan dolay\u0131 24 saat i\u00e7inde al\u0131nm\u0131\u015f negatif test sertifikas\u0131 olan 3 bin 500 seyirci kat\u0131ld\u0131. Bu say\u0131 yar\u0131\u015fman\u0131n yap\u0131ld\u0131\u011f\u0131 salonun y\u00fczde yirmisini kaps\u0131yor. Yar\u0131\u015fman\u0131n finalinde \u0130talya&#8216;y\u0131 temsil eden rock grubu Maneskin&#8216;in, &#8220;Zitti E Buoni&#8221; adl\u0131 \u015fark\u0131s\u0131 524 puanla birinci se\u00e7ildi. Yar\u0131\u015fmada Fransa&#8216;n\u0131n temsilcisi Barbara Pravi&#8217;nin seslendirdi\u011fi &#8220;Voila&#8221; adl\u0131 \u015fark\u0131 499 puanla ikincili\u011fi, \u0130svi\u00e7re temsilcisi Gjon&#8217;s Tears&#8217;in &#8220;Tout l&#8217;Univers&#8221; adl\u0131 \u015fark\u0131s\u0131 da 432 puanla \u00fc\u00e7\u00fcnc\u00fcl\u00fc\u011f\u00fc elde etti. 26 [&hellip;]<\/p>\n","protected":false},"author":7,"featured_media":9478,"comment_status":"open","ping_status":"open","sticky":false,"template":"","format":"standard","meta":{"ngg_post_thumbnail":0,"footnotes":""},"categories":[1],"tags":[808,2988,149,1296,2909],"class_list":["post-9477","post","type-post","status-publish","format-standard","has-post-thumbnail","hentry","category-genel","tag-covid-19","tag-eurovision","tag-ingiltere","tag-italya","tag-muzik"],"_links":{"self":[{"href":"https:\/\/by-tv.co.uk\/en\/wp-json\/wp\/v2\/posts\/9477","targetHints":{"allow":["GET"]}}],"collection":[{"href":"https:\/\/by-tv.co.uk\/en\/wp-json\/wp\/v2\/posts"}],"about":[{"href":"https:\/\/by-tv.co.uk\/en\/wp-json\/wp\/v2\/types\/post"}],"author":[{"embeddable":true,"href":"https:\/\/by-tv.co.uk\/en\/wp-json\/wp\/v2\/users\/7"}],"replies":[{"embeddable":true,"href":"https:\/\/by-tv.co.uk\/en\/wp-json\/wp\/v2\/comments?post=9477"}],"version-history":[{"count":0,"href":"https:\/\/by-tv.co.uk\/en\/wp-json\/wp\/v2\/posts\/9477\/revisions"}],"wp:featuredmedia":[{"embeddable":true,"href":"https:\/\/by-tv.co.uk\/en\/wp-json\/wp\/v2\/media\/9478"}],"wp:attachment":[{"href":"https:\/\/by-tv.co.uk\/en\/wp-json\/wp\/v2\/media?parent=9477"}],"wp:term":[{"taxonomy":"category","embeddable":true,"href":"https:\/\/by-tv.co.uk\/en\/wp-json\/wp\/v2\/categories?post=9477"},{"taxonomy":"post_tag","embeddable":true,"href":"https:\/\/by-tv.co.uk\/en\/wp-json\/wp\/v2\/tags?post=9477"}],"curies":[{"name":"wp","href":"https:\/\/api.w.org\/{rel}","templated":true}]}}