{"id":9422,"date":"2021-05-21T22:55:53","date_gmt":"2021-05-21T21:55:53","guid":{"rendered":"https:\/\/by-tv.co.uk\/?p=9422"},"modified":"2024-09-09T02:08:47","modified_gmt":"2024-09-09T01:08:47","slug":"ingilterede-genclerin-40i-kraliyete-karsi","status":"publish","type":"post","link":"https:\/\/by-tv.co.uk\/en\/ingilterede-genclerin-40i-kraliyete-karsi\/","title":{"rendered":"\u0130ngiltere&#8217;de gen\u00e7lerin % 40&#8217;\u0131 kraliyete kar\u015f\u0131"},"content":{"rendered":"<p>\u0130ngiltere&#8217;de yap\u0131lan bir ankete g\u00f6re, gen\u00e7ler art\u0131k monar\u015finin korunmas\u0131ndan yana de\u011fil. YouGov \u015firketi taraf\u0131ndan yap\u0131lan ankette, gen\u00e7lerin y\u00fczde 40&#8217;tan fazlas\u0131 se\u00e7ilmi\u015f bir devlet ba\u015fkan\u0131n\u0131n kendilerini y\u00f6netmesini istiyor.<\/p>\n<p>Buckingham Saray\u0131 i\u00e7in endi\u015feye yol a\u00e7mas\u0131 muhtemel sonu\u00e7lar, Harry ve Meghan&#8217;\u0131n Mart ay\u0131ndaki&nbsp;<a href=\"https:\/\/edition.cnn.com\/2021\/03\/08\/uk\/meghan-harry-oprah-interview-recap-scli-gbr-intl\/index.html\" target=\"_blank\" rel=\"noopener\">tart\u0131\u015fmal\u0131 Oprah g\u00f6r\u00fc\u015fmesi<\/a>&nbsp;ve Prens Philip&#8217;in Nisan ay\u0131nda vefat etmesiyle 2021&#8217;e \u00e7alkant\u0131l\u0131 bir ba\u015flang\u0131\u00e7 yapt\u0131ktan sonra geliyor.<\/p>\n<p>Ge\u00e7ti\u011fimiz aylarda ABD&#8217;deki bir televizyon kanal\u0131na konu\u015fan \u0130ngiltere Krali\u00e7esi II. Elizabeth&#8217;in torunu Prens Harry ve e\u015fi Meghan Markle&#8217;\u0131n kraliyeti \u0131rk\u00e7\u0131l\u0131k ile su\u00e7lamas\u0131n\u0131n ard\u0131ndan &#8220;monar\u015fi kald\u0131r\u0131ls\u0131n&#8221; sesleri yeniden y\u00fckselmeye ba\u015flad\u0131.<\/p><div id=\"briti-3367652480\" class=\"briti-icerik\" style=\"margin-top: 5px;margin-bottom: 5px;\"><a href=\"https:\/\/piaryum.com\/services\/\" aria-label=\"piaryum banner\"><img loading=\"lazy\" decoding=\"async\" src=\"https:\/\/by-tv.co.uk\/wp-content\/uploads\/2025\/12\/Gemini_Generated_Image_g5yqr1g5yqr1g5yq.jpg\" alt=\"\"  width=\"2064\" height=\"1152\"   \/><\/a><\/div>\n<p>Sosyal medyada a\u00e7\u0131lan &#8220;AbolishTheMonarchy&#8221; (Monar\u015fiyi kald\u0131r\u0131n) etiketiyle on d\u00f6nemde bu y\u00f6nde \u00e7a\u011fr\u0131lar artarken, iktidardaki Muhafazakar Parti \u00fcyesi A\u015f\u0131 Bakan\u0131 Nadhim Zahavi&#8217;nin kurucusu oldu\u011fu YouGov&#8217;da yer alan cuma g\u00fcn\u00fc yap\u0131lan anket gen\u00e7lerin giderek monar\u015fiden daha da uzakla\u015ft\u0131\u011f\u0131n\u0131 g\u00f6zler \u00f6n\u00fcne serdi.<\/p>\n<p><img loading=\"lazy\" decoding=\"async\" class=\"alignleft size-full wp-image-9424\" src=\"https:\/\/by-tv.co.uk\/wp-content\/uploads\/2021\/05\/Monarchy-final-01.png\" alt=\"\" width=\"1280\" height=\"834\" title=\"\"><\/p>\n<h4>Gen\u00e7lerin y\u00fczde 41&#8217;i monar\u015finin sona ermesinden yana<\/h4>\n<p>Euronews&#8217;in haberine g\u00f6re YouGov&#8217;un anketinde, 18 ila 24 ya\u015f\u0131ndaki ki\u015filerin y\u00fczde 41&#8217;i, kral veya krali\u00e7e isteyenlerin y\u00fczde 31&#8217;ine k\u0131yasla art\u0131k se\u00e7ilmi\u015f bir devlet ba\u015fkan\u0131 olmas\u0131 gerekti\u011fini d\u00fc\u015f\u00fcn\u00fcyor. Oysa iki y\u0131l \u00f6nce yap\u0131lan anketlerde sonu\u00e7lar, kat\u0131l\u0131mc\u0131lar\u0131n y\u00fczde 46&#8217;s\u0131n\u0131n monar\u015finin korunmas\u0131ndan yana oldu\u011fu y\u00f6n\u00fcndeydi.<\/p>\n<p>Gen\u00e7 Britanyal\u0131lar iki y\u0131l \u00f6nce oldu\u011fu gibi monar\u015fiden yanayd\u0131lar. 2019&#8217;daki anketlerdede &#8211; Prens Andrew&#8217;un felaket Newsnight g\u00f6r\u00fcn\u00fcm\u00fcn\u00fcn&nbsp;y\u0131l\u0131 &#8211; 18-24 ya\u015f\u0131ndakilerin yar\u0131s\u0131na yakla\u015f\u0131yor (%46) monar\u015fiden yanayd\u0131. Sadece d\u00f6rtte biri (%26) se\u00e7ilmi\u015f bir devlet ba\u015fkan\u0131 tercih etti.<\/p>\n<h4>65 ya\u015f\u0131n \u00fczerindekilerin y\u00fczde 81&#8217;i monar\u015fiyi destekliyor<\/h4>\n<p>\u0130ngiltere&#8217;de n\u00fcfus geneline bak\u0131ld\u0131\u011f\u0131nda ise halk\u0131n b\u00fcy\u00fck bir \u00e7o\u011funlu\u011fu halen monar\u015finin korunmas\u0131ndan yana.<\/p>\n<p>Anket sonucuna g\u00f6re y\u00fczde 61&#8217;lik bir kesim 95 ya\u015f\u0131ndaki Krali\u00e7e II. Elizabeth ve kraliyet ailesini destekliyor. 4 bin 870 yeti\u015fkinin kat\u0131ld\u0131\u011f\u0131 ankette ayr\u0131ca 25-49 ya\u015flar\u0131 aras\u0131ndaki ki\u015filerin y\u00fczde 53&#8217;\u00fcn\u00fcn monar\u015finin korunmas\u0131n\u0131 istedi\u011fi, ancak bu rakam\u0131n 2019&#8217;daki benzer bir ankete g\u00f6re be\u015f puan d\u00fc\u015f\u00fc\u015fte oldu\u011fu g\u00f6r\u00fcld\u00fc.<\/p>\n<p>Yine ankete g\u00f6re, 2019&#8217;daki sonu\u00e7larla ayn\u0131 olarak 65 ya\u015f \u00fcst\u00fc ki\u015filerin y\u00fczde 81&#8217;i monar\u015fiyi destekliyor.<\/p>\n<div id=\"briti-1033688236\" class=\"briti-icerikten-sonra_2\" style=\"margin-top: 25px;margin-bottom: 25px;\"><a href=\"https:\/\/wa.me\/message\/NDZLLIOQT4H3O1\" aria-label=\"bytv reklam banner\"><img loading=\"lazy\" decoding=\"async\" src=\"https:\/\/by-tv.co.uk\/wp-content\/uploads\/2025\/12\/bytv-reklam-banner.jpg\" alt=\"\"  width=\"2376\" height=\"1008\"   \/><\/a><\/div>","protected":false},"excerpt":{"rendered":"<p>\u0130ngiltere&#8217;de yap\u0131lan bir ankete g\u00f6re, gen\u00e7ler art\u0131k monar\u015finin korunmas\u0131ndan yana de\u011fil. YouGov \u015firketi taraf\u0131ndan yap\u0131lan ankette, gen\u00e7lerin y\u00fczde 40&#8217;tan fazlas\u0131 se\u00e7ilmi\u015f bir devlet ba\u015fkan\u0131n\u0131n kendilerini y\u00f6netmesini istiyor. Buckingham Saray\u0131 i\u00e7in endi\u015feye yol a\u00e7mas\u0131 muhtemel sonu\u00e7lar, Harry ve Meghan&#8217;\u0131n Mart ay\u0131ndaki&nbsp;tart\u0131\u015fmal\u0131 Oprah g\u00f6r\u00fc\u015fmesi&nbsp;ve Prens Philip&#8217;in Nisan ay\u0131nda vefat etmesiyle 2021&#8217;e \u00e7alkant\u0131l\u0131 bir ba\u015flang\u0131\u00e7 yapt\u0131ktan sonra geliyor. Ge\u00e7ti\u011fimiz aylarda ABD&#8217;deki bir televizyon kanal\u0131na konu\u015fan \u0130ngiltere Krali\u00e7esi II. Elizabeth&#8217;in torunu Prens Harry ve e\u015fi Meghan Markle&#8217;\u0131n kraliyeti \u0131rk\u00e7\u0131l\u0131k ile su\u00e7lamas\u0131n\u0131n ard\u0131ndan &#8220;monar\u015fi kald\u0131r\u0131ls\u0131n&#8221; sesleri yeniden y\u00fckselmeye ba\u015flad\u0131. Sosyal medyada a\u00e7\u0131lan &#8220;AbolishTheMonarchy&#8221; (Monar\u015fiyi kald\u0131r\u0131n) etiketiyle on d\u00f6nemde bu y\u00f6nde \u00e7a\u011fr\u0131lar artarken, iktidardaki Muhafazakar Parti [&hellip;]<\/p>\n","protected":false},"author":1,"featured_media":0,"comment_status":"open","ping_status":"open","sticky":false,"template":"","format":"standard","meta":{"ngg_post_thumbnail":0,"footnotes":""},"categories":[15],"tags":[2744,247,2970,2971],"class_list":["post-9422","post","type-post","status-publish","format-standard","hentry","category-ingiltere","tag-buckingham-sarayi","tag-kraliyet","tag-monarsi","tag-yougov"],"_links":{"self":[{"href":"https:\/\/by-tv.co.uk\/en\/wp-json\/wp\/v2\/posts\/9422","targetHints":{"allow":["GET"]}}],"collection":[{"href":"https:\/\/by-tv.co.uk\/en\/wp-json\/wp\/v2\/posts"}],"about":[{"href":"https:\/\/by-tv.co.uk\/en\/wp-json\/wp\/v2\/types\/post"}],"author":[{"embeddable":true,"href":"https:\/\/by-tv.co.uk\/en\/wp-json\/wp\/v2\/users\/1"}],"replies":[{"embeddable":true,"href":"https:\/\/by-tv.co.uk\/en\/wp-json\/wp\/v2\/comments?post=9422"}],"version-history":[{"count":0,"href":"https:\/\/by-tv.co.uk\/en\/wp-json\/wp\/v2\/posts\/9422\/revisions"}],"wp:attachment":[{"href":"https:\/\/by-tv.co.uk\/en\/wp-json\/wp\/v2\/media?parent=9422"}],"wp:term":[{"taxonomy":"category","embeddable":true,"href":"https:\/\/by-tv.co.uk\/en\/wp-json\/wp\/v2\/categories?post=9422"},{"taxonomy":"post_tag","embeddable":true,"href":"https:\/\/by-tv.co.uk\/en\/wp-json\/wp\/v2\/tags?post=9422"}],"curies":[{"name":"wp","href":"https:\/\/api.w.org\/{rel}","templated":true}]}}