{"id":9408,"date":"2021-05-21T17:36:25","date_gmt":"2021-05-21T16:36:25","guid":{"rendered":"https:\/\/by-tv.co.uk\/?p=9408"},"modified":"2021-05-21T17:36:25","modified_gmt":"2021-05-21T16:36:25","slug":"boris-johnsondan-bbc-roportaji-yorumu-endiseliyim","status":"publish","type":"post","link":"https:\/\/by-tv.co.uk\/en\/boris-johnsondan-bbc-roportaji-yorumu-endiseliyim\/","title":{"rendered":"Boris Johnson\u2019dan BBC r\u00f6portaj\u0131 yorumu: Endi\u015feliyim"},"content":{"rendered":"<p><strong>\u0130ngiltere Ba\u015fbakan\u0131 Boris Johnson<\/strong>, <strong>BBC<\/strong>&#8216;nin <strong>Prenses Diana<\/strong>&#8216;yla r\u00f6portaj i\u00e7in sahte belge \u00fcretmesi ve bunu \u00f6rtbas etmesine ili\u015fkin soru\u015fturmay\u0131 de\u011ferlendirdi.<\/p>\n<p>Raporu de\u011ferlendirece\u011fini belirten Johnson, &#8220;A\u00e7\u0131k\u00e7a <strong>Lord Dyson<\/strong>&#8216;\u0131n raporun bulgular\u0131 konusunda \u00e7ok endi\u015feliyim&#8221; dedi.<\/p>\n<p>Adalet Bakan\u0131 Robert Buckland da &#8220;Bence bir \u00f6z\u00fcr bir ba\u015flang\u0131\u00e7, ama bunun konunun sonu oldu\u011funu d\u00fc\u015f\u00fcnm\u00fcyorum&#8221; diye konu\u015ftu.<\/p><div id=\"briti-204189062\" class=\"briti-icerik\" style=\"margin-top: 5px;margin-bottom: 5px;\"><a href=\"https:\/\/piaryum.com\/services\/\" aria-label=\"piaryum banner\"><img loading=\"lazy\" decoding=\"async\" src=\"https:\/\/by-tv.co.uk\/wp-content\/uploads\/2025\/12\/Gemini_Generated_Image_g5yqr1g5yqr1g5yq.jpg\" alt=\"\"  width=\"2064\" height=\"1152\"   \/><\/a><\/div>\n<p>Londra Polis Te\u015fkilat\u0131\u2019ndan ise olas\u0131 bir soru\u015fturma i\u00e7in raporun i\u00e7eri\u011fini de\u011ferlendirece\u011fini \u00a0duyurdu.<\/p>\n<p>Polis, mart ay\u0131ndaki a\u00e7\u0131klamas\u0131nda, r\u00f6portajla ba\u011flant\u0131l\u0131 olarak bir &#8220;yasa d\u0131\u015f\u0131 faaliyet&#8221; soru\u015fturmas\u0131 ba\u015flatmaya yer olmad\u0131\u011f\u0131n\u0131 savunmu\u015ftu.<\/p>\n<p>BBC&#8217;nin Prenses Diana&#8217;yla 1995 y\u0131l\u0131nda yapt\u0131\u011f\u0131 ve Panorama adl\u0131 programda yay\u0131nlanan r\u00f6portaj\u0131n nas\u0131l al\u0131nd\u0131\u011f\u0131na dair ba\u011f\u0131ms\u0131z soru\u015fturmada kurum su\u00e7lu bulunmu\u015ftu.<\/p>\n<p>Eski yarg\u0131\u00e7 John Dyson&#8217;\u0131n y\u00fcr\u00fctt\u00fc\u011f\u00fc soru\u015fturmaya g\u00f6re, BBC muhabiri M<strong>artin Bashir<\/strong>, <strong>Kraliyet<\/strong> ailesinin Prensesi izletmek i\u00e7in baz\u0131 ki\u015filere \u00f6deme yapt\u0131\u011f\u0131n\u0131 g\u00f6steren sahte banka hesap \u00f6zetleri haz\u0131rlat\u0131p bunlar\u0131 hem Diana hem de karde\u015fi Charles Spencer&#8217;a g\u00f6sterdi. Bu hesap \u00f6zetleri BBC&#8217;deki bir grafiker taraf\u0131ndan yap\u0131ld\u0131.<\/p>\n<p>B\u00f6ylece Bashir, Diana ve karde\u015finin g\u00fcvenini kazanarak r\u00f6portaj\u0131 al\u0131rken o d\u00f6nem haber m\u00fcd\u00fcr\u00fc olan eski BBC Genel M\u00fcd\u00fcr\u00fc Tony Hall ise olay\u0131n \u00fcst\u00fcn\u00fc \u00f6rtt\u00fc.<\/p>\n<p>Prenses Diana, me\u015fhur r\u00f6portaj\u0131nda ba\u015fka biriyle ili\u015fki ya\u015fad\u0131\u011f\u0131n\u0131 kabul etmi\u015f ve taht\u0131n varisi Prens Charles ile olan evlili\u011fine ili\u015fkin detaylar vermi\u015fti.<\/p>\n<p>Diana, <strong>Prens Charles<\/strong>&#8216;\u0131n da \u015fimdiki e\u015fi Camilla ile ili\u015fkisine at\u0131fta bulunarak a\u00e7\u0131klad\u0131\u011f\u0131 programda, &#8220;Bu evlilikte 3 ki\u015fiydik, bu y\u00fczden biraz kalabal\u0131kt\u0131.&#8221; demi\u015fti.<\/p>\n<p>Evlili\u011fi 1996 y\u0131l\u0131nda sona eren Prenses Diana, A\u011fustos 1997&#8217;de Paris&#8217;te trafik kazas\u0131 sonucu hayat\u0131n\u0131 kaybetmi\u015fti.<\/p>\n<div id=\"briti-2071120694\" class=\"briti-icerikten-sonra_2\" style=\"margin-top: 25px;margin-bottom: 25px;\"><a href=\"https:\/\/wa.me\/message\/NDZLLIOQT4H3O1\" aria-label=\"bytv reklam banner\"><img loading=\"lazy\" decoding=\"async\" src=\"https:\/\/by-tv.co.uk\/wp-content\/uploads\/2025\/12\/bytv-reklam-banner.jpg\" alt=\"\"  width=\"2376\" height=\"1008\"   \/><\/a><\/div>","protected":false},"excerpt":{"rendered":"<p>\u0130ngiltere Ba\u015fbakan\u0131 Boris Johnson, BBC&#8216;nin Prenses Diana&#8216;yla r\u00f6portaj i\u00e7in sahte belge \u00fcretmesi ve bunu \u00f6rtbas etmesine ili\u015fkin soru\u015fturmay\u0131 de\u011ferlendirdi. Raporu de\u011ferlendirece\u011fini belirten Johnson, &#8220;A\u00e7\u0131k\u00e7a Lord Dyson&#8216;\u0131n raporun bulgular\u0131 konusunda \u00e7ok endi\u015feliyim&#8221; dedi. Adalet Bakan\u0131 Robert Buckland da &#8220;Bence bir \u00f6z\u00fcr bir ba\u015flang\u0131\u00e7, ama bunun konunun sonu oldu\u011funu d\u00fc\u015f\u00fcnm\u00fcyorum&#8221; diye konu\u015ftu. Londra Polis Te\u015fkilat\u0131\u2019ndan ise olas\u0131 bir soru\u015fturma i\u00e7in raporun i\u00e7eri\u011fini de\u011ferlendirece\u011fini \u00a0duyurdu. Polis, mart ay\u0131ndaki a\u00e7\u0131klamas\u0131nda, r\u00f6portajla ba\u011flant\u0131l\u0131 olarak bir &#8220;yasa d\u0131\u015f\u0131 faaliyet&#8221; soru\u015fturmas\u0131 ba\u015flatmaya yer olmad\u0131\u011f\u0131n\u0131 savunmu\u015ftu. BBC&#8217;nin Prenses Diana&#8217;yla 1995 y\u0131l\u0131nda yapt\u0131\u011f\u0131 ve Panorama adl\u0131 programda yay\u0131nlanan r\u00f6portaj\u0131n nas\u0131l al\u0131nd\u0131\u011f\u0131na dair ba\u011f\u0131ms\u0131z soru\u015fturmada kurum su\u00e7lu bulunmu\u015ftu. Eski yarg\u0131\u00e7 [&hellip;]<\/p>\n","protected":false},"author":7,"featured_media":9409,"comment_status":"open","ping_status":"open","sticky":false,"template":"","format":"standard","meta":{"ngg_post_thumbnail":0,"footnotes":""},"categories":[15],"tags":[300,417,2967],"class_list":["post-9408","post","type-post","status-publish","format-standard","has-post-thumbnail","hentry","category-ingiltere","tag-bbc","tag-boris-johnson","tag-prenses-diana"],"_links":{"self":[{"href":"https:\/\/by-tv.co.uk\/en\/wp-json\/wp\/v2\/posts\/9408","targetHints":{"allow":["GET"]}}],"collection":[{"href":"https:\/\/by-tv.co.uk\/en\/wp-json\/wp\/v2\/posts"}],"about":[{"href":"https:\/\/by-tv.co.uk\/en\/wp-json\/wp\/v2\/types\/post"}],"author":[{"embeddable":true,"href":"https:\/\/by-tv.co.uk\/en\/wp-json\/wp\/v2\/users\/7"}],"replies":[{"embeddable":true,"href":"https:\/\/by-tv.co.uk\/en\/wp-json\/wp\/v2\/comments?post=9408"}],"version-history":[{"count":0,"href":"https:\/\/by-tv.co.uk\/en\/wp-json\/wp\/v2\/posts\/9408\/revisions"}],"wp:featuredmedia":[{"embeddable":true,"href":"https:\/\/by-tv.co.uk\/en\/wp-json\/wp\/v2\/media\/9409"}],"wp:attachment":[{"href":"https:\/\/by-tv.co.uk\/en\/wp-json\/wp\/v2\/media?parent=9408"}],"wp:term":[{"taxonomy":"category","embeddable":true,"href":"https:\/\/by-tv.co.uk\/en\/wp-json\/wp\/v2\/categories?post=9408"},{"taxonomy":"post_tag","embeddable":true,"href":"https:\/\/by-tv.co.uk\/en\/wp-json\/wp\/v2\/tags?post=9408"}],"curies":[{"name":"wp","href":"https:\/\/api.w.org\/{rel}","templated":true}]}}