{"id":9331,"date":"2021-05-20T12:41:07","date_gmt":"2021-05-20T11:41:07","guid":{"rendered":"https:\/\/by-tv.co.uk\/?p=9331"},"modified":"2021-05-20T12:41:07","modified_gmt":"2021-05-20T11:41:07","slug":"antarktikada-dunyanin-en-buyuk-buzdagi-koptu","status":"publish","type":"post","link":"https:\/\/by-tv.co.uk\/en\/antarktikada-dunyanin-en-buyuk-buzdagi-koptu\/","title":{"rendered":"Antarktika&#8217;da d\u00fcnyan\u0131n en b\u00fcy\u00fck buzda\u011f\u0131 koptu"},"content":{"rendered":"<p><strong>Antarktika<\/strong>\u2019n\u0131n kuzeybat\u0131s\u0131nda bulunan Ronne Buz Sahanl\u0131\u011f\u0131\u2019ndan dev bir<strong> buz<\/strong> k\u00fctlesi koptu.<\/p>\n<p>4 bin 320 kilometrekarelik <strong>buda\u011f\u0131,<\/strong> Weddell Denizi\u2019ne do\u011fru s\u00fcr\u00fckleniyor.<\/p>\n<p>\u0130ngiltere Antarktik Ara\u015ft\u0131rmas\u0131 taraf\u0131ndan tespit edilen buzda\u011f\u0131n\u0131n, \u0130spanya\u2019ya ba\u011fl\u0131<strong> Mallorca<\/strong> adas\u0131ndan daha b\u00fcy\u00fck oldu\u011fu tespit edildi.<\/p><div id=\"briti-4008171161\" class=\"briti-icerik\" style=\"margin-top: 5px;margin-bottom: 5px;\"><a href=\"https:\/\/piaryum.com\/services\/\" aria-label=\"piaryum banner\"><img loading=\"lazy\" decoding=\"async\" src=\"https:\/\/by-tv.co.uk\/wp-content\/uploads\/2025\/12\/Gemini_Generated_Image_g5yqr1g5yqr1g5yq.jpg\" alt=\"\"  width=\"2064\" height=\"1152\"   \/><\/a><\/div>\n<p>&#8220;A-76&#8221; olarak isimlendirilen buzda\u011f\u0131n\u0131n, \u015fu anda d\u00fcnyan\u0131n en b\u00fcy\u00fck y\u00fczen buz k\u00fctlesi oldu\u011fu \u00f6\u011frenildi.<\/p>\n<p>Antarktika\u2019da d\u00f6rt y\u0131l \u00f6nce de 5 bin 800 kilometrekarelik bir buzul k\u00fctlesi kopmu\u015ftu.<\/p>\n<div id=\"briti-2621161185\" class=\"briti-icerikten-sonra_2\" style=\"margin-top: 25px;margin-bottom: 25px;\"><a href=\"https:\/\/wa.me\/message\/NDZLLIOQT4H3O1\" aria-label=\"bytv reklam banner\"><img loading=\"lazy\" decoding=\"async\" src=\"https:\/\/by-tv.co.uk\/wp-content\/uploads\/2025\/12\/bytv-reklam-banner.jpg\" alt=\"\"  width=\"2376\" height=\"1008\"   \/><\/a><\/div>","protected":false},"excerpt":{"rendered":"<p>Antarktika\u2019n\u0131n kuzeybat\u0131s\u0131nda bulunan Ronne Buz Sahanl\u0131\u011f\u0131\u2019ndan dev bir buz k\u00fctlesi koptu. 4 bin 320 kilometrekarelik buda\u011f\u0131, Weddell Denizi\u2019ne do\u011fru s\u00fcr\u00fckleniyor. \u0130ngiltere Antarktik Ara\u015ft\u0131rmas\u0131 taraf\u0131ndan tespit edilen buzda\u011f\u0131n\u0131n, \u0130spanya\u2019ya ba\u011fl\u0131 Mallorca adas\u0131ndan daha b\u00fcy\u00fck oldu\u011fu tespit edildi. &#8220;A-76&#8221; olarak isimlendirilen buzda\u011f\u0131n\u0131n, \u015fu anda d\u00fcnyan\u0131n en b\u00fcy\u00fck y\u00fczen buz k\u00fctlesi oldu\u011fu \u00f6\u011frenildi. Antarktika\u2019da d\u00f6rt y\u0131l \u00f6nce de 5 bin 800 kilometrekarelik bir buzul k\u00fctlesi kopmu\u015ftu.<\/p>","protected":false},"author":7,"featured_media":9333,"comment_status":"open","ping_status":"open","sticky":false,"template":"","format":"standard","meta":{"ngg_post_thumbnail":0,"footnotes":""},"categories":[11],"tags":[2944,2945,2947,2946],"class_list":["post-9331","post","type-post","status-publish","format-standard","has-post-thumbnail","hentry","category-dunya","tag-antarktika","tag-buz","tag-buzdagi","tag-buzul"],"_links":{"self":[{"href":"https:\/\/by-tv.co.uk\/en\/wp-json\/wp\/v2\/posts\/9331","targetHints":{"allow":["GET"]}}],"collection":[{"href":"https:\/\/by-tv.co.uk\/en\/wp-json\/wp\/v2\/posts"}],"about":[{"href":"https:\/\/by-tv.co.uk\/en\/wp-json\/wp\/v2\/types\/post"}],"author":[{"embeddable":true,"href":"https:\/\/by-tv.co.uk\/en\/wp-json\/wp\/v2\/users\/7"}],"replies":[{"embeddable":true,"href":"https:\/\/by-tv.co.uk\/en\/wp-json\/wp\/v2\/comments?post=9331"}],"version-history":[{"count":0,"href":"https:\/\/by-tv.co.uk\/en\/wp-json\/wp\/v2\/posts\/9331\/revisions"}],"wp:featuredmedia":[{"embeddable":true,"href":"https:\/\/by-tv.co.uk\/en\/wp-json\/wp\/v2\/media\/9333"}],"wp:attachment":[{"href":"https:\/\/by-tv.co.uk\/en\/wp-json\/wp\/v2\/media?parent=9331"}],"wp:term":[{"taxonomy":"category","embeddable":true,"href":"https:\/\/by-tv.co.uk\/en\/wp-json\/wp\/v2\/categories?post=9331"},{"taxonomy":"post_tag","embeddable":true,"href":"https:\/\/by-tv.co.uk\/en\/wp-json\/wp\/v2\/tags?post=9331"}],"curies":[{"name":"wp","href":"https:\/\/api.w.org\/{rel}","templated":true}]}}