{"id":9330,"date":"2021-05-20T12:46:33","date_gmt":"2021-05-20T11:46:33","guid":{"rendered":"https:\/\/by-tv.co.uk\/?p=9330"},"modified":"2021-05-20T12:55:44","modified_gmt":"2021-05-20T11:55:44","slug":"the-royal-ascotun-ilk-turk-moda-baskani-zeynep-kartal-oldu","status":"publish","type":"post","link":"https:\/\/by-tv.co.uk\/en\/the-royal-ascotun-ilk-turk-moda-baskani-zeynep-kartal-oldu\/","title":{"rendered":"The Royal Ascot\u2019un \u0130lk T\u00fcrk Moda Ba\u015fkan\u0131  Zeynep Kartal Oldu!"},"content":{"rendered":"<p>Ge\u00e7mi\u015ften bug\u00fcne \u0130ngiltere kraliyet ailesinin onuruna d\u00fczenlenen The Royal Ascot At Yar\u0131\u015flar\u0131, kat\u0131l\u0131mc\u0131lar\u0131n k\u0131yafet ve \u015fapka tercihleriyle de bir moda ge\u00e7idi tad\u0131nda y\u0131llard\u0131r s\u00fcr\u00fcyor. Bu y\u0131l ise tarihinde ilk kez moda kurulu ba\u015fkan\u0131 olarak bir T\u00fcrk isim se\u00e7ildi.&nbsp; \u0130ngiltere\u2019de ya\u015fayan T\u00fcrk moda tasar\u0131mc\u0131s\u0131 Zeynep Kartal, ge\u00e7en sene tasar\u0131m\u0131yla da yer ald\u0131\u011f\u0131 The Royal Ascot\u2019ta bu y\u0131l, kurulun ilk T\u00fcrk moda ba\u015fkan\u0131 oldu. The Royal Ascot resmi hesab\u0131ndan da Zeynep Kartal\u2019\u0131n moda kurulu ba\u015fkan\u0131 oldu\u011funu duyurdu. &nbsp;<\/p>\n<p>Kartal bu s\u00fcre\u00e7te \u00fclke \u00e7ap\u0131nda bulunan yetenekleri destekleyerek, The Royal Ascot giyim geleneklerinin s\u00fcrd\u00fcr\u00fclebilir olmas\u0131 i\u00e7in \u00e7al\u0131\u015fmalar\u0131na t\u00fcm h\u0131z\u0131yla devam edecek. &nbsp;Haziran ay\u0131ndaki organizasyona kapsam\u0131nda kat\u0131l\u0131mc\u0131lara ilham veren giyim tavsiyelerinin bulundu\u011fu bir rehber de haz\u0131rlayan Zeynep Kartal, \u00f6zel i\u00e7erikte k\u0131yafet temalar\u0131n\u0131 da detayl\u0131 bir \u015fekilde payla\u015ft\u0131.<br \/>\n<iframe loading=\"lazy\" title=\"YouTube video player\" src=\"https:\/\/www.youtube.com\/embed\/7rcn7FAAp2o\" width=\"1280\" height=\"720\" frameborder=\"0\" allowfullscreen=\"allowfullscreen\"><\/iframe><br \/>\n<strong>T\u00fcrk tasar\u0131mc\u0131, bu y\u0131lda etkinlik kapsam\u0131nda d\u00fczenlenen gen\u00e7 yeteneklerin ba\u015fvurdu\u011fu The Royal Ascot Moda Yar\u0131\u015fmas\u0131\u2019n\u0131n finalistlerine de \u00f6zel e\u011fitimler verdi. Yar\u0131\u015fma sonunda belirlenen gen\u00e7 yetene\u011fe 1 y\u0131l boyunca ment\u00f6rl\u00fck yapacak olan Kartal, se\u00e7ilen isimle beraber \u00f6zel bir tasar\u0131m haz\u0131rlayarak, haziran ay\u0131nda d\u00fczenlenecek olan etkinli\u011fe de kat\u0131l\u0131m g\u00f6sterecek.<\/strong><\/p>\n<p>Zeynep Kartal, The Royal Ascot Moda Kurulu Ba\u015fkan\u0131 se\u00e7ilmesi hakk\u0131nda \u2018\u2019Yakla\u015f\u0131k 300 y\u0131ld\u0131r s\u00fcren bir gelene\u011fin ilk T\u00fcrk moda kurulu ba\u015fkan\u0131 olman\u0131n gururunu ya\u015f\u0131yorum. Bu olu\u015fumun di\u011fer \u00f6nemli bir yan\u0131 ise gen\u00e7 moda tasar\u0131mc\u0131lar\u0131n \u00f6n\u00fcn\u00fcn a\u00e7arak, kariyer yolculuklar\u0131nda tecr\u00fcbelerimizle onlar\u0131n yan\u0131nda olmak\u2026 \u0130ngiltere\u2019deki gen\u00e7 yeteneklerle \u00f6zel \u00e7al\u0131\u015fmalara imza att\u0131\u011f\u0131m\u0131z bu platformda yeni yetenekleri moda d\u00fcnyas\u0131na kazand\u0131racak olman\u0131n heyecan\u0131 i\u00e7erisindeyiz. Haziran ay\u0131nda Krali\u00e7e 2\u2019nci Elizabeth ile beraber olaca\u011f\u0131m\u0131z etkinlikte, gen\u00e7 yetenekleri de kendisiyle tan\u0131\u015ft\u0131racak olmaktan da ayr\u0131ca mutluluk duyuyorum\u2019\u2019 dedi.<\/p><div id=\"briti-1302575272\" class=\"briti-icerik\" style=\"margin-top: 5px;margin-bottom: 5px;\"><a href=\"https:\/\/piaryum.com\/services\/\" aria-label=\"piaryum banner\"><img loading=\"lazy\" decoding=\"async\" src=\"https:\/\/by-tv.co.uk\/wp-content\/uploads\/2025\/12\/Gemini_Generated_Image_g5yqr1g5yqr1g5yq.jpg\" alt=\"\"  width=\"2064\" height=\"1152\"   \/><\/a><\/div>\n<p><img loading=\"lazy\" decoding=\"async\" class=\"alignleft size-full wp-image-9336\" src=\"https:\/\/by-tv.co.uk\/wp-content\/uploads\/2021\/05\/zeynep-kartal-scaled.jpg\" alt=\"\" width=\"2560\" height=\"1786\" title=\"\"><\/p>\n<p>Moda tasar\u0131mc\u0131s\u0131, haziran ay\u0131nda ger\u00e7ekle\u015ftirilecek olan etkinlik i\u00e7in siyah ve beyaz\u0131n muhte\u015fem d\u00f6ng\u00fcs\u00fcn\u00fc anlatan \u00f6zel bir ceket elbise tasar\u0131m\u0131na da imza att\u0131. Tasar\u0131mla b\u00fct\u00fcnle\u015fen siyah ve beyaz\u0131n uyumunu ortaya \u00e7\u0131karan Viktorian \u015fapka ise moda \u00e7evreleri taraf\u0131ndan b\u00fcy\u00fck bir ilgiyle kar\u015f\u0131land\u0131.<\/p>\n<p>Kartal ge\u00e7en y\u0131l yine yar\u0131\u015f kapsam\u0131nda \u201cStyled with thanks\u201d ad\u0131yla ba\u015flat\u0131lan ba\u011f\u0131\u015f kampanyas\u0131na moda tasar\u0131mc\u0131 olarak se\u00e7ilen tek T\u00fcrk olarak yerini alm\u0131\u015ft\u0131. Ba\u011f\u0131\u015f kampanyas\u0131na \u00f6zel olarak tasar\u0131mc\u0131, The Royal Ascot At Yar\u0131\u015flar\u0131 i\u00e7in g\u00f6kku\u015fa\u011f\u0131 konseptinde r\u00fcya k\u0131yafetiyle moda \u00e7evrelerinin yine be\u011fenisini kazanm\u0131\u015ft\u0131.<\/p>\n<div id=\"briti-644557308\" class=\"briti-icerikten-sonra_2\" style=\"margin-top: 25px;margin-bottom: 25px;\"><a href=\"https:\/\/wa.me\/message\/NDZLLIOQT4H3O1\" aria-label=\"bytv reklam banner\"><img loading=\"lazy\" decoding=\"async\" src=\"https:\/\/by-tv.co.uk\/wp-content\/uploads\/2025\/12\/bytv-reklam-banner.jpg\" alt=\"\"  width=\"2376\" height=\"1008\"   \/><\/a><\/div>","protected":false},"excerpt":{"rendered":"<p>Ge\u00e7mi\u015ften bug\u00fcne \u0130ngiltere kraliyet ailesinin onuruna d\u00fczenlenen The Royal Ascot At Yar\u0131\u015flar\u0131, kat\u0131l\u0131mc\u0131lar\u0131n k\u0131yafet ve \u015fapka tercihleriyle de bir moda ge\u00e7idi tad\u0131nda y\u0131llard\u0131r s\u00fcr\u00fcyor. Bu y\u0131l ise tarihinde ilk kez moda kurulu ba\u015fkan\u0131 olarak bir T\u00fcrk isim se\u00e7ildi.&nbsp; \u0130ngiltere\u2019de ya\u015fayan T\u00fcrk moda tasar\u0131mc\u0131s\u0131 Zeynep Kartal, ge\u00e7en sene tasar\u0131m\u0131yla da yer ald\u0131\u011f\u0131 The Royal Ascot\u2019ta bu y\u0131l, kurulun ilk T\u00fcrk moda ba\u015fkan\u0131 oldu. The Royal Ascot resmi hesab\u0131ndan da Zeynep Kartal\u2019\u0131n moda kurulu ba\u015fkan\u0131 oldu\u011funu duyurdu. &nbsp; Kartal bu s\u00fcre\u00e7te \u00fclke \u00e7ap\u0131nda bulunan yetenekleri destekleyerek, The Royal Ascot giyim geleneklerinin s\u00fcrd\u00fcr\u00fclebilir olmas\u0131 i\u00e7in \u00e7al\u0131\u015fmalar\u0131na t\u00fcm h\u0131z\u0131yla devam edecek. &nbsp;Haziran ay\u0131ndaki organizasyona [&hellip;]<\/p>\n","protected":false},"author":1,"featured_media":9340,"comment_status":"open","ping_status":"open","sticky":false,"template":"","format":"standard","meta":{"ngg_post_thumbnail":0,"footnotes":""},"categories":[1],"tags":[2949,2948],"class_list":["post-9330","post","type-post","status-publish","format-standard","has-post-thumbnail","hentry","category-genel","tag-the-royal-ascot","tag-turk-moda-tasarimcisi-zeynep-kartal"],"_links":{"self":[{"href":"https:\/\/by-tv.co.uk\/en\/wp-json\/wp\/v2\/posts\/9330","targetHints":{"allow":["GET"]}}],"collection":[{"href":"https:\/\/by-tv.co.uk\/en\/wp-json\/wp\/v2\/posts"}],"about":[{"href":"https:\/\/by-tv.co.uk\/en\/wp-json\/wp\/v2\/types\/post"}],"author":[{"embeddable":true,"href":"https:\/\/by-tv.co.uk\/en\/wp-json\/wp\/v2\/users\/1"}],"replies":[{"embeddable":true,"href":"https:\/\/by-tv.co.uk\/en\/wp-json\/wp\/v2\/comments?post=9330"}],"version-history":[{"count":0,"href":"https:\/\/by-tv.co.uk\/en\/wp-json\/wp\/v2\/posts\/9330\/revisions"}],"wp:featuredmedia":[{"embeddable":true,"href":"https:\/\/by-tv.co.uk\/en\/wp-json\/wp\/v2\/media\/9340"}],"wp:attachment":[{"href":"https:\/\/by-tv.co.uk\/en\/wp-json\/wp\/v2\/media?parent=9330"}],"wp:term":[{"taxonomy":"category","embeddable":true,"href":"https:\/\/by-tv.co.uk\/en\/wp-json\/wp\/v2\/categories?post=9330"},{"taxonomy":"post_tag","embeddable":true,"href":"https:\/\/by-tv.co.uk\/en\/wp-json\/wp\/v2\/tags?post=9330"}],"curies":[{"name":"wp","href":"https:\/\/api.w.org\/{rel}","templated":true}]}}