{"id":9294,"date":"2021-05-19T18:28:34","date_gmt":"2021-05-19T17:28:34","guid":{"rendered":"https:\/\/by-tv.co.uk\/?p=9294"},"modified":"2021-05-19T18:28:34","modified_gmt":"2021-05-19T17:28:34","slug":"iki-doz-asi-olana-abye-giris-izni","status":"publish","type":"post","link":"https:\/\/by-tv.co.uk\/en\/iki-doz-asi-olana-abye-giris-izni\/","title":{"rendered":"\u0130ki doz a\u015f\u0131 olana AB&#8217;ye giri\u015f izni"},"content":{"rendered":"<p><strong>Avrupa Birli\u011fi<\/strong> (<strong>AB<\/strong>), <strong>Covid-19<\/strong>\u2019a kar\u015f\u0131 iki doz <strong>a\u015f\u0131<\/strong> olan ki\u015filere kap\u0131lar\u0131n\u0131 a\u00e7ma karar\u0131 ald\u0131.<\/p>\n<p>AB d\u0131\u015f\u0131nda bulunan \u00fclkelerin riskli ilan edilmesi i\u00e7in \u00f6ng\u00f6r\u00fclen maksimim vaka say\u0131s\u0131 da art\u0131r\u0131ld\u0131.<\/p>\n<p>Mevcut uygulamaya g\u00f6re, son 14 g\u00fcn i\u00e7inde her 100 binde 25 <strong>vaka<\/strong>n\u0131n alt\u0131ndaki \u00fclkelerden gelenlere<strong> Avrupa<\/strong>\u2019ya giri\u015f izni veriliyordu. Yeni kararla bu say\u0131 75\u2019e y\u00fckseltildi.<\/p><div id=\"briti-4177065282\" class=\"briti-icerik\" style=\"margin-top: 5px;margin-bottom: 5px;\"><a href=\"https:\/\/piaryum.com\/services\/\" aria-label=\"piaryum banner\"><img loading=\"lazy\" decoding=\"async\" src=\"https:\/\/by-tv.co.uk\/wp-content\/uploads\/2025\/12\/Gemini_Generated_Image_g5yqr1g5yqr1g5yq.jpg\" alt=\"\"  width=\"2064\" height=\"1152\"   \/><\/a><\/div>\n<p>\u00d6te yandan; <strong>Avustralya<\/strong>, <strong>\u0130srail<\/strong>, <strong>Yeni Zelanda<\/strong>, <strong>Ruanda<\/strong>,<strong> Singapur<\/strong>, <strong>G\u00fcney Kore<\/strong> ve <strong>Tayland\u2019<\/strong>dan gelecek turistler i\u00e7in a\u015f\u0131 \u015fart\u0131 bulunmuyor.<\/p>\n<p>Al\u0131nan bir di\u011fer karara g\u00f6re ise yeni vir\u00fcs varyantlar\u0131n\u0131n g\u00f6r\u00fcld\u00fc\u011f\u00fc \u00fclkelere seyahat k\u0131s\u0131tlamalar\u0131 getirilebilecek.<\/p>\n<div id=\"briti-2060235072\" class=\"briti-icerikten-sonra_2\" style=\"margin-top: 25px;margin-bottom: 25px;\"><a href=\"https:\/\/wa.me\/message\/NDZLLIOQT4H3O1\" aria-label=\"bytv reklam banner\"><img loading=\"lazy\" decoding=\"async\" src=\"https:\/\/by-tv.co.uk\/wp-content\/uploads\/2025\/12\/bytv-reklam-banner.jpg\" alt=\"\"  width=\"2376\" height=\"1008\"   \/><\/a><\/div>","protected":false},"excerpt":{"rendered":"<p>Avrupa Birli\u011fi (AB), Covid-19\u2019a kar\u015f\u0131 iki doz a\u015f\u0131 olan ki\u015filere kap\u0131lar\u0131n\u0131 a\u00e7ma karar\u0131 ald\u0131. AB d\u0131\u015f\u0131nda bulunan \u00fclkelerin riskli ilan edilmesi i\u00e7in \u00f6ng\u00f6r\u00fclen maksimim vaka say\u0131s\u0131 da art\u0131r\u0131ld\u0131. Mevcut uygulamaya g\u00f6re, son 14 g\u00fcn i\u00e7inde her 100 binde 25 vakan\u0131n alt\u0131ndaki \u00fclkelerden gelenlere Avrupa\u2019ya giri\u015f izni veriliyordu. Yeni kararla bu say\u0131 75\u2019e y\u00fckseltildi. \u00d6te yandan; Avustralya, \u0130srail, Yeni Zelanda, Ruanda, Singapur, G\u00fcney Kore ve Tayland\u2019dan gelecek turistler i\u00e7in a\u015f\u0131 \u015fart\u0131 bulunmuyor. Al\u0131nan bir di\u011fer karara g\u00f6re ise yeni vir\u00fcs varyantlar\u0131n\u0131n g\u00f6r\u00fcld\u00fc\u011f\u00fc \u00fclkelere seyahat k\u0131s\u0131tlamalar\u0131 getirilebilecek.<\/p>","protected":false},"author":7,"featured_media":9295,"comment_status":"open","ping_status":"open","sticky":false,"template":"","format":"standard","meta":{"ngg_post_thumbnail":0,"footnotes":""},"categories":[5],"tags":[991,510,200,808,746],"class_list":["post-9294","post","type-post","status-publish","format-standard","has-post-thumbnail","hentry","category-haber","tag-asi","tag-avrupa","tag-avrupa-birligi","tag-covid-19","tag-havalimani"],"_links":{"self":[{"href":"https:\/\/by-tv.co.uk\/en\/wp-json\/wp\/v2\/posts\/9294","targetHints":{"allow":["GET"]}}],"collection":[{"href":"https:\/\/by-tv.co.uk\/en\/wp-json\/wp\/v2\/posts"}],"about":[{"href":"https:\/\/by-tv.co.uk\/en\/wp-json\/wp\/v2\/types\/post"}],"author":[{"embeddable":true,"href":"https:\/\/by-tv.co.uk\/en\/wp-json\/wp\/v2\/users\/7"}],"replies":[{"embeddable":true,"href":"https:\/\/by-tv.co.uk\/en\/wp-json\/wp\/v2\/comments?post=9294"}],"version-history":[{"count":0,"href":"https:\/\/by-tv.co.uk\/en\/wp-json\/wp\/v2\/posts\/9294\/revisions"}],"wp:featuredmedia":[{"embeddable":true,"href":"https:\/\/by-tv.co.uk\/en\/wp-json\/wp\/v2\/media\/9295"}],"wp:attachment":[{"href":"https:\/\/by-tv.co.uk\/en\/wp-json\/wp\/v2\/media?parent=9294"}],"wp:term":[{"taxonomy":"category","embeddable":true,"href":"https:\/\/by-tv.co.uk\/en\/wp-json\/wp\/v2\/categories?post=9294"},{"taxonomy":"post_tag","embeddable":true,"href":"https:\/\/by-tv.co.uk\/en\/wp-json\/wp\/v2\/tags?post=9294"}],"curies":[{"name":"wp","href":"https:\/\/api.w.org\/{rel}","templated":true}]}}