{"id":9197,"date":"2021-05-18T07:06:12","date_gmt":"2021-05-18T06:06:12","guid":{"rendered":"https:\/\/by-tv.co.uk\/?p=9197"},"modified":"2021-05-18T07:06:12","modified_gmt":"2021-05-18T06:06:12","slug":"biontech-pfizer-asisi-buzdolabinda-saklanabilecek","status":"publish","type":"post","link":"https:\/\/by-tv.co.uk\/en\/biontech-pfizer-asisi-buzdolabinda-saklanabilecek\/","title":{"rendered":"BioNtech-Pfizer a\u015f\u0131s\u0131 buzdolab\u0131nda saklanabilecek"},"content":{"rendered":"<p>BioNtech\u2019in CEO\u2019su <strong>U\u011fur \u015eahin<\/strong> ve e\u015fi <strong>\u00d6zlem T\u00fcreci<\/strong>\u2019nin taraf\u0131ndan geli\u015ftirilen <strong>Covid-19<\/strong> <strong>a\u015f\u0131<\/strong>s\u0131 i\u00e7in \u00f6nemli bir geli\u015fme ya\u015fand\u0131.<\/p>\n<p><strong>Vir\u00fcs<\/strong> ile m\u00fccadelede \u00e7\u0131\u011f\u0131r a\u015fan mRNA a\u015f\u0131s\u0131, saklama ko\u015fullar\u0131n\u0131n zorlu\u011fu nedeniyle s\u0131k\u0131nt\u0131lara yol a\u00e7\u0131yordu.<\/p>\n<p>BBC\u2019nin haberine g\u00f6re, Avrupa \u0130la\u00e7 Ajans\u0131 (EMA), <strong>BioNTech-Pfizer<\/strong>\u2019in Covid-19 a\u015f\u0131s\u0131n\u0131n saklama ko\u015fullar\u0131nda de\u011fi\u015fiklik yap\u0131lmas\u0131n\u0131 \u00f6nerdi.<\/p><div id=\"briti-1019664849\" class=\"briti-icerik\" style=\"margin-top: 5px;margin-bottom: 5px;\"><a href=\"https:\/\/piaryum.com\/services\/\" aria-label=\"piaryum banner\"><img loading=\"lazy\" decoding=\"async\" src=\"https:\/\/by-tv.co.uk\/wp-content\/uploads\/2025\/12\/Gemini_Generated_Image_g5yqr1g5yqr1g5yq.jpg\" alt=\"\"  width=\"2064\" height=\"1152\"   \/><\/a><\/div>\n<p>EMA, eksi 80 santigrad derecede 5 g\u00fcn muhafaza edilen a\u015f\u0131n\u0131n, art\u0131k normal buzdolab\u0131nda \u00a0(2-8 derecede) 1 aya kadar saklanabilece\u011fini belirtti.<\/p>\n<p>Bu de\u011fi\u015fikli\u011fin \u00f6zellikle lojistik konusunda olumlu etki yaratmas\u0131 bekleniyor.<\/p>\n<p>BioNTech-Pfizer a\u015f\u0131s\u0131 ocak ay\u0131ndan itibaren<strong> Corona<\/strong> vir\u00fcs hastalar\u0131na uygulanmaya ba\u015flanm\u0131\u015ft\u0131.<\/p>\n<div id=\"briti-3354121378\" class=\"briti-icerikten-sonra_2\" style=\"margin-top: 25px;margin-bottom: 25px;\"><a href=\"https:\/\/wa.me\/message\/NDZLLIOQT4H3O1\" aria-label=\"bytv reklam banner\"><img loading=\"lazy\" decoding=\"async\" src=\"https:\/\/by-tv.co.uk\/wp-content\/uploads\/2025\/12\/bytv-reklam-banner.jpg\" alt=\"\"  width=\"2376\" height=\"1008\"   \/><\/a><\/div>","protected":false},"excerpt":{"rendered":"<p>BioNtech\u2019in CEO\u2019su U\u011fur \u015eahin ve e\u015fi \u00d6zlem T\u00fcreci\u2019nin taraf\u0131ndan geli\u015ftirilen Covid-19 a\u015f\u0131s\u0131 i\u00e7in \u00f6nemli bir geli\u015fme ya\u015fand\u0131. Vir\u00fcs ile m\u00fccadelede \u00e7\u0131\u011f\u0131r a\u015fan mRNA a\u015f\u0131s\u0131, saklama ko\u015fullar\u0131n\u0131n zorlu\u011fu nedeniyle s\u0131k\u0131nt\u0131lara yol a\u00e7\u0131yordu. BBC\u2019nin haberine g\u00f6re, Avrupa \u0130la\u00e7 Ajans\u0131 (EMA), BioNTech-Pfizer\u2019in Covid-19 a\u015f\u0131s\u0131n\u0131n saklama ko\u015fullar\u0131nda de\u011fi\u015fiklik yap\u0131lmas\u0131n\u0131 \u00f6nerdi. EMA, eksi 80 santigrad derecede 5 g\u00fcn muhafaza edilen a\u015f\u0131n\u0131n, art\u0131k normal buzdolab\u0131nda \u00a0(2-8 derecede) 1 aya kadar saklanabilece\u011fini belirtti. Bu de\u011fi\u015fikli\u011fin \u00f6zellikle lojistik konusunda olumlu etki yaratmas\u0131 bekleniyor. BioNTech-Pfizer a\u015f\u0131s\u0131 ocak ay\u0131ndan itibaren Corona vir\u00fcs hastalar\u0131na uygulanmaya ba\u015flanm\u0131\u015ft\u0131.<\/p>","protected":false},"author":7,"featured_media":9155,"comment_status":"open","ping_status":"open","sticky":false,"template":"","format":"standard","meta":{"ngg_post_thumbnail":0,"footnotes":""},"categories":[1],"tags":[],"class_list":["post-9197","post","type-post","status-publish","format-standard","has-post-thumbnail","hentry","category-genel"],"_links":{"self":[{"href":"https:\/\/by-tv.co.uk\/en\/wp-json\/wp\/v2\/posts\/9197","targetHints":{"allow":["GET"]}}],"collection":[{"href":"https:\/\/by-tv.co.uk\/en\/wp-json\/wp\/v2\/posts"}],"about":[{"href":"https:\/\/by-tv.co.uk\/en\/wp-json\/wp\/v2\/types\/post"}],"author":[{"embeddable":true,"href":"https:\/\/by-tv.co.uk\/en\/wp-json\/wp\/v2\/users\/7"}],"replies":[{"embeddable":true,"href":"https:\/\/by-tv.co.uk\/en\/wp-json\/wp\/v2\/comments?post=9197"}],"version-history":[{"count":0,"href":"https:\/\/by-tv.co.uk\/en\/wp-json\/wp\/v2\/posts\/9197\/revisions"}],"wp:featuredmedia":[{"embeddable":true,"href":"https:\/\/by-tv.co.uk\/en\/wp-json\/wp\/v2\/media\/9155"}],"wp:attachment":[{"href":"https:\/\/by-tv.co.uk\/en\/wp-json\/wp\/v2\/media?parent=9197"}],"wp:term":[{"taxonomy":"category","embeddable":true,"href":"https:\/\/by-tv.co.uk\/en\/wp-json\/wp\/v2\/categories?post=9197"},{"taxonomy":"post_tag","embeddable":true,"href":"https:\/\/by-tv.co.uk\/en\/wp-json\/wp\/v2\/tags?post=9197"}],"curies":[{"name":"wp","href":"https:\/\/api.w.org\/{rel}","templated":true}]}}