{"id":9173,"date":"2021-05-17T12:46:40","date_gmt":"2021-05-17T11:46:40","guid":{"rendered":"https:\/\/by-tv.co.uk\/?p=9173"},"modified":"2021-05-17T12:46:40","modified_gmt":"2021-05-17T11:46:40","slug":"ingiltereden-turkiyeye-210-bin-ton-plastik-atik","status":"publish","type":"post","link":"https:\/\/by-tv.co.uk\/en\/ingiltereden-turkiyeye-210-bin-ton-plastik-atik\/","title":{"rendered":"\u0130ngiltere\u2019den T\u00fcrkiye\u2019ye 210 bin ton plastik at\u0131k"},"content":{"rendered":"<p>\u00c7evre \u00f6rg\u00fct\u00fc <strong>Greenpeace<\/strong>\u2019in yay\u0131nlad\u0131\u011f\u0131 rapora g\u00f6re,<strong> \u0130ngiltere<\/strong> ge\u00e7ti\u011fimiz y\u0131l <strong>T\u00fcrkiye<\/strong>\u2019ye yakla\u015f\u0131k 210 bin ton plastik at\u0131k g\u00f6nderdi. Bu rakam \u0130ngiltere\u2019nin plastik at\u0131klar\u0131n\u0131n y\u00fczde 40\u2019\u0131na denk geliyor.<\/p>\n<p>Raporda yer alan iddiaya g\u00f6re, bu at\u0131klar geri d\u00f6n\u00fc\u015ft\u00fcr\u00fclmeyerek \u00e7evreye at\u0131ld\u0131. Yol kenar\u0131, tarla ve su yataklar\u0131na at\u0131ld\u0131\u011f\u0131 \u00f6ne s\u00fcr\u00fclen at\u0131klar, daha sonra yak\u0131ld\u0131.<\/p>\n<p>Greenpeace, T\u00fcrkiye\u2019nin g\u00fcneyinde baz\u0131 \u0130ngiliz markalara ait plastik po\u015fetler bulundu\u011funu a\u00e7\u0131klad\u0131. Hatta sahillerde tuvalet ka\u011f\u0131d\u0131n\u0131n yan\u0131 s\u0131ra Covid-19 testine bile rastland\u0131.<\/p><div id=\"briti-1040447115\" class=\"briti-icerik\" style=\"margin-top: 5px;margin-bottom: 5px;\"><a href=\"https:\/\/piaryum.com\/services\/\" aria-label=\"piaryum banner\"><img loading=\"lazy\" decoding=\"async\" src=\"https:\/\/by-tv.co.uk\/wp-content\/uploads\/2025\/12\/Gemini_Generated_Image_g5yqr1g5yqr1g5yq.jpg\" alt=\"\"  width=\"2064\" height=\"1152\"   \/><\/a><\/div>\n<p>Greenpeace, T\u00fcrkiye&#8217;nin Avrupa&#8217;n\u0131n en b\u00fcy\u00fck plastik at\u0131k \u00e7\u00f6p ithalat\u00e7\u0131s\u0131 olabilece\u011fi uyar\u0131s\u0131nda bulundu.<\/p>\n<div id=\"briti-292289160\" class=\"briti-icerikten-sonra_2\" style=\"margin-top: 25px;margin-bottom: 25px;\"><a href=\"https:\/\/wa.me\/message\/NDZLLIOQT4H3O1\" aria-label=\"bytv reklam banner\"><img loading=\"lazy\" decoding=\"async\" src=\"https:\/\/by-tv.co.uk\/wp-content\/uploads\/2025\/12\/bytv-reklam-banner.jpg\" alt=\"\"  width=\"2376\" height=\"1008\"   \/><\/a><\/div>","protected":false},"excerpt":{"rendered":"<p>\u00c7evre \u00f6rg\u00fct\u00fc Greenpeace\u2019in yay\u0131nlad\u0131\u011f\u0131 rapora g\u00f6re, \u0130ngiltere ge\u00e7ti\u011fimiz y\u0131l T\u00fcrkiye\u2019ye yakla\u015f\u0131k 210 bin ton plastik at\u0131k g\u00f6nderdi. Bu rakam \u0130ngiltere\u2019nin plastik at\u0131klar\u0131n\u0131n y\u00fczde 40\u2019\u0131na denk geliyor. Raporda yer alan iddiaya g\u00f6re, bu at\u0131klar geri d\u00f6n\u00fc\u015ft\u00fcr\u00fclmeyerek \u00e7evreye at\u0131ld\u0131. Yol kenar\u0131, tarla ve su yataklar\u0131na at\u0131ld\u0131\u011f\u0131 \u00f6ne s\u00fcr\u00fclen at\u0131klar, daha sonra yak\u0131ld\u0131. Greenpeace, T\u00fcrkiye\u2019nin g\u00fcneyinde baz\u0131 \u0130ngiliz markalara ait plastik po\u015fetler bulundu\u011funu a\u00e7\u0131klad\u0131. Hatta sahillerde tuvalet ka\u011f\u0131d\u0131n\u0131n yan\u0131 s\u0131ra Covid-19 testine bile rastland\u0131. Greenpeace, T\u00fcrkiye&#8217;nin Avrupa&#8217;n\u0131n en b\u00fcy\u00fck plastik at\u0131k \u00e7\u00f6p ithalat\u00e7\u0131s\u0131 olabilece\u011fi uyar\u0131s\u0131nda bulundu.<\/p>","protected":false},"author":7,"featured_media":9174,"comment_status":"open","ping_status":"open","sticky":false,"template":"","format":"standard","meta":{"ngg_post_thumbnail":0,"footnotes":""},"categories":[1],"tags":[2462,149,144],"class_list":["post-9173","post","type-post","status-publish","format-standard","has-post-thumbnail","hentry","category-genel","tag-ingiltereturkiye","tag-ingiltere","tag-turkiye"],"_links":{"self":[{"href":"https:\/\/by-tv.co.uk\/en\/wp-json\/wp\/v2\/posts\/9173","targetHints":{"allow":["GET"]}}],"collection":[{"href":"https:\/\/by-tv.co.uk\/en\/wp-json\/wp\/v2\/posts"}],"about":[{"href":"https:\/\/by-tv.co.uk\/en\/wp-json\/wp\/v2\/types\/post"}],"author":[{"embeddable":true,"href":"https:\/\/by-tv.co.uk\/en\/wp-json\/wp\/v2\/users\/7"}],"replies":[{"embeddable":true,"href":"https:\/\/by-tv.co.uk\/en\/wp-json\/wp\/v2\/comments?post=9173"}],"version-history":[{"count":0,"href":"https:\/\/by-tv.co.uk\/en\/wp-json\/wp\/v2\/posts\/9173\/revisions"}],"wp:featuredmedia":[{"embeddable":true,"href":"https:\/\/by-tv.co.uk\/en\/wp-json\/wp\/v2\/media\/9174"}],"wp:attachment":[{"href":"https:\/\/by-tv.co.uk\/en\/wp-json\/wp\/v2\/media?parent=9173"}],"wp:term":[{"taxonomy":"category","embeddable":true,"href":"https:\/\/by-tv.co.uk\/en\/wp-json\/wp\/v2\/categories?post=9173"},{"taxonomy":"post_tag","embeddable":true,"href":"https:\/\/by-tv.co.uk\/en\/wp-json\/wp\/v2\/tags?post=9173"}],"curies":[{"name":"wp","href":"https:\/\/api.w.org\/{rel}","templated":true}]}}