{"id":9167,"date":"2021-05-17T12:12:58","date_gmt":"2021-05-17T11:12:58","guid":{"rendered":"https:\/\/by-tv.co.uk\/?p=9167"},"modified":"2021-05-17T12:46:14","modified_gmt":"2021-05-17T11:46:14","slug":"haftada-55-saat-calisan-erken-oluyor","status":"publish","type":"post","link":"https:\/\/by-tv.co.uk\/en\/haftada-55-saat-calisan-erken-oluyor\/","title":{"rendered":"Haftada 55 saat \u00e7al\u0131\u015fan, erken \u00f6l\u00fcyor"},"content":{"rendered":"<p>D\u00fcnya Sa\u011fl\u0131k \u00d6rg\u00fct\u00fc (<strong>WHO<\/strong>) ve Uluslararas\u0131 \u00c7al\u0131\u015fma \u00d6rg\u00fct\u00fc (<strong>ILO<\/strong>) taraf\u0131ndan \u00e7al\u0131\u015fanlarla ilgili yapt\u0131\u011f\u0131 a\u00e7\u0131klamada \u00e7arp\u0131c\u0131 tespiti yer ald\u0131.<\/p>\n<p>BBC\u2019nin haberine g\u00f6re, <strong>uzun \u00e7al\u0131\u015fma saatleri<\/strong> d\u00fcnya genelinde y\u0131lda 745 bin ki\u015finin \u00f6l\u00fcm\u00fcne neden oluyor. \u00d6lenlerin \u00e7o\u011fu G\u00fcney Do\u011fu Asya ve Bat\u0131 Pasifik\u2019ten.<\/p>\n<blockquote class=\"twitter-tweet\">\n<p dir=\"ltr\" lang=\"tr\">WHO: Uzun \u00e7al\u0131\u015fma saatleri y\u00fcz\u00fcnden d\u00fcnyada her y\u0131l 745 bin ki\u015fi \u00f6l\u00fcyor<\/p>\n<p>Avrupa&#8217;da haftal\u0131k ortalama \u00e7al\u0131\u015fma s\u00fcreleri (saat):<br \/>\n\ud83c\uddf9\ud83c\uddf7T\u00fcrkiye 46.4<br \/>\n\ud83c\uddf7\ud83c\uddf4Romanya 40.5<br \/>\n\ud83c\udde7\ud83c\uddecBulgaristan 40.4<br \/>\n\ud83c\uddf5\ud83c\uddf1Polonya 39.7<br \/>\n\ud83c\uddec\ud83c\uddf7Yunanistan 38.6<br \/>\n\ud83c\uddec\ud83c\udde7\u0130ngiltere 36.5<br \/>\n\ud83c\uddeb\ud83c\uddf7Fransa 36.3<br \/>\n\ud83c\udde9\ud83c\uddeaAlmanya 34.2 <a href=\"https:\/\/t.co\/gaM2tMCGDd\">https:\/\/t.co\/gaM2tMCGDd<\/a><\/p>\n<p>\u2014 BBC News T\u00fcrk\u00e7e (@bbcturkce) <a href=\"https:\/\/twitter.com\/bbcturkce\/status\/1394252098594869251?ref_src=twsrc%5Etfw\" target=\"_blank\" rel=\"noopener\">May 17, 2021<\/a><\/p><\/blockquote>\n<p><script async=\"\" src=\"https:\/\/platform.twitter.com\/widgets.js\" charset=\"utf-8\"><\/script><br \/>\nAra\u015ft\u0131rmada haftada 55 saatten fazla \u00e7al\u0131\u015fan birinin, 35-40 saat \u00e7al\u0131\u015fan birine g\u00f6re fel\u00e7 ge\u00e7irme riskinin y\u00fczde 35, kalp hastal\u0131klar\u0131 riskinin ise y\u00fczde 17 artt\u0131\u011f\u0131 belirtildi.<\/p><div id=\"briti-100157786\" class=\"briti-icerik\" style=\"margin-top: 5px;margin-bottom: 5px;\"><a href=\"https:\/\/piaryum.com\/services\/\" aria-label=\"piaryum banner\"><img loading=\"lazy\" decoding=\"async\" src=\"https:\/\/by-tv.co.uk\/wp-content\/uploads\/2025\/12\/Gemini_Generated_Image_g5yqr1g5yqr1g5yq.jpg\" alt=\"\"  width=\"2064\" height=\"1152\"   \/><\/a><\/div>\n<p>Ara\u015ft\u0131rmada ayr\u0131ca fazla mesai y\u00fcz\u00fcnden \u00f6lenlerin b\u00fcy\u00fck bir \u00e7o\u011funlu\u011funu orta ya\u015f \u00fczeri erkeklerin olu\u015fturdu\u011fu da tespit edildi.<\/p>\n<div id=\"briti-2871844417\" class=\"briti-icerikten-sonra_2\" style=\"margin-top: 25px;margin-bottom: 25px;\"><a href=\"https:\/\/wa.me\/message\/NDZLLIOQT4H3O1\" aria-label=\"bytv reklam banner\"><img loading=\"lazy\" decoding=\"async\" src=\"https:\/\/by-tv.co.uk\/wp-content\/uploads\/2025\/12\/bytv-reklam-banner.jpg\" alt=\"\"  width=\"2376\" height=\"1008\"   \/><\/a><\/div>","protected":false},"excerpt":{"rendered":"<p>D\u00fcnya Sa\u011fl\u0131k \u00d6rg\u00fct\u00fc (WHO) ve Uluslararas\u0131 \u00c7al\u0131\u015fma \u00d6rg\u00fct\u00fc (ILO) taraf\u0131ndan \u00e7al\u0131\u015fanlarla ilgili yapt\u0131\u011f\u0131 a\u00e7\u0131klamada \u00e7arp\u0131c\u0131 tespiti yer ald\u0131. BBC\u2019nin haberine g\u00f6re, uzun \u00e7al\u0131\u015fma saatleri d\u00fcnya genelinde y\u0131lda 745 bin ki\u015finin \u00f6l\u00fcm\u00fcne neden oluyor. \u00d6lenlerin \u00e7o\u011fu G\u00fcney Do\u011fu Asya ve Bat\u0131 Pasifik\u2019ten. WHO: Uzun \u00e7al\u0131\u015fma saatleri y\u00fcz\u00fcnden d\u00fcnyada her y\u0131l 745 bin ki\u015fi \u00f6l\u00fcyor Avrupa&#8217;da haftal\u0131k ortalama \u00e7al\u0131\u015fma s\u00fcreleri (saat): \ud83c\uddf9\ud83c\uddf7T\u00fcrkiye 46.4 \ud83c\uddf7\ud83c\uddf4Romanya 40.5 \ud83c\udde7\ud83c\uddecBulgaristan 40.4 \ud83c\uddf5\ud83c\uddf1Polonya 39.7 \ud83c\uddec\ud83c\uddf7Yunanistan 38.6 \ud83c\uddec\ud83c\udde7\u0130ngiltere 36.5 \ud83c\uddeb\ud83c\uddf7Fransa 36.3 \ud83c\udde9\ud83c\uddeaAlmanya 34.2 https:\/\/t.co\/gaM2tMCGDd \u2014 BBC News T\u00fcrk\u00e7e (@bbcturkce) May 17, 2021 Ara\u015ft\u0131rmada haftada 55 saatten fazla \u00e7al\u0131\u015fan birinin, 35-40 saat \u00e7al\u0131\u015fan birine g\u00f6re fel\u00e7 ge\u00e7irme riskinin y\u00fczde [&hellip;]<\/p>\n","protected":false},"author":7,"featured_media":9171,"comment_status":"open","ping_status":"open","sticky":false,"template":"","format":"standard","meta":{"ngg_post_thumbnail":0,"footnotes":""},"categories":[1,15],"tags":[2901,558,2900,2899],"class_list":["post-9167","post","type-post","status-publish","format-standard","has-post-thumbnail","hentry","category-genel","category-ingiltere","tag-cok-calisma","tag-dunya-saglik-orgutu","tag-fazla-mesai","tag-uluslararasi-calisma-orgutu"],"_links":{"self":[{"href":"https:\/\/by-tv.co.uk\/en\/wp-json\/wp\/v2\/posts\/9167","targetHints":{"allow":["GET"]}}],"collection":[{"href":"https:\/\/by-tv.co.uk\/en\/wp-json\/wp\/v2\/posts"}],"about":[{"href":"https:\/\/by-tv.co.uk\/en\/wp-json\/wp\/v2\/types\/post"}],"author":[{"embeddable":true,"href":"https:\/\/by-tv.co.uk\/en\/wp-json\/wp\/v2\/users\/7"}],"replies":[{"embeddable":true,"href":"https:\/\/by-tv.co.uk\/en\/wp-json\/wp\/v2\/comments?post=9167"}],"version-history":[{"count":0,"href":"https:\/\/by-tv.co.uk\/en\/wp-json\/wp\/v2\/posts\/9167\/revisions"}],"wp:featuredmedia":[{"embeddable":true,"href":"https:\/\/by-tv.co.uk\/en\/wp-json\/wp\/v2\/media\/9171"}],"wp:attachment":[{"href":"https:\/\/by-tv.co.uk\/en\/wp-json\/wp\/v2\/media?parent=9167"}],"wp:term":[{"taxonomy":"category","embeddable":true,"href":"https:\/\/by-tv.co.uk\/en\/wp-json\/wp\/v2\/categories?post=9167"},{"taxonomy":"post_tag","embeddable":true,"href":"https:\/\/by-tv.co.uk\/en\/wp-json\/wp\/v2\/tags?post=9167"}],"curies":[{"name":"wp","href":"https:\/\/api.w.org\/{rel}","templated":true}]}}