{"id":8998,"date":"2021-05-08T18:19:27","date_gmt":"2021-05-08T17:19:27","guid":{"rendered":"https:\/\/by-tv.co.uk\/?p=8998"},"modified":"2021-05-08T18:23:39","modified_gmt":"2021-05-08T17:23:39","slug":"26-yasindaki-ayten-guzel-southbury-bolgesinden-belediye-meclis-uyesi-olarak-secildi","status":"publish","type":"post","link":"https:\/\/by-tv.co.uk\/en\/26-yasindaki-ayten-guzel-southbury-bolgesinden-belediye-meclis-uyesi-olarak-secildi\/","title":{"rendered":"26 ya\u015f\u0131ndaki Ayten G\u00fczel, Southbury b\u00f6lgesinden belediye meclis \u00fcyesi olarak se\u00e7ildi"},"content":{"rendered":"<p>\u0130ngiltere&#8217;de ya\u015fayan Ayten G\u00fczel, Londra&#8217;n\u0131n Enfield il\u00e7esi Southbury b\u00f6lgesinden, \u0130\u015f\u00e7i Partisi&#8217;nden belediye meclis \u00fcyesi olarak se\u00e7ildi. 26 ya\u015f\u0131ndaki Ayten G\u00fczel, Nottingham \u00dcniversitesi Siyaset Bilimi ve Kamu Y\u00f6netimi b\u00f6l\u00fcm\u00fcnden mezun oldu.<\/p>\n<div id=\"briti-2268881186\" class=\"briti-icerikten-sonra_2\" style=\"margin-top: 25px;margin-bottom: 25px;\"><a href=\"https:\/\/wa.me\/message\/NDZLLIOQT4H3O1\" aria-label=\"bytv reklam banner\"><img loading=\"lazy\" decoding=\"async\" src=\"https:\/\/by-tv.co.uk\/wp-content\/uploads\/2025\/12\/bytv-reklam-banner.jpg\" alt=\"\"  width=\"2376\" height=\"1008\"   \/><\/a><\/div>","protected":false},"excerpt":{"rendered":"<p>\u0130ngiltere&#8217;de ya\u015fayan Ayten G\u00fczel, Londra&#8217;n\u0131n Enfield il\u00e7esi Southbury b\u00f6lgesinden, \u0130\u015f\u00e7i Partisi&#8217;nden belediye meclis \u00fcyesi olarak se\u00e7ildi. 26 ya\u015f\u0131ndaki Ayten G\u00fczel, Nottingham \u00dcniversitesi Siyaset Bilimi ve Kamu Y\u00f6netimi b\u00f6l\u00fcm\u00fcnden mezun oldu.<\/p>","protected":false},"author":1,"featured_media":8999,"comment_status":"open","ping_status":"open","sticky":false,"template":"","format":"standard","meta":{"ngg_post_thumbnail":0,"footnotes":""},"categories":[15],"tags":[2863,361,2864],"class_list":["post-8998","post","type-post","status-publish","format-standard","has-post-thumbnail","hentry","category-ingiltere","tag-ayten-guzel","tag-enfield","tag-ingiltere-secim"],"_links":{"self":[{"href":"https:\/\/by-tv.co.uk\/en\/wp-json\/wp\/v2\/posts\/8998","targetHints":{"allow":["GET"]}}],"collection":[{"href":"https:\/\/by-tv.co.uk\/en\/wp-json\/wp\/v2\/posts"}],"about":[{"href":"https:\/\/by-tv.co.uk\/en\/wp-json\/wp\/v2\/types\/post"}],"author":[{"embeddable":true,"href":"https:\/\/by-tv.co.uk\/en\/wp-json\/wp\/v2\/users\/1"}],"replies":[{"embeddable":true,"href":"https:\/\/by-tv.co.uk\/en\/wp-json\/wp\/v2\/comments?post=8998"}],"version-history":[{"count":0,"href":"https:\/\/by-tv.co.uk\/en\/wp-json\/wp\/v2\/posts\/8998\/revisions"}],"wp:featuredmedia":[{"embeddable":true,"href":"https:\/\/by-tv.co.uk\/en\/wp-json\/wp\/v2\/media\/8999"}],"wp:attachment":[{"href":"https:\/\/by-tv.co.uk\/en\/wp-json\/wp\/v2\/media?parent=8998"}],"wp:term":[{"taxonomy":"category","embeddable":true,"href":"https:\/\/by-tv.co.uk\/en\/wp-json\/wp\/v2\/categories?post=8998"},{"taxonomy":"post_tag","embeddable":true,"href":"https:\/\/by-tv.co.uk\/en\/wp-json\/wp\/v2\/tags?post=8998"}],"curies":[{"name":"wp","href":"https:\/\/api.w.org\/{rel}","templated":true}]}}