{"id":8860,"date":"2021-04-28T12:57:14","date_gmt":"2021-04-28T11:57:14","guid":{"rendered":"https:\/\/by-tv.co.uk\/?p=8860"},"modified":"2021-04-28T12:57:14","modified_gmt":"2021-04-28T11:57:14","slug":"thyden-tam-kapanmada-izin-belgesi-aciklamasi","status":"publish","type":"post","link":"https:\/\/by-tv.co.uk\/en\/thyden-tam-kapanmada-izin-belgesi-aciklamasi\/","title":{"rendered":"THY&#8217;den tam kapanmada izin belgesi a\u00e7\u0131klamas\u0131"},"content":{"rendered":"<p>T\u00fcrk Hava Yollar\u0131 (THY), yeni tip koronavir\u00fcs (Kovid-19) tedbirleri kapsam\u0131nda&nbsp; 29 Nisan saat 19.00&nbsp; ila 17 May\u0131s saat 05.00 aras\u0131nda uygulanacak olan&nbsp;&#8216;tam kapanma&#8217; g\u00fcnlerinde&nbsp;yurt i\u00e7i seyahatlerin izin belgesi al\u0131narak yap\u0131labilece\u011fini a\u00e7\u0131klad\u0131. THY, ayr\u0131ca yurt d\u0131\u015f\u0131 u\u00e7u\u015flarda izin belgesinin zorunlu olmad\u0131\u011f\u0131n\u0131 aktard\u0131.<\/p>\n<p>THY&#8217;nin sosyal medya hesab\u0131ndan yap\u0131lan a\u00e7\u0131klamada, \u015fu bilgilere yer verildi:<\/p>\n<blockquote class=\"twitter-tweet\">\n<p dir=\"ltr\" lang=\"tr\">T\u00fcrkiye \u00e7\u0131k\u0131\u015fl\u0131 ve var\u0131\u015fl\u0131 seyahat edecek yolcular\u0131m\u0131z\u0131n dikkatine: <a href=\"https:\/\/t.co\/sI4f76iyzy\">pic.twitter.com\/sI4f76iyzy<\/a><\/p>\n<p>\u2014 TK HelpDesk (@TK_HelpDesk) <a href=\"https:\/\/twitter.com\/TK_HelpDesk\/status\/1387318919149625347?ref_src=twsrc%5Etfw\" target=\"_blank\" rel=\"noopener\">April 28, 2021<\/a><\/p><\/blockquote>\n<p><script async=\"\" src=\"https:\/\/platform.twitter.com\/widgets.js\" charset=\"utf-8\"><\/script><br \/>\n&#8220;29 Nisan Per\u015fembe g\u00fcn\u00fc saat 19.00 ile 17 May\u0131s Pazartesi g\u00fcn\u00fc saat 05.00 aras\u0131nda yurt d\u0131\u015f\u0131ndan gelmeyi ya da yurt d\u0131\u015f\u0131na seyahat etmeyi planlayan yolcular\u0131m\u0131z (\u0130\u00e7 hat aktarmal\u0131 seyahat edecekler de dahil olmak \u00fczere) seyahat izin belgesi gerekmeksizin yap\u0131lan kontrollerde yurt d\u0131\u015f\u0131 u\u00e7u\u015flar\u0131na dair biletlerini ibraz ederek ve var\u0131\u015f \u00fclkesi kabul \u015fartlar\u0131n\u0131 dikkate alarak seyahatlerini ger\u00e7ekle\u015ftirebileceklerdir. G\u00fcncel geli\u015fmeler i\u00e7in sosyal medya hesaplar\u0131m\u0131z\u0131 ve web sitemizde yer alan duyurular\u0131m\u0131z\u0131 takip edebilirsiniz.&#8221;&nbsp;<\/p><div id=\"briti-3952372553\" class=\"briti-icerik\" style=\"margin-top: 5px;margin-bottom: 5px;\"><a href=\"https:\/\/piaryum.com\/services\/\" aria-label=\"piaryum banner\"><img loading=\"lazy\" decoding=\"async\" src=\"https:\/\/by-tv.co.uk\/wp-content\/uploads\/2025\/12\/Gemini_Generated_Image_g5yqr1g5yqr1g5yq.jpg\" alt=\"\"  width=\"2064\" height=\"1152\"   \/><\/a><\/div>\n<div id=\"briti-1333277320\" class=\"briti-icerikten-sonra_2\" style=\"margin-top: 25px;margin-bottom: 25px;\"><a href=\"https:\/\/wa.me\/message\/NDZLLIOQT4H3O1\" aria-label=\"bytv reklam banner\"><img loading=\"lazy\" decoding=\"async\" src=\"https:\/\/by-tv.co.uk\/wp-content\/uploads\/2025\/12\/bytv-reklam-banner.jpg\" alt=\"\"  width=\"2376\" height=\"1008\"   \/><\/a><\/div>","protected":false},"excerpt":{"rendered":"<p>T\u00fcrk Hava Yollar\u0131 (THY), yeni tip koronavir\u00fcs (Kovid-19) tedbirleri kapsam\u0131nda&nbsp; 29 Nisan saat 19.00&nbsp; ila 17 May\u0131s saat 05.00 aras\u0131nda uygulanacak olan&nbsp;&#8216;tam kapanma&#8217; g\u00fcnlerinde&nbsp;yurt i\u00e7i seyahatlerin izin belgesi al\u0131narak yap\u0131labilece\u011fini a\u00e7\u0131klad\u0131. THY, ayr\u0131ca yurt d\u0131\u015f\u0131 u\u00e7u\u015flarda izin belgesinin zorunlu olmad\u0131\u011f\u0131n\u0131 aktard\u0131. THY&#8217;nin sosyal medya hesab\u0131ndan yap\u0131lan a\u00e7\u0131klamada, \u015fu bilgilere yer verildi: T\u00fcrkiye \u00e7\u0131k\u0131\u015fl\u0131 ve var\u0131\u015fl\u0131 seyahat edecek yolcular\u0131m\u0131z\u0131n dikkatine: pic.twitter.com\/sI4f76iyzy \u2014 TK HelpDesk (@TK_HelpDesk) April 28, 2021 &#8220;29 Nisan Per\u015fembe g\u00fcn\u00fc saat 19.00 ile 17 May\u0131s Pazartesi g\u00fcn\u00fc saat 05.00 aras\u0131nda yurt d\u0131\u015f\u0131ndan gelmeyi ya da yurt d\u0131\u015f\u0131na seyahat etmeyi planlayan yolcular\u0131m\u0131z (\u0130\u00e7 hat aktarmal\u0131 seyahat edecekler de dahil olmak [&hellip;]<\/p>\n","protected":false},"author":1,"featured_media":8861,"comment_status":"open","ping_status":"open","sticky":false,"template":"","format":"standard","meta":{"ngg_post_thumbnail":0,"footnotes":""},"categories":[15],"tags":[348,1979],"class_list":["post-8860","post","type-post","status-publish","format-standard","has-post-thumbnail","hentry","category-ingiltere","tag-thy","tag-turk-hava-yollari"],"_links":{"self":[{"href":"https:\/\/by-tv.co.uk\/en\/wp-json\/wp\/v2\/posts\/8860","targetHints":{"allow":["GET"]}}],"collection":[{"href":"https:\/\/by-tv.co.uk\/en\/wp-json\/wp\/v2\/posts"}],"about":[{"href":"https:\/\/by-tv.co.uk\/en\/wp-json\/wp\/v2\/types\/post"}],"author":[{"embeddable":true,"href":"https:\/\/by-tv.co.uk\/en\/wp-json\/wp\/v2\/users\/1"}],"replies":[{"embeddable":true,"href":"https:\/\/by-tv.co.uk\/en\/wp-json\/wp\/v2\/comments?post=8860"}],"version-history":[{"count":0,"href":"https:\/\/by-tv.co.uk\/en\/wp-json\/wp\/v2\/posts\/8860\/revisions"}],"wp:featuredmedia":[{"embeddable":true,"href":"https:\/\/by-tv.co.uk\/en\/wp-json\/wp\/v2\/media\/8861"}],"wp:attachment":[{"href":"https:\/\/by-tv.co.uk\/en\/wp-json\/wp\/v2\/media?parent=8860"}],"wp:term":[{"taxonomy":"category","embeddable":true,"href":"https:\/\/by-tv.co.uk\/en\/wp-json\/wp\/v2\/categories?post=8860"},{"taxonomy":"post_tag","embeddable":true,"href":"https:\/\/by-tv.co.uk\/en\/wp-json\/wp\/v2\/tags?post=8860"}],"curies":[{"name":"wp","href":"https:\/\/api.w.org\/{rel}","templated":true}]}}