{"id":8787,"date":"2021-04-22T18:21:16","date_gmt":"2021-04-22T17:21:16","guid":{"rendered":"https:\/\/by-tv.co.uk\/?p=8787"},"modified":"2021-04-22T20:03:17","modified_gmt":"2021-04-22T19:03:17","slug":"ohsad-baskani-bir-hafta-sonra-yogun-bakimdaki-hasta-sayilarinin-70-bini-bulmasi-durumunda-sistem-tikanacak","status":"publish","type":"post","link":"https:\/\/by-tv.co.uk\/en\/ohsad-baskani-bir-hafta-sonra-yogun-bakimdaki-hasta-sayilarinin-70-bini-bulmasi-durumunda-sistem-tikanacak\/","title":{"rendered":"OHSAD Ba\u015fkan\u0131: &#8220;Bir hafta sonra yo\u011fun bak\u0131mdaki hasta say\u0131lar\u0131n\u0131n 70 bini bulmas\u0131 durumunda sistem t\u0131kanacak&#8221;"},"content":{"rendered":"<p>\u00d6zel Hastaneler ve Sa\u011fl\u0131k Kurulu\u015flar\u0131 Derne\u011fi Ba\u015fkan\u0131 Dr. Re\u015fat Bahat, Covid-19 salg\u0131n\u0131 nedeniyle T\u00fcrkiye\u2019deki hastanelerde 60, 61 bin civar\u0131nda yo\u011fun bak\u0131mda hasta oldu\u011funu ve yo\u011fun bak\u0131mdaki hasta say\u0131lar\u0131n\u0131n 70 bini bulmas\u0131 durumunda bir hafta sonra sistemin t\u0131kanaca\u011f\u0131n\u0131 belirtti.<\/p>\n<p>Dr. Bahat, bundan sonra sorumlulu\u011fun vatanda\u015fta oldu\u011funu dile getirerek \u201cD\u00fcnyadaki hi\u00e7bir sa\u011fl\u0131k sisteminin T\u00fcrkiye d\u0131\u015f\u0131nda bunun kald\u0131r\u0131labilece\u011fini inanm\u0131yorum. \u0130nanmamam\u0131n fiziki temelleri var. \u00c7\u00fcnk\u00fc T\u00fcrkiye, Avrupa Birli\u011fi\u2019nde ki\u015fi ba\u015f\u0131na yo\u011fum bak\u0131m yata\u011f\u0131 d\u00fc\u015fen en fazla d\u00fc\u015fen tek \u00fclke. Ayr\u0131ca ortalama n\u00fcfus ya\u015f\u0131 da 33 olan tek \u00fclke. Bu durum da bile hastanelerin bir hafta sonra yetemez duruma gelece\u011fini d\u00fc\u015f\u00fcn\u00fcyorum \u201c a\u00e7\u0131klamas\u0131n\u0131 yapt\u0131.<\/p>\n<p><iframe loading=\"lazy\" title=\"YouTube video player\" src=\"https:\/\/www.youtube.com\/embed\/iFdHbFq_qO4\" width=\"1280\" height=\"720\" frameborder=\"0\" allowfullscreen=\"allowfullscreen\"><\/iframe><\/p>\n<p>Brit \u0130\u015f-Ya\u015fam Tv\u2019de Ergin Balabeyo\u011flu\u2019nun sorular\u0131n\u0131 yan\u0131tlayan OHSAD Ba\u015fkan\u0131 Dr. Bahat, Haziran sonunu kadar tedbirlerin devam etmesi durumunda kontrol sa\u011flanabilece\u011fini, Ramazan ay\u0131nda da tam kapanma olabilirse say\u0131lar\u0131n yar\u0131 yar\u0131ya d\u00fc\u015febilece\u011fini kaydetti.<\/p><div id=\"briti-1182897668\" class=\"briti-icerik\" style=\"margin-top: 5px;margin-bottom: 5px;\"><a href=\"https:\/\/piaryum.com\/services\/\" aria-label=\"piaryum banner\"><img loading=\"lazy\" decoding=\"async\" src=\"https:\/\/by-tv.co.uk\/wp-content\/uploads\/2025\/12\/Gemini_Generated_Image_g5yqr1g5yqr1g5yq.jpg\" alt=\"\"  width=\"2064\" height=\"1152\"   \/><\/a><\/div>\n<h4>Buldu\u011funuz a\u015f\u0131y\u0131 yapt\u0131r\u0131n<\/h4>\n<p>\u0130nsanlar\u0131n bulabildi\u011fi b\u00fct\u00fcn emniyetli kovid a\u015f\u0131lar\u0131n\u0131 olmalar\u0131n\u0131 \u00f6neren OHSAD Ba\u015fkan\u0131, pandeminin ba\u015f\u0131nda Covid-19\u2019a yakalanmada ba\u015f\u0131 \u00e7eken 65 ya\u015f \u00fcst\u00fc ki\u015filer ve sa\u011fl\u0131k \u00e7al\u0131\u015fanlar\u0131n\u0131n \u00f6ncelikli a\u015f\u0131lanarak durumun tersine \u00e7evrildi\u011fini ve bu d\u00f6nemde en az vakan\u0131n oldu\u011fu ki\u015filerin bu gruplarda oldu\u011funu belirtti.<\/p>\n<p>&nbsp;<\/p>\n<div id=\"briti-2080561941\" class=\"briti-icerikten-sonra_2\" style=\"margin-top: 25px;margin-bottom: 25px;\"><a href=\"https:\/\/wa.me\/message\/NDZLLIOQT4H3O1\" aria-label=\"bytv reklam banner\"><img loading=\"lazy\" decoding=\"async\" src=\"https:\/\/by-tv.co.uk\/wp-content\/uploads\/2025\/12\/bytv-reklam-banner.jpg\" alt=\"\"  width=\"2376\" height=\"1008\"   \/><\/a><\/div>","protected":false},"excerpt":{"rendered":"<p>\u00d6zel Hastaneler ve Sa\u011fl\u0131k Kurulu\u015flar\u0131 Derne\u011fi Ba\u015fkan\u0131 Dr. Re\u015fat Bahat, Covid-19 salg\u0131n\u0131 nedeniyle T\u00fcrkiye\u2019deki hastanelerde 60, 61 bin civar\u0131nda yo\u011fun bak\u0131mda hasta oldu\u011funu ve yo\u011fun bak\u0131mdaki hasta say\u0131lar\u0131n\u0131n 70 bini bulmas\u0131 durumunda bir hafta sonra sistemin t\u0131kanaca\u011f\u0131n\u0131 belirtti. Dr. Bahat, bundan sonra sorumlulu\u011fun vatanda\u015fta oldu\u011funu dile getirerek \u201cD\u00fcnyadaki hi\u00e7bir sa\u011fl\u0131k sisteminin T\u00fcrkiye d\u0131\u015f\u0131nda bunun kald\u0131r\u0131labilece\u011fini inanm\u0131yorum. \u0130nanmamam\u0131n fiziki temelleri var. \u00c7\u00fcnk\u00fc T\u00fcrkiye, Avrupa Birli\u011fi\u2019nde ki\u015fi ba\u015f\u0131na yo\u011fum bak\u0131m yata\u011f\u0131 d\u00fc\u015fen en fazla d\u00fc\u015fen tek \u00fclke. Ayr\u0131ca ortalama n\u00fcfus ya\u015f\u0131 da 33 olan tek \u00fclke. Bu durum da bile hastanelerin bir hafta sonra yetemez duruma gelece\u011fini d\u00fc\u015f\u00fcn\u00fcyorum \u201c a\u00e7\u0131klamas\u0131n\u0131 yapt\u0131. Brit [&hellip;]<\/p>\n","protected":false},"author":1,"featured_media":8788,"comment_status":"open","ping_status":"open","sticky":false,"template":"","format":"video","meta":{"ngg_post_thumbnail":0,"footnotes":""},"categories":[1292],"tags":[808,2793,2791,588,2789,2790,1550,2792],"class_list":["post-8787","post","type-post","status-publish","format-video","has-post-thumbnail","hentry","category-turkiye","tag-covid-19","tag-doluluk-oranlari","tag-dr-resat-bahat","tag-koronavirus","tag-ohsad","tag-ozel-hastaneler-ve-saglik-kurumlari-dernegi","tag-pandemi","tag-yogun-bakim","post_format-post-format-video"],"_links":{"self":[{"href":"https:\/\/by-tv.co.uk\/en\/wp-json\/wp\/v2\/posts\/8787","targetHints":{"allow":["GET"]}}],"collection":[{"href":"https:\/\/by-tv.co.uk\/en\/wp-json\/wp\/v2\/posts"}],"about":[{"href":"https:\/\/by-tv.co.uk\/en\/wp-json\/wp\/v2\/types\/post"}],"author":[{"embeddable":true,"href":"https:\/\/by-tv.co.uk\/en\/wp-json\/wp\/v2\/users\/1"}],"replies":[{"embeddable":true,"href":"https:\/\/by-tv.co.uk\/en\/wp-json\/wp\/v2\/comments?post=8787"}],"version-history":[{"count":0,"href":"https:\/\/by-tv.co.uk\/en\/wp-json\/wp\/v2\/posts\/8787\/revisions"}],"wp:featuredmedia":[{"embeddable":true,"href":"https:\/\/by-tv.co.uk\/en\/wp-json\/wp\/v2\/media\/8788"}],"wp:attachment":[{"href":"https:\/\/by-tv.co.uk\/en\/wp-json\/wp\/v2\/media?parent=8787"}],"wp:term":[{"taxonomy":"category","embeddable":true,"href":"https:\/\/by-tv.co.uk\/en\/wp-json\/wp\/v2\/categories?post=8787"},{"taxonomy":"post_tag","embeddable":true,"href":"https:\/\/by-tv.co.uk\/en\/wp-json\/wp\/v2\/tags?post=8787"}],"curies":[{"name":"wp","href":"https:\/\/api.w.org\/{rel}","templated":true}]}}