{"id":8729,"date":"2021-04-17T18:32:17","date_gmt":"2021-04-17T17:32:17","guid":{"rendered":"https:\/\/by-tv.co.uk\/?p=8729"},"modified":"2024-09-09T02:07:07","modified_gmt":"2024-09-09T01:07:07","slug":"ingiltere-kralicesi-2-elizabethin-esi-prens-philip-icin-cenaze-toreni-duzenlendi","status":"publish","type":"post","link":"https:\/\/by-tv.co.uk\/en\/ingiltere-kralicesi-2-elizabethin-esi-prens-philip-icin-cenaze-toreni-duzenlendi\/","title":{"rendered":"\u0130ngiltere Krali\u00e7esi 2. Elizabeth&#8217;in e\u015fi Prens Philip i\u00e7in cenaze t\u00f6reni d\u00fczenlendi"},"content":{"rendered":"<p>\u0130ngiltere Krali\u00e7esi 2. Elizabeth&#8217;in e\u015fi Prens Philip i\u00e7in cenaze t\u00f6reni d\u00fczenlendi.<\/p>\n<p>Prens Philip i\u00e7in Kraliyet ailesinin resmi konutlar\u0131ndan olan Windsor Kalesi&#8217;nde cenaze t\u00f6reni d\u00fczenlendi.<\/p>\n<p>Ba\u015fkent Londra&#8217;ya yakla\u015f\u0131k 50 kilometre uzakl\u0131kta bulunan kaledeki t\u00f6ren, 14.40&#8217;ta (TS\u0130 16.40) ba\u015flad\u0131.<\/p><div id=\"briti-1110254542\" class=\"briti-icerik\" style=\"margin-top: 5px;margin-bottom: 5px;\"><a href=\"https:\/\/piaryum.com\/services\/\" aria-label=\"piaryum banner\"><img loading=\"lazy\" decoding=\"async\" src=\"https:\/\/by-tv.co.uk\/wp-content\/uploads\/2025\/12\/Gemini_Generated_Image_g5yqr1g5yqr1g5yq.jpg\" alt=\"\"  width=\"2064\" height=\"1152\"   \/><\/a><\/div>\n<p>Cenaze arac\u0131na Prens Phillip&#8217;in \u00e7ocuklar\u0131 Prens Charles, Andrew ve Edward ile Prenses Anne ve Kraliyet ailesinin di\u011fer \u00fcyeleri e\u015flik etti.<\/p>\n<blockquote class=\"instagram-media\" style=\"background: #FFF; border: 0; border-radius: 3px; box-shadow: 0 0 1px 0 rgba(0,0,0,0.5),0 1px 10px 0 rgba(0,0,0,0.15); margin: 1px; max-width: 540px; min-width: 326px; padding: 0; width: calc(100% - 2px);\" data-instgrm-permalink=\"https:\/\/www.instagram.com\/p\/CNxnQDIqQui\/?utm_source=ig_embed&amp;utm_campaign=loading\" data-instgrm-version=\"13\">\n<div style=\"padding: 16px;\">\n<p>&nbsp;<\/p>\n<div style=\"display: flex; flex-direction: row; align-items: center;\">\n<div style=\"background-color: #f4f4f4; border-radius: 50%; flex-grow: 0; height: 40px; margin-right: 14px; width: 40px;\">&nbsp;<\/div>\n<div style=\"display: flex; flex-direction: column; flex-grow: 1; justify-content: center;\">\n<div style=\"background-color: #f4f4f4; border-radius: 4px; flex-grow: 0; height: 14px; margin-bottom: 6px; width: 100px;\">&nbsp;<\/div>\n<div style=\"background-color: #f4f4f4; border-radius: 4px; flex-grow: 0; height: 14px; width: 60px;\">&nbsp;<\/div>\n<\/div>\n<\/div>\n<div style=\"padding: 19% 0;\">&nbsp;<\/div>\n<div style=\"display: block; height: 50px; margin: 0 auto 12px; width: 50px;\">&nbsp;<\/div>\n<div style=\"padding-top: 8px;\">\n<div style=\"color: #3897f0; font-family: Arial,sans-serif; font-size: 14px; font-style: normal; font-weight: 550; line-height: 18px;\">Bu g\u00f6nderiyi Instagram&#8217;da g\u00f6r<\/div>\n<\/div>\n<div style=\"padding: 12.5% 0;\">&nbsp;<\/div>\n<div style=\"display: flex; flex-direction: row; margin-bottom: 14px; align-items: center;\">\n<div>\n<div style=\"background-color: #f4f4f4; border-radius: 50%; height: 12.5px; width: 12.5px; transform: translateX(0px) translateY(7px);\">&nbsp;<\/div>\n<div style=\"background-color: #f4f4f4; height: 12.5px; transform: rotate(-45deg) translateX(3px) translateY(1px); width: 12.5px; flex-grow: 0; margin-right: 14px; margin-left: 2px;\">&nbsp;<\/div>\n<div style=\"background-color: #f4f4f4; border-radius: 50%; height: 12.5px; width: 12.5px; transform: translateX(9px) translateY(-18px);\">&nbsp;<\/div>\n<\/div>\n<div style=\"margin-left: 8px;\">\n<div style=\"background-color: #f4f4f4; border-radius: 50%; flex-grow: 0; height: 20px; width: 20px;\">&nbsp;<\/div>\n<div style=\"width: 0; height: 0; border-top: 2px solid transparent; border-left: 6px solid #f4f4f4; border-bottom: 2px solid transparent; transform: translateX(16px) translateY(-4px) rotate(30deg);\">&nbsp;<\/div>\n<\/div>\n<div style=\"margin-left: auto;\">\n<div style=\"width: 0px; border-top: 8px solid #F4F4F4; border-right: 8px solid transparent; transform: translateY(16px);\">&nbsp;<\/div>\n<div style=\"background-color: #f4f4f4; flex-grow: 0; height: 12px; width: 16px; transform: translateY(-4px);\">&nbsp;<\/div>\n<div style=\"width: 0; height: 0; border-top: 8px solid #F4F4F4; border-left: 8px solid transparent; transform: translateY(-4px) translateX(8px);\">&nbsp;<\/div>\n<\/div>\n<\/div>\n<div style=\"display: flex; flex-direction: column; flex-grow: 1; justify-content: center; margin-bottom: 24px;\">\n<div style=\"background-color: #f4f4f4; border-radius: 4px; flex-grow: 0; height: 14px; margin-bottom: 6px; width: 224px;\">&nbsp;<\/div>\n<div style=\"background-color: #f4f4f4; border-radius: 4px; flex-grow: 0; height: 14px; width: 144px;\">&nbsp;<\/div>\n<\/div>\n<p>&nbsp;<\/p>\n<p style=\"color: #c9c8cd; font-family: Arial,sans-serif; font-size: 14px; line-height: 17px; margin-bottom: 0; margin-top: 8px; overflow: hidden; padding: 8px 0 7px; text-align: center; text-overflow: ellipsis; white-space: nowrap;\"><a style=\"color: #c9c8cd; font-family: Arial,sans-serif; font-size: 14px; font-style: normal; font-weight: normal; line-height: 17px; text-decoration: none;\" href=\"https:\/\/www.instagram.com\/p\/CNxnQDIqQui\/?utm_source=ig_embed&amp;utm_campaign=loading\" target=\"_blank\" rel=\"noopener\">Brit \u0130\u015f-Ya\u015fam TV (@britisyasamtv)&#8217;in payla\u015ft\u0131\u011f\u0131 bir g\u00f6nderi<\/a><\/p>\n<\/div>\n<\/blockquote>\n<p><script async=\"\" src=\"\/\/www.instagram.com\/embed.js\"><\/script><br \/>\nKrali\u00e7e 2. Elizabeth korteji otomobille takip etti<br \/>\nPrens William ile Kraliyet&#8217;teki g\u00f6revlerinden ayr\u0131lan ve ailesiyle sorunlar\u0131 bulundu\u011fu ifade edilen Prens Harry&#8217;nin aras\u0131nda Prenses Anne&#8217;in o\u011flu Peter Phillips&#8217;in y\u00fcr\u00fcd\u00fc\u011f\u00fc g\u00f6r\u00fcld\u00fc. Kraliyet ailesinin erkek \u00fcyelerinden askeri \u00fcniforma yerine sivil k\u0131yafetler giymeleri istendi.<\/p>\n<p>Muhaf\u0131z alay\u0131 ve baz\u0131 komutanlar\u0131n en \u00f6nde bulundu\u011fu korteji, Krali\u00e7e 2. Elizabeth bir otomobille takip etti.<\/p>\n<p>Cenaze arac\u0131, saat 14.53&#8217;te Prens Philip&#8217;in defnedilece\u011fi Saint George \u015eapeli&#8217;ne vard\u0131. Tabutun \u00fczerine Prens Philip&#8217;in donanma \u015fapkas\u0131 ve t\u00f6renlerde kullan\u0131lan donanma subay\u0131 k\u0131l\u0131c\u0131 konuldu.<br \/>\n<iframe loading=\"lazy\" title=\"YouTube video player\" src=\"https:\/\/www.youtube.com\/embed\/mCY4b6GGkb4\" width=\"1280\" height=\"720\" frameborder=\"0\" allowfullscreen=\"allowfullscreen\"><\/iframe><br \/>\nBoris Johnson yerini bir Kraliyet ailesi \u00fcyesine verebilmek i\u00e7in t\u00f6rene kat\u0131lmad\u0131<br \/>\n\u015eapeldeki dini t\u00f6ren 15.00&#8217;da ba\u015flarken yeni tip koronavir\u00fcs (Kovid-19) k\u0131s\u0131tlamalar\u0131 gere\u011fi i\u00e7eri sadece 30 ki\u015fi al\u0131nd\u0131. Ba\u015fbakan Boris Johnson da yerini bir Kraliyet ailesi \u00fcyesine verebilmek i\u00e7in t\u00f6rene kat\u0131lmad\u0131. Krali\u00e7e&#8217;nin tek ba\u015f\u0131na oturdu\u011fu t\u00f6rende Prens Phillip&#8217;in 3 Alman akrabas\u0131 da yer ald\u0131.<\/p>\n<p>T\u00f6rende sayg\u0131 duru\u015funda bulunuldu, top at\u0131\u015flar\u0131 yap\u0131ld\u0131. Prens Phillip&#8217;in cenazesinin 15.45&#8217;te \u015fapelde defnedilmesiyle t\u00f6ren sona erdi.<\/p>\n<p>Kraliyet ailesinin talebine ra\u011fmen baz\u0131 ki\u015filerin cenaze t\u00f6reni i\u00e7in Windsor Kalesi&#8217;ne geldi\u011fi g\u00f6r\u00fcld\u00fc.<\/p>\n<p>Prens Phillip, 9 Nisan&#8217;da 99 ya\u015f\u0131nda hayat\u0131n\u0131 kaybetmi\u015fti.<\/p>\n<div id=\"briti-3056206100\" class=\"briti-icerikten-sonra_2\" style=\"margin-top: 25px;margin-bottom: 25px;\"><a href=\"https:\/\/wa.me\/message\/NDZLLIOQT4H3O1\" aria-label=\"bytv reklam banner\"><img loading=\"lazy\" decoding=\"async\" src=\"https:\/\/by-tv.co.uk\/wp-content\/uploads\/2025\/12\/bytv-reklam-banner.jpg\" alt=\"\"  width=\"2376\" height=\"1008\"   \/><\/a><\/div>","protected":false},"excerpt":{"rendered":"<p>\u0130ngiltere Krali\u00e7esi 2. Elizabeth&#8217;in e\u015fi Prens Philip i\u00e7in cenaze t\u00f6reni d\u00fczenlendi. Prens Philip i\u00e7in Kraliyet ailesinin resmi konutlar\u0131ndan olan Windsor Kalesi&#8217;nde cenaze t\u00f6reni d\u00fczenlendi. Ba\u015fkent Londra&#8217;ya yakla\u015f\u0131k 50 kilometre uzakl\u0131kta bulunan kaledeki t\u00f6ren, 14.40&#8217;ta (TS\u0130 16.40) ba\u015flad\u0131. Cenaze arac\u0131na Prens Phillip&#8217;in \u00e7ocuklar\u0131 Prens Charles, Andrew ve Edward ile Prenses Anne ve Kraliyet ailesinin di\u011fer \u00fcyeleri e\u015flik etti. &nbsp; &nbsp; &nbsp; &nbsp; &nbsp; &nbsp; Bu g\u00f6nderiyi Instagram&#8217;da g\u00f6r &nbsp; &nbsp; &nbsp; &nbsp; &nbsp; &nbsp; &nbsp; &nbsp; &nbsp; &nbsp; &nbsp; &nbsp; Brit \u0130\u015f-Ya\u015fam TV (@britisyasamtv)&#8217;in payla\u015ft\u0131\u011f\u0131 bir g\u00f6nderi Krali\u00e7e 2. Elizabeth korteji otomobille takip etti Prens William ile Kraliyet&#8217;teki g\u00f6revlerinden ayr\u0131lan ve [&hellip;]<\/p>\n","protected":false},"author":1,"featured_media":0,"comment_status":"open","ping_status":"open","sticky":false,"template":"","format":"standard","meta":{"ngg_post_thumbnail":0,"footnotes":""},"categories":[15],"tags":[2768,270,2752,2769],"class_list":["post-8729","post","type-post","status-publish","format-standard","hentry","category-ingiltere","tag-ingiltere-kralicesi","tag-kraliyet-ailesi","tag-prens-philip","tag-windsor-kalesi"],"_links":{"self":[{"href":"https:\/\/by-tv.co.uk\/en\/wp-json\/wp\/v2\/posts\/8729","targetHints":{"allow":["GET"]}}],"collection":[{"href":"https:\/\/by-tv.co.uk\/en\/wp-json\/wp\/v2\/posts"}],"about":[{"href":"https:\/\/by-tv.co.uk\/en\/wp-json\/wp\/v2\/types\/post"}],"author":[{"embeddable":true,"href":"https:\/\/by-tv.co.uk\/en\/wp-json\/wp\/v2\/users\/1"}],"replies":[{"embeddable":true,"href":"https:\/\/by-tv.co.uk\/en\/wp-json\/wp\/v2\/comments?post=8729"}],"version-history":[{"count":0,"href":"https:\/\/by-tv.co.uk\/en\/wp-json\/wp\/v2\/posts\/8729\/revisions"}],"wp:attachment":[{"href":"https:\/\/by-tv.co.uk\/en\/wp-json\/wp\/v2\/media?parent=8729"}],"wp:term":[{"taxonomy":"category","embeddable":true,"href":"https:\/\/by-tv.co.uk\/en\/wp-json\/wp\/v2\/categories?post=8729"},{"taxonomy":"post_tag","embeddable":true,"href":"https:\/\/by-tv.co.uk\/en\/wp-json\/wp\/v2\/tags?post=8729"}],"curies":[{"name":"wp","href":"https:\/\/api.w.org\/{rel}","templated":true}]}}