{"id":8675,"date":"2021-04-10T22:05:54","date_gmt":"2021-04-10T21:05:54","guid":{"rendered":"https:\/\/by-tv.co.uk\/?p=8675"},"modified":"2021-04-10T22:05:54","modified_gmt":"2021-04-10T21:05:54","slug":"ingiltere-kralicesi-2-elizabethin-esi-prens-philipin-cenaze-toreni-17-nisanda-halka-kapali-yapilacak","status":"publish","type":"post","link":"https:\/\/by-tv.co.uk\/en\/ingiltere-kralicesi-2-elizabethin-esi-prens-philipin-cenaze-toreni-17-nisanda-halka-kapali-yapilacak\/","title":{"rendered":"\u0130ngiltere Krali\u00e7esi 2. Elizabeth&#8217;in e\u015fi Prens Philip&#8217;in cenaze t\u00f6reni 17 Nisan&#8217;da halka kapal\u0131 yap\u0131lacak"},"content":{"rendered":"<p>LONDRA (AA) &#8211;&nbsp;Kraliyet ailesi, d\u00fcn 99 ya\u015f\u0131nda hayat\u0131n\u0131 kaybeden Prens Philip\u2019in cenaze t\u00f6renine ili\u015fkin detaylar\u0131 a\u00e7\u0131klad\u0131.<\/p>\n<p>Buna g\u00f6re, cenaze t\u00f6reni 17 Nisan Cumartesi g\u00fcn\u00fc yerel saatle 15.00&#8217;te Prens Philip\u2019in hayat\u0131n\u0131 kaybetti\u011fi Windsor kalesindeki St. George&#8217;s \u015eapeli&#8217;nde yap\u0131lacak.<\/p>\n<p>T\u00f6renin d\u00fczenlenece\u011fi g\u00fcne kadar t\u00fcm \u00fclkede ulusal yas ilan edilecek, 18 Nisan saat 08.00&#8217;e kadar t\u00fcm resmi binalardaki bayraklar yar\u0131ya indirilecek.<\/p><div id=\"briti-1587162545\" class=\"briti-icerik\" style=\"margin-top: 5px;margin-bottom: 5px;\"><a href=\"https:\/\/piaryum.com\/services\/\" aria-label=\"piaryum banner\"><img loading=\"lazy\" decoding=\"async\" src=\"https:\/\/by-tv.co.uk\/wp-content\/uploads\/2025\/12\/Gemini_Generated_Image_g5yqr1g5yqr1g5yq.jpg\" alt=\"\"  width=\"2064\" height=\"1152\"   \/><\/a><\/div>\n<p>Kovid-19 k\u0131s\u0131tlamalar\u0131 nedeniyle halka kapal\u0131 ger\u00e7ekle\u015ftirilecek t\u00f6ren 30 ki\u015fiyle s\u0131n\u0131rl\u0131 tutulacak, t\u00f6rene davet edileceklerin listesi 15 Nisan&#8217;da duyurulacak.<\/p>\n<p>Prens Philip&#8217;in cenaze t\u00f6reni televizyonlarda canl\u0131 yay\u0131nlanacak ve t\u00f6renin yap\u0131laca\u011f\u0131 saatte t\u00fcm \u00fclkede 1 dakikal\u0131k sayg\u0131 duru\u015funda bulunulacak.<\/p>\n<p>BBC&#8217;de yer alan haberde, Kraliyet ailesindeki unvanlar\u0131ndan vazge\u00e7en ve ABD&#8217;de ya\u015famaya ba\u015flayan, ABD televizyonlar\u0131na yapt\u0131\u011f\u0131 a\u00e7\u0131klamalar nedeniyle \u00fclkede tart\u0131\u015fmalara yol a\u00e7an Sussex D\u00fck\u00fc Prens Harry\u2019nin de cenazeye kat\u0131laca\u011f\u0131, e\u015fi Sussex D\u00fc\u015fesi Meghan Markle&#8217;\u0131n ise riskli hamilelik ge\u00e7irdi\u011fi i\u00e7in t\u00f6rende bulunamayaca\u011f\u0131 kaydedildi.<\/p>\n<p>\u0130ngiltere Veliaht Prensi Charles, yapt\u0131\u011f\u0131 a\u00e7\u0131klamada, babas\u0131n\u0131n &#8220;\u00e7ok sevilen ve takdir edilen bir ki\u015fi&#8221; oldu\u011funu belirtti.<\/p>\n<p>Prens Charles, &#8220;Babam, son 70 y\u0131lda Krali\u00e7e&#8217;ye, ailemize, \u00fclkeye ve t\u00fcm \u0130ngiliz Milletler Toplulu\u011fu \u00fclkelerine dikkate de\u011fer ve \u00f6zverili \u015fekilde hizmet etti.&#8221; ifadesini kulland\u0131.<\/p>\n<p>\u00d6te yandan, Prens Philip&#8217;in hayat\u0131n\u0131 kaybetmesinin ard\u0131ndan \u0130ngilizler, Windsor Kalesi ve Buckingham Saray\u0131&#8217;n\u0131n \u00f6n\u00fcnde toplanmaya devam ediyor.<\/p>\n<p>Kraliyet ailesinin web sayfas\u0131nda yap\u0131lan duyuruda, halktan Kovid-19 kurallar\u0131na uymalar\u0131, kalabal\u0131klar \u015feklinde toplanmamalar\u0131 ve sayg\u0131lar\u0131n\u0131 sunmak i\u00e7in Kraliyete ait konutlar\u0131 ziyaret etmemeleri istendi.<\/p>\n<p>Kraliyet ailesinin &#8220;Saray \u00f6nlerine toplanmay\u0131n, \u00e7i\u00e7ek b\u0131rakmay\u0131n, vak\u0131flara ba\u011f\u0131\u015f yap\u0131n&#8221; \u00e7a\u011fr\u0131lar\u0131na ra\u011fmen bug\u00fcn de Buckingham Saray\u0131&#8217;n\u0131n \u00f6n\u00fcnde toplanan halk, buraya \u00e7i\u00e7ek b\u0131rakmak i\u00e7in uzun kuyruklar olu\u015fturdu.<\/p>\n<p>Prens Philip&#8217;in hayat\u0131<\/p>\n<p>10 Haziran 1921&#8217;de d\u00fcnya gelen Philip&#8217;e do\u011fumunda &#8220;Danimarka ve Yunanistan Prensi&#8221; unvan\u0131 verildi.<\/p>\n<p>Yunanistan&#8217;da do\u011fmas\u0131na ra\u011fmen ihtilal sonras\u0131 ailesiyle daha bebek ya\u015flar\u0131ndayken s\u00fcrg\u00fcn edilen Philip, Fransa, Almanya ve \u0130ngiltere&#8217;deki e\u011fitimlerinin ard\u0131ndan 1939&#8217;da 18 ya\u015f\u0131ndayken \u0130ngiliz Kraliyet Donanmas\u0131na kat\u0131ld\u0131.<\/p>\n<p>Philip, \u015fimdi Krali\u00e7e olan Prenses Elizabeth ile 1934&#8217;te tan\u0131\u015ft\u0131. 2. D\u00fcnya Sava\u015f\u0131 s\u0131ras\u0131nda Akdeniz ve Pasifik filolar\u0131nda g\u00f6ren alan Philip&#8217;in, sava\u015f\u0131n ard\u0131ndan Prenses Elizabeth ile evlenmesine izin verildi.<\/p>\n<p>1947&#8217;deki ni\u015fan t\u00f6reni \u00f6ncesi &#8220;Danimarka ve Yunanistan Prensi&#8221; unvan\u0131ndan feragat eden Philip, \u0130ngiliz vatanda\u015f\u0131 oldu, anne ve b\u00fcy\u00fckbabas\u0131n\u0131n soyad\u0131 olan Mountbatten&#8217;i ald\u0131. Prens Elizabeth ve Philip, 20 Kas\u0131m 1947&#8217;de evlendi.<\/p>\n<p>D\u00fc\u011f\u00fcnden hemen \u00f6nce kendisine Kral 6. George taraf\u0131ndan &#8220;Edinburgh D\u00fck\u00fc, Merioneth Kontu ve Greenwich Baronu&#8221; unvanlar\u0131 verildi. Elizabeth 1952&#8217;de Krali\u00e7e olurken Philip de &#8220;komutan&#8221; r\u00fctbesine ula\u015ft\u0131\u011f\u0131 ordudan ayr\u0131larak 1957&#8217;de &#8220;\u0130ngiliz Prensi&#8221; unvan\u0131n\u0131 ald\u0131.<\/p>\n<p>\u00c7iftin Charles, Anne, Andrew ve Edward adlar\u0131 verilen 4 \u00e7ocu\u011fu oldu. Krali\u00e7e Elizabeth&#8217;i tahttaki yakla\u015f\u0131k 69 y\u0131ll\u0131k g\u00f6revi s\u0131ras\u0131nda yaln\u0131z b\u0131rakmayan Prens Philip, ona nereye giderse e\u015flik etti.<\/p>\n<p>Gelenek\u00e7ili\u011fi dolay\u0131s\u0131yla Avrupa&#8217;da kraliyet ailelerinin rol\u00fcn\u00fcn sorgulanmas\u0131n\u0131 anlamakta zorlanan Prens Philip, \u00e7o\u011fu \u0130ngiliz i\u00e7in Kraliyet ailesinin sorgusuz sualsiz sayg\u0131 g\u00f6rd\u00fc\u011f\u00fc \u00e7a\u011flardan kalma bir fig\u00fcr oldu.<\/p>\n<p>Philip&#8217;in, buna ra\u011fmen kamuya hizmetleri b\u00fcy\u00fck takdir g\u00f6rd\u00fc. 800&#8217;den fazla hay\u0131r kurulu\u015fu ve kurumun hamili\u011fi veya ba\u015fkanl\u0131\u011f\u0131n\u0131 yapan Prens Philip, bilim, teknoloji ve vah\u015fi ya\u015fam alanlar\u0131n\u0131n korunmas\u0131na \u00f6zel ilgi g\u00f6sterdi.<\/p>\n<div id=\"briti-1617822026\" class=\"briti-icerikten-sonra_2\" style=\"margin-top: 25px;margin-bottom: 25px;\"><a href=\"https:\/\/wa.me\/message\/NDZLLIOQT4H3O1\" aria-label=\"bytv reklam banner\"><img loading=\"lazy\" decoding=\"async\" src=\"https:\/\/by-tv.co.uk\/wp-content\/uploads\/2025\/12\/bytv-reklam-banner.jpg\" alt=\"\"  width=\"2376\" height=\"1008\"   \/><\/a><\/div>","protected":false},"excerpt":{"rendered":"<p>LONDRA (AA) &#8211;&nbsp;Kraliyet ailesi, d\u00fcn 99 ya\u015f\u0131nda hayat\u0131n\u0131 kaybeden Prens Philip\u2019in cenaze t\u00f6renine ili\u015fkin detaylar\u0131 a\u00e7\u0131klad\u0131. Buna g\u00f6re, cenaze t\u00f6reni 17 Nisan Cumartesi g\u00fcn\u00fc yerel saatle 15.00&#8217;te Prens Philip\u2019in hayat\u0131n\u0131 kaybetti\u011fi Windsor kalesindeki St. George&#8217;s \u015eapeli&#8217;nde yap\u0131lacak. T\u00f6renin d\u00fczenlenece\u011fi g\u00fcne kadar t\u00fcm \u00fclkede ulusal yas ilan edilecek, 18 Nisan saat 08.00&#8217;e kadar t\u00fcm resmi binalardaki bayraklar yar\u0131ya indirilecek. Kovid-19 k\u0131s\u0131tlamalar\u0131 nedeniyle halka kapal\u0131 ger\u00e7ekle\u015ftirilecek t\u00f6ren 30 ki\u015fiyle s\u0131n\u0131rl\u0131 tutulacak, t\u00f6rene davet edileceklerin listesi 15 Nisan&#8217;da duyurulacak. Prens Philip&#8217;in cenaze t\u00f6reni televizyonlarda canl\u0131 yay\u0131nlanacak ve t\u00f6renin yap\u0131laca\u011f\u0131 saatte t\u00fcm \u00fclkede 1 dakikal\u0131k sayg\u0131 duru\u015funda bulunulacak. BBC&#8217;de yer alan haberde, Kraliyet ailesindeki [&hellip;]<\/p>\n","protected":false},"author":1,"featured_media":8676,"comment_status":"open","ping_status":"open","sticky":false,"template":"","format":"standard","meta":{"ngg_post_thumbnail":0,"footnotes":""},"categories":[1],"tags":[],"class_list":["post-8675","post","type-post","status-publish","format-standard","has-post-thumbnail","hentry","category-genel"],"_links":{"self":[{"href":"https:\/\/by-tv.co.uk\/en\/wp-json\/wp\/v2\/posts\/8675","targetHints":{"allow":["GET"]}}],"collection":[{"href":"https:\/\/by-tv.co.uk\/en\/wp-json\/wp\/v2\/posts"}],"about":[{"href":"https:\/\/by-tv.co.uk\/en\/wp-json\/wp\/v2\/types\/post"}],"author":[{"embeddable":true,"href":"https:\/\/by-tv.co.uk\/en\/wp-json\/wp\/v2\/users\/1"}],"replies":[{"embeddable":true,"href":"https:\/\/by-tv.co.uk\/en\/wp-json\/wp\/v2\/comments?post=8675"}],"version-history":[{"count":0,"href":"https:\/\/by-tv.co.uk\/en\/wp-json\/wp\/v2\/posts\/8675\/revisions"}],"wp:featuredmedia":[{"embeddable":true,"href":"https:\/\/by-tv.co.uk\/en\/wp-json\/wp\/v2\/media\/8676"}],"wp:attachment":[{"href":"https:\/\/by-tv.co.uk\/en\/wp-json\/wp\/v2\/media?parent=8675"}],"wp:term":[{"taxonomy":"category","embeddable":true,"href":"https:\/\/by-tv.co.uk\/en\/wp-json\/wp\/v2\/categories?post=8675"},{"taxonomy":"post_tag","embeddable":true,"href":"https:\/\/by-tv.co.uk\/en\/wp-json\/wp\/v2\/tags?post=8675"}],"curies":[{"name":"wp","href":"https:\/\/api.w.org\/{rel}","templated":true}]}}