{"id":8667,"date":"2021-04-10T19:52:19","date_gmt":"2021-04-10T18:52:19","guid":{"rendered":"https:\/\/by-tv.co.uk\/?p=8667"},"modified":"2021-04-10T19:58:15","modified_gmt":"2021-04-10T18:58:15","slug":"turkiyeden-irlandaya-gelenler-zorunlu-otel-karantinasina-girecek","status":"publish","type":"post","link":"https:\/\/by-tv.co.uk\/en\/turkiyeden-irlandaya-gelenler-zorunlu-otel-karantinasina-girecek\/","title":{"rendered":"T\u00fcrkiye&#8217;den \u0130rlanda&#8217;ya gelenler zorunlu otel karantinas\u0131na girecek"},"content":{"rendered":"<div class=\"o9v6fnle cxmmr5t8 oygrvhab hcukyx3x c1et5uql ii04i59q\">\n<div dir=\"auto\">\u0130rlanda\u2019da zorunlu otel karantinas\u0131 olarak bilinen uygulama kapsam\u0131nda, T\u00fcrkiye \u201cY\u00fcksek Risk Kategori 2\u201d olarak tabir edilen \u00fclkeler listesine dahil edilmi\u015f olup, 15 Nisan 2021 saat 04:00 itibariyle T\u00fcrkiye&#8217;den \u0130rlanda\u2019ya gelen t\u00fcm yolcular zorunlu otel karantinas\u0131na tabi olacakt\u0131r.&nbsp;<\/div>\n<div dir=\"auto\">&nbsp;<\/div>\n<\/div>\n<div class=\"o9v6fnle cxmmr5t8 oygrvhab hcukyx3x c1et5uql ii04i59q\">\n<div dir=\"auto\">Bu kapsamdaki yolcular\u0131n, <a class=\"oajrlxb2 g5ia77u1 qu0x051f esr5mh6w e9989ue4 r7d6kgcz rq0escxv nhd2j8a9 nc684nl6 p7hjln8o kvgmc6g5 cxmmr5t8 oygrvhab hcukyx3x jb3vyjys rz4wbd8a qt6c0cv9 a8nywdso i1ao9s8h esuyzwwr f1sip0of lzcic4wl py34i1dx gpro0wi8\" tabindex=\"0\" role=\"link\" href=\"http:\/\/www.quarantinehotelsireland.ie\/?fbclid=IwAR1HRkoPnIFJiwRipZYMLI4m8_BZDLMGVJuhGliSAolw7zGfm2Zj-9uy48A\" target=\"_blank\" rel=\"nofollow noopener\">www.quarantinehotelsireland.ie<\/a> adresi arac\u0131l\u0131\u011f\u0131yla, karantina s\u00fcrecini ge\u00e7irecekleri otel rezervasyonunu ve buna ili\u015fkin \u00f6demeyi seyahatlerinden \u00f6nce yapm\u0131\u015f olmalar\u0131 gerekmektedir. S\u00f6z konusu uygulamaya dair <a class=\"oajrlxb2 g5ia77u1 qu0x051f esr5mh6w e9989ue4 r7d6kgcz rq0escxv nhd2j8a9 nc684nl6 p7hjln8o kvgmc6g5 cxmmr5t8 oygrvhab hcukyx3x jb3vyjys rz4wbd8a qt6c0cv9 a8nywdso i1ao9s8h esuyzwwr f1sip0of lzcic4wl py34i1dx gpro0wi8\" tabindex=\"0\" role=\"link\" href=\"http:\/\/www.gov.ie\/quarantine?fbclid=IwAR1z7ePGskddGr5kjDyVnYJ6lBDbov3L4WA_ajbzYUh3ALE_z1FWpneoGKw\" target=\"_blank\" rel=\"nofollow noopener\">www.gov.ie\/quarantine<\/a> adresinden ilave bilgi al\u0131nmas\u0131 m\u00fcmk\u00fcnd\u00fcr.<\/div>\n<div dir=\"auto\">&nbsp;<\/div>\n<\/div>\n<div dir=\"auto\">\u0130rlanda&#8217;daki zorunlu otel karantinas\u0131 \u00e7er\u00e7evesinde, \u201cY\u00fcksek Risk Kategori 2\u201d listesinde yer alan \u00fclkelerden do\u011frudan veya transit olarak \u0130rlanda\u2019ya gelen yada son 14 g\u00fcn i\u00e7erisinde bu \u00fclkelerin herhangi birinde bulunmu\u015f t\u00fcm yolcular \u00f6nceden belirlenen otellerde 14 g\u00fcn s\u00fcreyle karantinaya al\u0131nmaktad\u0131r. Otellerde tek ki\u015fi i\u00e7in&nbsp; 1625 pound \u00f6denmesi gerekiyor. 2 ki\u015filik oda i\u00e7in yakla\u015f\u0131k&nbsp; 2166,50 pound&nbsp; &nbsp;\u00f6denir.<\/div>\n<div dir=\"auto\">\n<div class=\"col-lg-12 col-md-12 col-sm-12 col-xs-12 margin-bottom-sm\">\n<div class=\"row\">\n<blockquote class=\"twitter-tweet\">\n<p dir=\"ltr\" lang=\"tr\">\ud83d\udce2T\u00fcrkiye, \u0130rlanda&#8217;daki zorunlu otel karantinas\u0131 uygulamas\u0131na dahil edilmi\u015ftir. Ayr\u0131nt\u0131l\u0131 bilgi i\u00e7in <a href=\"https:\/\/t.co\/Mwob3oOfjH\">https:\/\/t.co\/Mwob3oOfjH<\/a><\/p>\n<p>\ud83d\udce2Turkey is listed high risk country within the scope of mandatory hotel quarantine in Ireland. For more info <a href=\"https:\/\/t.co\/vV1UU0jLbi\">https:\/\/t.co\/vV1UU0jLbi<\/a><\/p>\n<p>\u2014 TurkishEmbassyDublin (@TC_Dublin) <a href=\"https:\/\/twitter.com\/TC_Dublin\/status\/1380890110321958915?ref_src=twsrc%5Etfw\" target=\"_blank\" rel=\"noopener\">April 10, 2021<\/a><\/p><\/blockquote>\n<p><script async=\"\" src=\"https:\/\/platform.twitter.com\/widgets.js\" charset=\"utf-8\"><\/script><br \/>\n\u0130rlanda&#8217;ya deniza\u015f\u0131r\u0131 \u00fclkelerden geliyorsan\u0131z veya bir \u0130rlanda liman\u0131ndan veya havaalan\u0131ndan transit ge\u00e7iyorsan\u0131z, \u0130rlanda&#8217;ya var\u0131\u015f\u0131n\u0131zdan en fazla 72 saat \u00f6nce ger\u00e7ekle\u015ftirilen kalk\u0131\u015f \u00f6ncesi COVID-19&nbsp; PCR&nbsp; testinden negatif\/&#8217;tespit edilmi\u015f&#8217; bir sonu\u00e7 alm\u0131\u015f olman\u0131z gerekir. Antijen veya di\u011fer test t\u00fcrleri gereksinimleri kar\u015f\u0131lar.<\/p>\n<\/div>\n<\/div>\n<div class=\"col-lg-12 col-md-12 col-sm-12 col-xs-12 margin-bottom-sm\">\n<div class=\"row\">\n<p>Seyahat etti\u011finiz \u00fclkeden u\u00e7a\u011fa veya feribota binmeden \u00f6nce bu olumsuz veya &#8216;tespit edilemeyen&#8217; sonucun kan\u0131tlar\u0131n\u0131 g\u00f6stermeniz istenecek ve bu t\u00fcr bir kan\u0131t \u00fcretemezseniz u\u00e7a\u011fa binmeniz reddedilecektir. \u0130rlanda&#8217;ya vard\u0131\u011f\u0131n\u0131zda, bu kan\u0131t\u0131 \u0130rlandal\u0131 g\u00f6\u00e7menlik memurlar\u0131na sa\u011flaman\u0131z gerekir.<\/p>\n<\/div>\n<\/div>\n<div class=\"col-lg-12 col-md-12 col-sm-12 col-xs-12 margin-bottom-sm\">\n<div class=\"row\">\n<p>Test sonucunuzun yaz\u0131l\u0131 onay\u0131n\u0131 en az 14 g\u00fcn boyunca saklamal\u0131s\u0131n\u0131z.<\/p><div id=\"briti-3629768032\" class=\"briti-icerik\" style=\"margin-top: 5px;margin-bottom: 5px;\"><a href=\"https:\/\/piaryum.com\/services\/\" aria-label=\"piaryum banner\"><img loading=\"lazy\" decoding=\"async\" src=\"https:\/\/by-tv.co.uk\/wp-content\/uploads\/2025\/12\/Gemini_Generated_Image_g5yqr1g5yqr1g5yq.jpg\" alt=\"\"  width=\"2064\" height=\"1152\"   \/><\/a><\/div>\n<\/div>\n<\/div>\n<div class=\"col-lg-12 col-md-12 col-sm-12 col-xs-12 margin-bottom-sm\">\n<div class=\"row\">\n<p>Negatif veya &#8216;alg\u0131lanmad\u0131&#8217; RT-PCR testi veya ge\u00e7erli bir muafiyet kan\u0131t\u0131 olmadan gelirseniz:<\/p>\n<\/div>\n<\/div>\n<div class=\"col-lg-12 col-md-12 col-sm-12 col-xs-12 margin-bottom-xlg\">\n<div class=\"row\">\n<ul>\n<li>bu bir su\u00e7tur<\/li>\n<li>negatif veya &#8216;tespit edilmi\u015f&#8217; bir RT-PCR test sonucu al\u0131ncaya veya otelde 10 g\u00fcn karantinaya al\u0131nana kadar bir otele zorunlu karantina girmeli ve \u00f6demelisiniz.<\/li>\n<\/ul>\n<\/div>\n<\/div>\n<div class=\"col-lg-12 col-md-12 col-sm-12 col-xs-12 margin-bottom-sm\">\n<div class=\"row\">\n<p>&nbsp;<\/p>\n<\/div>\n<\/div>\n<\/div>\n<div id=\"briti-2183109655\" class=\"briti-icerikten-sonra_2\" style=\"margin-top: 25px;margin-bottom: 25px;\"><a href=\"https:\/\/wa.me\/message\/NDZLLIOQT4H3O1\" aria-label=\"bytv reklam banner\"><img loading=\"lazy\" decoding=\"async\" src=\"https:\/\/by-tv.co.uk\/wp-content\/uploads\/2025\/12\/bytv-reklam-banner.jpg\" alt=\"\"  width=\"2376\" height=\"1008\"   \/><\/a><\/div>","protected":false},"excerpt":{"rendered":"<p>\u0130rlanda\u2019da zorunlu otel karantinas\u0131 olarak bilinen uygulama kapsam\u0131nda, T\u00fcrkiye \u201cY\u00fcksek Risk Kategori 2\u201d olarak tabir edilen \u00fclkeler listesine dahil edilmi\u015f olup, 15 Nisan 2021 saat 04:00 itibariyle T\u00fcrkiye&#8217;den \u0130rlanda\u2019ya gelen t\u00fcm yolcular zorunlu otel karantinas\u0131na tabi olacakt\u0131r.&nbsp; &nbsp; Bu kapsamdaki yolcular\u0131n, www.quarantinehotelsireland.ie adresi arac\u0131l\u0131\u011f\u0131yla, karantina s\u00fcrecini ge\u00e7irecekleri otel rezervasyonunu ve buna ili\u015fkin \u00f6demeyi seyahatlerinden \u00f6nce yapm\u0131\u015f olmalar\u0131 gerekmektedir. S\u00f6z konusu uygulamaya dair www.gov.ie\/quarantine adresinden ilave bilgi al\u0131nmas\u0131 m\u00fcmk\u00fcnd\u00fcr. &nbsp; \u0130rlanda&#8217;daki zorunlu otel karantinas\u0131 \u00e7er\u00e7evesinde, \u201cY\u00fcksek Risk Kategori 2\u201d listesinde yer alan \u00fclkelerden do\u011frudan veya transit olarak \u0130rlanda\u2019ya gelen yada son 14 g\u00fcn i\u00e7erisinde bu \u00fclkelerin herhangi birinde bulunmu\u015f t\u00fcm yolcular [&hellip;]<\/p>\n","protected":false},"author":1,"featured_media":8668,"comment_status":"open","ping_status":"open","sticky":false,"template":"","format":"standard","meta":{"ngg_post_thumbnail":0,"footnotes":""},"categories":[1],"tags":[576,2753],"class_list":["post-8667","post","type-post","status-publish","format-standard","has-post-thumbnail","hentry","category-genel","tag-irlanda","tag-zorunlu-otel-karantinasi"],"_links":{"self":[{"href":"https:\/\/by-tv.co.uk\/en\/wp-json\/wp\/v2\/posts\/8667","targetHints":{"allow":["GET"]}}],"collection":[{"href":"https:\/\/by-tv.co.uk\/en\/wp-json\/wp\/v2\/posts"}],"about":[{"href":"https:\/\/by-tv.co.uk\/en\/wp-json\/wp\/v2\/types\/post"}],"author":[{"embeddable":true,"href":"https:\/\/by-tv.co.uk\/en\/wp-json\/wp\/v2\/users\/1"}],"replies":[{"embeddable":true,"href":"https:\/\/by-tv.co.uk\/en\/wp-json\/wp\/v2\/comments?post=8667"}],"version-history":[{"count":0,"href":"https:\/\/by-tv.co.uk\/en\/wp-json\/wp\/v2\/posts\/8667\/revisions"}],"wp:featuredmedia":[{"embeddable":true,"href":"https:\/\/by-tv.co.uk\/en\/wp-json\/wp\/v2\/media\/8668"}],"wp:attachment":[{"href":"https:\/\/by-tv.co.uk\/en\/wp-json\/wp\/v2\/media?parent=8667"}],"wp:term":[{"taxonomy":"category","embeddable":true,"href":"https:\/\/by-tv.co.uk\/en\/wp-json\/wp\/v2\/categories?post=8667"},{"taxonomy":"post_tag","embeddable":true,"href":"https:\/\/by-tv.co.uk\/en\/wp-json\/wp\/v2\/tags?post=8667"}],"curies":[{"name":"wp","href":"https:\/\/api.w.org\/{rel}","templated":true}]}}