{"id":8662,"date":"2021-04-10T17:16:32","date_gmt":"2021-04-10T16:16:32","guid":{"rendered":"https:\/\/by-tv.co.uk\/?p=8662"},"modified":"2021-04-10T17:22:03","modified_gmt":"2021-04-10T16:22:03","slug":"ingilterede-prens-philipi-anmak-icin-41-pare-top-atisi-yapildi","status":"publish","type":"post","link":"https:\/\/by-tv.co.uk\/en\/ingilterede-prens-philipi-anmak-icin-41-pare-top-atisi-yapildi\/","title":{"rendered":"\u0130ngiltere\u2019de Prens Philip\u2019i anmak i\u00e7in 41 pare top at\u0131\u015f\u0131 yap\u0131ld\u0131"},"content":{"rendered":"<p>\u0130ngiltere Krali\u00e7esi 2. Elizabeth\u2019in e\u015fi Prens Philip\u2019in 99 ya\u015f\u0131nda hayat\u0131n\u0131 kaybetmesinin ard\u0131ndan, ba\u015fkent Londra\u2019da ve \u00fclkenin d\u00f6rt bir yan\u0131nda 41 pare top at\u0131\u015f\u0131 yap\u0131ld\u0131.<\/p>\n<p>\u0130ngiltere\u2019de yerel saatle 12.00\u2019de ba\u015fkent Londra\u2019n\u0131n g\u00fcneydo\u011fusunda bulunan Woolwich K\u0131\u015flas\u0131\u2019ndan ve Londra Kalesi\u2019nden (Tower of London) top at\u0131\u015flar\u0131 ger\u00e7ekle\u015ftirildi.<\/p>\n<p>Ayn\u0131 zamanda Edinburgh, Cardiff, Belfast \u015fehirlerinde ve Cebelitar\u0131k&#8217;ta da Prens Philip\u2019i anmak i\u00e7in 41 pare top at\u0131\u015f\u0131 yap\u0131ld\u0131.<\/p><div id=\"briti-1573201883\" class=\"briti-icerik\" style=\"margin-top: 5px;margin-bottom: 5px;\"><a href=\"https:\/\/piaryum.com\/services\/\" aria-label=\"piaryum banner\"><img loading=\"lazy\" decoding=\"async\" src=\"https:\/\/by-tv.co.uk\/wp-content\/uploads\/2025\/12\/Gemini_Generated_Image_g5yqr1g5yqr1g5yq.jpg\" alt=\"\"  width=\"2064\" height=\"1152\"   \/><\/a><\/div>\n<p>Donanmaya ait &#8220;HMS Diamond&#8221; ile &#8220;HMS Montrose&#8221; gemilerinden de ayn\u0131 anda top at\u0131\u015f\u0131 ger\u00e7ekle\u015ftirilirken, etkinlikler televizyon kanallar\u0131ndan canl\u0131 yay\u0131nland\u0131.<\/p>\n<blockquote class=\"instagram-media\" style=\"background: #FFF; border: 0; border-radius: 3px; box-shadow: 0 0 1px 0 rgba(0,0,0,0.5),0 1px 10px 0 rgba(0,0,0,0.15); margin: 1px; max-width: 540px; min-width: 326px; padding: 0; width: calc(100% - 2px);\" data-instgrm-permalink=\"https:\/\/www.instagram.com\/p\/CNfeBdWKXh1\/?utm_source=ig_embed&amp;utm_campaign=loading\" data-instgrm-version=\"13\">\n<div style=\"padding: 16px;\">\n<p>&nbsp;<\/p>\n<div style=\"display: flex; flex-direction: row; align-items: center;\">\n<div style=\"background-color: #f4f4f4; border-radius: 50%; flex-grow: 0; height: 40px; margin-right: 14px; width: 40px;\">&nbsp;<\/div>\n<div style=\"display: flex; flex-direction: column; flex-grow: 1; justify-content: center;\">\n<div style=\"background-color: #f4f4f4; border-radius: 4px; flex-grow: 0; height: 14px; margin-bottom: 6px; width: 100px;\">&nbsp;<\/div>\n<div style=\"background-color: #f4f4f4; border-radius: 4px; flex-grow: 0; height: 14px; width: 60px;\">&nbsp;<\/div>\n<\/div>\n<\/div>\n<div style=\"padding: 19% 0;\">&nbsp;<\/div>\n<div style=\"display: block; height: 50px; margin: 0 auto 12px; width: 50px;\">&nbsp;<\/div>\n<div style=\"padding-top: 8px;\">\n<div style=\"color: #3897f0; font-family: Arial,sans-serif; font-size: 14px; font-style: normal; font-weight: 550; line-height: 18px;\">Bu g\u00f6nderiyi Instagram&#8217;da g\u00f6r<\/div>\n<\/div>\n<div style=\"padding: 12.5% 0;\">&nbsp;<\/div>\n<div style=\"display: flex; flex-direction: row; margin-bottom: 14px; align-items: center;\">\n<div>\n<div style=\"background-color: #f4f4f4; border-radius: 50%; height: 12.5px; width: 12.5px; transform: translateX(0px) translateY(7px);\">&nbsp;<\/div>\n<div style=\"background-color: #f4f4f4; height: 12.5px; transform: rotate(-45deg) translateX(3px) translateY(1px); width: 12.5px; flex-grow: 0; margin-right: 14px; margin-left: 2px;\">&nbsp;<\/div>\n<div style=\"background-color: #f4f4f4; border-radius: 50%; height: 12.5px; width: 12.5px; transform: translateX(9px) translateY(-18px);\">&nbsp;<\/div>\n<\/div>\n<div style=\"margin-left: 8px;\">\n<div style=\"background-color: #f4f4f4; border-radius: 50%; flex-grow: 0; height: 20px; width: 20px;\">&nbsp;<\/div>\n<div style=\"width: 0; height: 0; border-top: 2px solid transparent; border-left: 6px solid #f4f4f4; border-bottom: 2px solid transparent; transform: translateX(16px) translateY(-4px) rotate(30deg);\">&nbsp;<\/div>\n<\/div>\n<div style=\"margin-left: auto;\">\n<div style=\"width: 0px; border-top: 8px solid #F4F4F4; border-right: 8px solid transparent; transform: translateY(16px);\">&nbsp;<\/div>\n<div style=\"background-color: #f4f4f4; flex-grow: 0; height: 12px; width: 16px; transform: translateY(-4px);\">&nbsp;<\/div>\n<div style=\"width: 0; height: 0; border-top: 8px solid #F4F4F4; border-left: 8px solid transparent; transform: translateY(-4px) translateX(8px);\">&nbsp;<\/div>\n<\/div>\n<\/div>\n<div style=\"display: flex; flex-direction: column; flex-grow: 1; justify-content: center; margin-bottom: 24px;\">\n<div style=\"background-color: #f4f4f4; border-radius: 4px; flex-grow: 0; height: 14px; margin-bottom: 6px; width: 224px;\">&nbsp;<\/div>\n<div style=\"background-color: #f4f4f4; border-radius: 4px; flex-grow: 0; height: 14px; width: 144px;\">&nbsp;<\/div>\n<\/div>\n<p>&nbsp;<\/p>\n<p style=\"color: #c9c8cd; font-family: Arial,sans-serif; font-size: 14px; line-height: 17px; margin-bottom: 0; margin-top: 8px; overflow: hidden; padding: 8px 0 7px; text-align: center; text-overflow: ellipsis; white-space: nowrap;\"><a style=\"color: #c9c8cd; font-family: Arial,sans-serif; font-size: 14px; font-style: normal; font-weight: normal; line-height: 17px; text-decoration: none;\" href=\"https:\/\/www.instagram.com\/p\/CNfeBdWKXh1\/?utm_source=ig_embed&amp;utm_campaign=loading\" target=\"_blank\" rel=\"noopener\">Brit \u0130\u015f-Ya\u015fam TV (@britisyasamtv)&#8217;in payla\u015ft\u0131\u011f\u0131 bir g\u00f6nderi<\/a><\/p>\n<\/div>\n<\/blockquote>\n<p><script async=\"\" src=\"\/\/www.instagram.com\/embed.js\"><\/script><br \/>\n\u0130ngiltere Savunma Bakan\u0131 Ben Wallace, &#8220;Edinburgh D\u00fck\u00fc Prens Philip, silahl\u0131 kuvvetlerin daimi bir destek\u00e7isi ve el\u00e7isi olmu\u015ftur. (\u00dclkeye) Verdi\u011fi hizmetleri an\u0131yor, Majesteleri Krali\u00e7e\u2019ye ve Kraliyet ailesine ba\u015fsa\u011fl\u0131\u011f\u0131 diliyoruz.&#8221; ifadelerini kulland\u0131.<\/p>\n<p>\u00dclkede \u00f6nemli geli\u015fmelerin ard\u0131ndan top at\u0131\u015f\u0131 yap\u0131lmas\u0131 gelene\u011fi, kay\u0131tlara g\u00f6re 14. y\u00fczy\u0131la kadar giderken; Krali\u00e7e Victoria\u2019n\u0131n 1901\u2019de, Eski Ba\u015fbakan Winston Churchill\u2019in 1965\u2019te vefatlar\u0131n\u0131n ard\u0131ndan da top at\u0131\u015f\u0131 yap\u0131lm\u0131\u015ft\u0131.<\/p>\n<h3>\u0130ngiltere yasta<\/h3>\n<p>Prens Philip\u2019in \u00f6l\u00fcm haberinin ard\u0131ndan yas tutulan \u00fclkede, bayraklar yar\u0131ya indirildi.<\/p>\n<p>Prensin vasiyeti \u00fczerine naa\u015f\u0131n\u0131n defnedilmesi i\u00e7in devlet t\u00f6reni d\u00fczenlenmeyecek.<\/p>\n<p>Windsor Kalesi\u2019ndeki Aziz George \u015eapeli\u2019nde de ayin d\u00fczenlenmesi planlan\u0131yor.<\/p>\n<p>Halk, sabah erken saatlerden itibaren Buckingham Saray\u0131\u2019n\u0131n ve Winstor Kalesi\u2019nin \u00f6n\u00fcne gelerek buraya \u00e7i\u00e7ek b\u0131rakt\u0131.<\/p>\n<p>Buckingham Saray\u0131&#8217;ndan yap\u0131lan a\u00e7\u0131klamada, halktan yeni tip koronavir\u00fcs (Kovid-19) salg\u0131n\u0131yla m\u00fccadele etmek i\u00e7in uygulanan tedbirlere riayet edilmesi, anma etkinliklerinin televizyondan takip edilmesi istendi.<\/p>\n<p>Prens Philip, 16 \u015eubat&#8217;ta Kral 7. Edward Hastanesinde tedavi alt\u0131na al\u0131nm\u0131\u015ft\u0131.<\/p>\n<p>Rahats\u0131zl\u0131\u011f\u0131n\u0131n Kovid-19&#8217;la ilgisinin bulunmad\u0131\u011f\u0131 a\u00e7\u0131klanan Prens Philip&#8217;in birka\u00e7 g\u00fcn hastanede kalaca\u011f\u0131 ve enfeksiyon tedavisi g\u00f6rece\u011fi bilgisi payla\u015f\u0131lm\u0131\u015ft\u0131.<\/p>\n<p>Prens Philip, kalp ameliyat\u0131n\u0131n ard\u0131ndan taburcu edilmi\u015f, ancak bir s\u00fcre sonra yeniden Kral 7. Edward Hastanesine g\u00f6t\u00fcr\u00fclm\u00fc\u015f ve 28 g\u00fcn s\u00fcren tedavisinin ard\u0131ndan 16 Mart&#8217;ta tedavisi tamamlanm\u0131\u015ft\u0131.<\/p>\n<h3>Prens Philip&#8217;in hayat\u0131<\/h3>\n<p>10 Haziran 1921&#8217;de d\u00fcnya gelen Philip&#8217;e do\u011fumunda &#8220;Danimarka ve Yunanistan Prensi&#8221; unvan\u0131 verildi.<\/p>\n<p>Yunanistan&#8217;da do\u011fmas\u0131na ra\u011fmen ihtilal sonras\u0131 ailesiyle daha bebek ya\u015flar\u0131ndayken s\u00fcrg\u00fcn edildi.<\/p>\n<p>Fransa, Almanya ve \u0130ngiltere&#8217;deki e\u011fitimlerinin ard\u0131ndan 1939&#8217;da 18 ya\u015f\u0131ndayken \u0130ngiliz Kraliyet Donanmas\u0131&#8217;na kat\u0131ld\u0131.<\/p>\n<p>Philip, \u015fimdi Krali\u00e7e olan Prenses Elizabeth ile 1934&#8217;te tan\u0131\u015ft\u0131. 2. D\u00fcnya Sava\u015f\u0131 s\u0131ras\u0131nda Akdeniz ve Pasifik filolar\u0131nda g\u00f6ren alan Philip&#8217;in, sava\u015f\u0131n ard\u0131ndan Prenses Elizabeth ile evlenmesine izin verildi.<\/p>\n<p>1947&#8217;deki ni\u015fan t\u00f6reni \u00f6ncesi &#8220;Danimarka ve Yunanistan Prensi&#8221; unvan\u0131ndan feragat eden Philip, \u0130ngiliz vatanda\u015f\u0131 oldu, anne ve b\u00fcy\u00fckbabas\u0131n\u0131n soyad\u0131 olan Mountbatten&#8217;i ald\u0131. Prens Elizabeth ve Philip, 20 Kas\u0131m 1947&#8217;de evlendi.<\/p>\n<p>D\u00fc\u011f\u00fcnden hemen \u00f6nce kendisine Kral 6. George taraf\u0131ndan, &#8220;Edinburgh D\u00fck\u00fc, Merioneth Kontu ve Greenwich Baronu&#8221; unvanlar\u0131 verildi. Elizabeth 1952&#8217;de Krali\u00e7e olurken Philip de &#8220;komutan&#8221; r\u00fctbesine ula\u015ft\u0131\u011f\u0131 ordudan ayr\u0131larak 1957&#8217;de &#8220;\u0130ngiliz Prensi&#8221; unvan\u0131n\u0131 ald\u0131.<\/p>\n<p>\u00c7iftin Charles, Anne, Andrew ve Edward adlar\u0131 verilen 4 \u00e7ocu\u011fu oldu. Krali\u00e7e Elizabeth&#8217;i tahttaki yakla\u015f\u0131k 69 y\u0131ll\u0131k g\u00f6revi s\u0131ras\u0131nda yaln\u0131z b\u0131rakmayan Prens Philip, Krali\u00e7e nereye giderse ona e\u015flik etti.<\/p>\n<p>Gelenek\u00e7ili\u011fi dolays\u0131yla Avrupa&#8217;da kraliyet ailelerinin rol\u00fcn\u00fcn sorgulanmas\u0131n\u0131 anlamada zorlanan Prens Philip, \u00e7o\u011fu \u0130ngiliz i\u00e7in Kraliyet ailesinin sorgusuz sualsiz sayg\u0131 g\u00f6rd\u00fc\u011f\u00fc \u00e7a\u011flardan kalma bir fig\u00fcr oldu.<\/p>\n<p>Buna ra\u011fmen kamuya hizmetleri b\u00fcy\u00fck takdir g\u00f6rd\u00fc. 800&#8217;den fazla hay\u0131r kurulu\u015fu ve kurumun hamili\u011fi veya ba\u015fkanl\u0131\u011f\u0131n\u0131 yapan Prens Philip bilim, teknoloji ve vah\u015fi ya\u015fam alanlar\u0131n\u0131n korunmas\u0131na \u00f6zel ilgi g\u00f6sterdi.<\/p>\n<p>AA<\/p>\n<div id=\"briti-3336388293\" class=\"briti-icerikten-sonra_2\" style=\"margin-top: 25px;margin-bottom: 25px;\"><a href=\"https:\/\/wa.me\/message\/NDZLLIOQT4H3O1\" aria-label=\"bytv reklam banner\"><img loading=\"lazy\" decoding=\"async\" src=\"https:\/\/by-tv.co.uk\/wp-content\/uploads\/2025\/12\/bytv-reklam-banner.jpg\" alt=\"\"  width=\"2376\" height=\"1008\"   \/><\/a><\/div>","protected":false},"excerpt":{"rendered":"<p>\u0130ngiltere Krali\u00e7esi 2. Elizabeth\u2019in e\u015fi Prens Philip\u2019in 99 ya\u015f\u0131nda hayat\u0131n\u0131 kaybetmesinin ard\u0131ndan, ba\u015fkent Londra\u2019da ve \u00fclkenin d\u00f6rt bir yan\u0131nda 41 pare top at\u0131\u015f\u0131 yap\u0131ld\u0131. \u0130ngiltere\u2019de yerel saatle 12.00\u2019de ba\u015fkent Londra\u2019n\u0131n g\u00fcneydo\u011fusunda bulunan Woolwich K\u0131\u015flas\u0131\u2019ndan ve Londra Kalesi\u2019nden (Tower of London) top at\u0131\u015flar\u0131 ger\u00e7ekle\u015ftirildi. Ayn\u0131 zamanda Edinburgh, Cardiff, Belfast \u015fehirlerinde ve Cebelitar\u0131k&#8217;ta da Prens Philip\u2019i anmak i\u00e7in 41 pare top at\u0131\u015f\u0131 yap\u0131ld\u0131. Donanmaya ait &#8220;HMS Diamond&#8221; ile &#8220;HMS Montrose&#8221; gemilerinden de ayn\u0131 anda top at\u0131\u015f\u0131 ger\u00e7ekle\u015ftirilirken, etkinlikler televizyon kanallar\u0131ndan canl\u0131 yay\u0131nland\u0131. &nbsp; &nbsp; &nbsp; &nbsp; &nbsp; &nbsp; Bu g\u00f6nderiyi Instagram&#8217;da g\u00f6r &nbsp; &nbsp; &nbsp; &nbsp; &nbsp; &nbsp; &nbsp; &nbsp; &nbsp; &nbsp; [&hellip;]<\/p>\n","protected":false},"author":1,"featured_media":0,"comment_status":"open","ping_status":"open","sticky":false,"template":"","format":"standard","meta":{"ngg_post_thumbnail":0,"footnotes":""},"categories":[15],"tags":[],"class_list":["post-8662","post","type-post","status-publish","format-standard","hentry","category-ingiltere"],"_links":{"self":[{"href":"https:\/\/by-tv.co.uk\/en\/wp-json\/wp\/v2\/posts\/8662","targetHints":{"allow":["GET"]}}],"collection":[{"href":"https:\/\/by-tv.co.uk\/en\/wp-json\/wp\/v2\/posts"}],"about":[{"href":"https:\/\/by-tv.co.uk\/en\/wp-json\/wp\/v2\/types\/post"}],"author":[{"embeddable":true,"href":"https:\/\/by-tv.co.uk\/en\/wp-json\/wp\/v2\/users\/1"}],"replies":[{"embeddable":true,"href":"https:\/\/by-tv.co.uk\/en\/wp-json\/wp\/v2\/comments?post=8662"}],"version-history":[{"count":0,"href":"https:\/\/by-tv.co.uk\/en\/wp-json\/wp\/v2\/posts\/8662\/revisions"}],"wp:attachment":[{"href":"https:\/\/by-tv.co.uk\/en\/wp-json\/wp\/v2\/media?parent=8662"}],"wp:term":[{"taxonomy":"category","embeddable":true,"href":"https:\/\/by-tv.co.uk\/en\/wp-json\/wp\/v2\/categories?post=8662"},{"taxonomy":"post_tag","embeddable":true,"href":"https:\/\/by-tv.co.uk\/en\/wp-json\/wp\/v2\/tags?post=8662"}],"curies":[{"name":"wp","href":"https:\/\/api.w.org\/{rel}","templated":true}]}}