{"id":8659,"date":"2021-04-09T16:18:38","date_gmt":"2021-04-09T15:18:38","guid":{"rendered":"https:\/\/by-tv.co.uk\/?p=8659"},"modified":"2021-04-09T16:18:38","modified_gmt":"2021-04-09T15:18:38","slug":"ingiltere-kralicesi-2-elizabethin-esi-prens-philip-hayatini-kaybetti","status":"publish","type":"post","link":"https:\/\/by-tv.co.uk\/en\/ingiltere-kralicesi-2-elizabethin-esi-prens-philip-hayatini-kaybetti\/","title":{"rendered":"\u0130ngiltere Krali\u00e7esi 2. Elizabeth&#8217;in e\u015fi Prens Philip hayat\u0131n\u0131 kaybetti"},"content":{"rendered":"<p>(AA) &#8211; Buckingham Saray\u0131&#8217;ndan yap\u0131lan a\u00e7\u0131klamada, Prens Philip&#8217;in Windsor Kalesi&#8217;nde hayat\u0131n\u0131 kaybetti\u011fi belirtildi.<\/p>\n<p>Prens Philip, 16 \u015eubat&#8217;ta Kral 7. Edward Hastanesi&#8217;nde tedavi alt\u0131na al\u0131nm\u0131\u015ft\u0131.<\/p>\n<p>Rahats\u0131zl\u0131\u011f\u0131n\u0131n yeni tip koronavir\u00fcsle (Kovid-19) ilgisinin bulunmad\u0131\u011f\u0131 a\u00e7\u0131klanan Prens Philip&#8217;in birka\u00e7 g\u00fcn hastanede kalaca\u011f\u0131 ve enfeksiyon tedavisi g\u00f6rece\u011fi bilgisi payla\u015f\u0131lm\u0131\u015ft\u0131.<\/p><div id=\"briti-2749587400\" class=\"briti-icerik\" style=\"margin-top: 5px;margin-bottom: 5px;\"><a href=\"https:\/\/piaryum.com\/services\/\" aria-label=\"piaryum banner\"><img loading=\"lazy\" decoding=\"async\" src=\"https:\/\/by-tv.co.uk\/wp-content\/uploads\/2025\/12\/Gemini_Generated_Image_g5yqr1g5yqr1g5yq.jpg\" alt=\"\"  width=\"2064\" height=\"1152\"   \/><\/a><\/div>\n<p>Prens Philip, kalp ameliyat\u0131n\u0131n ard\u0131ndan taburcu edilmi\u015f, ancak bir s\u00fcre sonra yeniden Kral 7. Edward Hastanesine g\u00f6t\u00fcr\u00fclm\u00fc\u015f ve 28 g\u00fcn s\u00fcren tedavisinin ard\u0131ndan 16 Mart&#8217;ta tedavisi tamamlanm\u0131\u015ft\u0131.<\/p>\n<h4>Prens Philip&#8217;in hayat\u0131<\/h4>\n<p>10 Haziran 1921&#8217;de d\u00fcnya gelen Philip&#8217;e do\u011fumunda Danimarka ve Yunanistan Prensi unvan\u0131 verildi.<\/p>\n<p>Yunanistan&#8217;da do\u011fmas\u0131na ra\u011fmen ihtilal sonras\u0131 ailesiyle daha bebek ya\u015flar\u0131ndayken s\u00fcrg\u00fcn edildi.<\/p>\n<p>Fransa, Almanya ve \u0130ngiltere&#8217;deki e\u011fitimlerinin ard\u0131ndan 1939&#8217;da 18 ya\u015f\u0131ndayken \u0130ngiliz Kraliyet Donanmas\u0131na kat\u0131ld\u0131.<\/p>\n<p>Philip, \u015fimdi Krali\u00e7e olan Prenses Elizabeth ile 1934&#8217;te tan\u0131\u015ft\u0131. 2. D\u00fcnya Sava\u015f\u0131 s\u0131ras\u0131nda Akdeniz ve Pasifik filolar\u0131nda g\u00f6ren alan Philip&#8217;in, sava\u015f\u0131n ard\u0131ndan Prenses Elizabeth ile evlenmesine izin verildi.<\/p>\n<p>1947&#8217;deki ni\u015fan t\u00f6reni \u00f6ncesi Danimarka ve Yunanistan Prensi unvan\u0131ndan feragat eden Philip, \u0130ngiliz vatanda\u015f\u0131 oldu, anne ve b\u00fcy\u00fckbabas\u0131n\u0131n soyad\u0131 olan Mountbatten&#8217;i ald\u0131. \u0130kili, 20 Kas\u0131m 1947&#8217;de evlendi.<\/p>\n<p>D\u00fc\u011f\u00fcnden hemen \u00f6nce kendisine Kral 6. George taraf\u0131ndan, Edinburgh D\u00fck\u00fc, Merioneth Kontu ve Greenwich Baronu unvanlar\u0131 verildi. Elizabeth 1952&#8217;de Krali\u00e7e olurken, Philip de komutan r\u00fctbesine ula\u015ft\u0131\u011f\u0131 ordudan ayr\u0131larak 1957&#8217;de \u0130ngiliz Prensi unvan\u0131n\u0131 ald\u0131.<\/p>\n<p>\u00c7iftin, Charles, Anne, Andrew ve Edward adlar\u0131 verilen 4 \u00e7ocu\u011fu oldu. Krali\u00e7e Elizabeth&#8217;i tahttaki yakla\u015f\u0131k 69 y\u0131ll\u0131k g\u00f6revi s\u0131ras\u0131nda yaln\u0131z b\u0131rakmayan Prens Philip, Krali\u00e7e nereye giderse orada bulundu.<\/p>\n<p>Gelenek\u00e7ili\u011fi dolays\u0131yla Avrupa&#8217;da kraliyet ailelerinin rol\u00fcn\u00fcn sorgulanmas\u0131n\u0131 anlamada zorlanan Prens Philip, \u00e7o\u011fu \u0130ngiliz i\u00e7in Kraliyet ailesinin sorgusuz sualsiz sayg\u0131 g\u00f6rd\u00fc\u011f\u00fc \u00e7a\u011flardan kalma bir fig\u00fcr oldu.<\/p>\n<p>Buna ra\u011fmen kamuya hizmetleri b\u00fcy\u00fck takdir g\u00f6rd\u00fc. 800&#8217;den fazla hay\u0131r kurulu\u015fu ve kurumun hamili\u011fi veya ba\u015fkanl\u0131\u011f\u0131n\u0131 yapan Prens Philip bilim, teknoloji, vah\u015fi ya\u015fam alanlar\u0131n\u0131n korunmas\u0131na \u00f6zel ilgi g\u00f6sterdi.<\/p>\n<div id=\"briti-2791556797\" class=\"briti-icerikten-sonra_2\" style=\"margin-top: 25px;margin-bottom: 25px;\"><a href=\"https:\/\/wa.me\/message\/NDZLLIOQT4H3O1\" aria-label=\"bytv reklam banner\"><img loading=\"lazy\" decoding=\"async\" src=\"https:\/\/by-tv.co.uk\/wp-content\/uploads\/2025\/12\/bytv-reklam-banner.jpg\" alt=\"\"  width=\"2376\" height=\"1008\"   \/><\/a><\/div>","protected":false},"excerpt":{"rendered":"<p>(AA) &#8211; Buckingham Saray\u0131&#8217;ndan yap\u0131lan a\u00e7\u0131klamada, Prens Philip&#8217;in Windsor Kalesi&#8217;nde hayat\u0131n\u0131 kaybetti\u011fi belirtildi. Prens Philip, 16 \u015eubat&#8217;ta Kral 7. Edward Hastanesi&#8217;nde tedavi alt\u0131na al\u0131nm\u0131\u015ft\u0131. Rahats\u0131zl\u0131\u011f\u0131n\u0131n yeni tip koronavir\u00fcsle (Kovid-19) ilgisinin bulunmad\u0131\u011f\u0131 a\u00e7\u0131klanan Prens Philip&#8217;in birka\u00e7 g\u00fcn hastanede kalaca\u011f\u0131 ve enfeksiyon tedavisi g\u00f6rece\u011fi bilgisi payla\u015f\u0131lm\u0131\u015ft\u0131. Prens Philip, kalp ameliyat\u0131n\u0131n ard\u0131ndan taburcu edilmi\u015f, ancak bir s\u00fcre sonra yeniden Kral 7. Edward Hastanesine g\u00f6t\u00fcr\u00fclm\u00fc\u015f ve 28 g\u00fcn s\u00fcren tedavisinin ard\u0131ndan 16 Mart&#8217;ta tedavisi tamamlanm\u0131\u015ft\u0131. Prens Philip&#8217;in hayat\u0131 10 Haziran 1921&#8217;de d\u00fcnya gelen Philip&#8217;e do\u011fumunda Danimarka ve Yunanistan Prensi unvan\u0131 verildi. Yunanistan&#8217;da do\u011fmas\u0131na ra\u011fmen ihtilal sonras\u0131 ailesiyle daha bebek ya\u015flar\u0131ndayken s\u00fcrg\u00fcn edildi. Fransa, Almanya [&hellip;]<\/p>\n","protected":false},"author":1,"featured_media":0,"comment_status":"open","ping_status":"open","sticky":false,"template":"","format":"standard","meta":{"ngg_post_thumbnail":0,"footnotes":""},"categories":[15],"tags":[],"class_list":["post-8659","post","type-post","status-publish","format-standard","hentry","category-ingiltere"],"_links":{"self":[{"href":"https:\/\/by-tv.co.uk\/en\/wp-json\/wp\/v2\/posts\/8659","targetHints":{"allow":["GET"]}}],"collection":[{"href":"https:\/\/by-tv.co.uk\/en\/wp-json\/wp\/v2\/posts"}],"about":[{"href":"https:\/\/by-tv.co.uk\/en\/wp-json\/wp\/v2\/types\/post"}],"author":[{"embeddable":true,"href":"https:\/\/by-tv.co.uk\/en\/wp-json\/wp\/v2\/users\/1"}],"replies":[{"embeddable":true,"href":"https:\/\/by-tv.co.uk\/en\/wp-json\/wp\/v2\/comments?post=8659"}],"version-history":[{"count":0,"href":"https:\/\/by-tv.co.uk\/en\/wp-json\/wp\/v2\/posts\/8659\/revisions"}],"wp:attachment":[{"href":"https:\/\/by-tv.co.uk\/en\/wp-json\/wp\/v2\/media?parent=8659"}],"wp:term":[{"taxonomy":"category","embeddable":true,"href":"https:\/\/by-tv.co.uk\/en\/wp-json\/wp\/v2\/categories?post=8659"},{"taxonomy":"post_tag","embeddable":true,"href":"https:\/\/by-tv.co.uk\/en\/wp-json\/wp\/v2\/tags?post=8659"}],"curies":[{"name":"wp","href":"https:\/\/api.w.org\/{rel}","templated":true}]}}