{"id":8650,"date":"2021-04-09T11:44:19","date_gmt":"2021-04-09T10:44:19","guid":{"rendered":"https:\/\/by-tv.co.uk\/?p=8650"},"modified":"2021-04-09T11:47:30","modified_gmt":"2021-04-09T10:47:30","slug":"turk-turizmciler-ingiltere-pazarinda-hareketlilik-bekliyor","status":"publish","type":"post","link":"https:\/\/by-tv.co.uk\/en\/turk-turizmciler-ingiltere-pazarinda-hareketlilik-bekliyor\/","title":{"rendered":"T\u00fcrk turizmciler \u0130ngiltere pazar\u0131nda hareketlilik bekliyor"},"content":{"rendered":"<p>G\u00fcvenli Turizm Sertifika Program\u0131 kapsam\u0131nda gerekli \u00f6nlemleri alan T\u00fcrk turizm sekt\u00f6r\u00fc, sezona haz\u0131r.<\/p>\n<p>Rusya&#8217;dan hareketlili\u011fin ba\u015flad\u0131\u011f\u0131 Akdeniz ve Ege k\u0131y\u0131lar\u0131nda, seyahat k\u0131s\u0131tlamalar\u0131n\u0131n kald\u0131r\u0131lmas\u0131yla Almanya ve \u0130ngiltere ba\u015fta olmak \u00fczere farkl\u0131 \u00fclkelerden de turist ak\u0131\u015f\u0131 bekleniyor.<\/p>\n<p>T\u00fcrkiye Otelciler Federasyonu (T\u00dcROFED) Ba\u015fkan Yard\u0131mc\u0131s\u0131 ve G\u00fcney Ege Turistik Otelciler ve \u0130\u015fletmeciler Birli\u011fi (GETOB) Ba\u015fkan\u0131 B\u00fclent B\u00fclb\u00fclo\u011flu, AA muhabirine, \u0130ngiliz turistler i\u00e7in Mu\u011fla&#8217;n\u0131n vazge\u00e7ilmez destinasyonlar\u0131n ba\u015f\u0131nda geldi\u011fini s\u00f6yledi.<\/p><div id=\"briti-3247501511\" class=\"briti-icerik\" style=\"margin-top: 5px;margin-bottom: 5px;\"><a href=\"https:\/\/piaryum.com\/services\/\" aria-label=\"piaryum banner\"><img loading=\"lazy\" decoding=\"async\" src=\"https:\/\/by-tv.co.uk\/wp-content\/uploads\/2025\/12\/Gemini_Generated_Image_g5yqr1g5yqr1g5yq.jpg\" alt=\"\"  width=\"2064\" height=\"1152\"   \/><\/a><\/div>\n<p>Sekt\u00f6r\u00fcn g\u00f6z\u00fcn\u00fcn kula\u011f\u0131n\u0131n \u0130ngiltere&#8217;den gelecek olumlu haberlerde oldu\u011funu belirten B\u00fclb\u00fclo\u011flu, \u015funlar\u0131 kaydetti:<\/p>\n<p>&#8220;Antalya i\u00e7in Rusya pazar\u0131 ne kadar \u00f6nemliyse Ege ve Mu\u011fla i\u00e7in de \u0130ngiltere pazar\u0131 o kadar \u00f6nemli. Mu\u011fla olarak ana kaynak pazar\u0131m\u0131z \u0130ngiltere. \u0130ngilizler en \u00e7ok Marmaris, Fethiye ve Mu\u011fla&#8217;n\u0131n di\u011fer il\u00e7elerini tercih ediyor. \u0130ngiltere, Antalya&#8217;n\u0131n da \u00f6nemli bir pazarlar\u0131ndan biri. \u0130ngiliz turisti Mu\u011fla ve Antalyal\u0131 turizmciler olarak umutla bekliyoruz. G\u00fcvenli Turizm Sertifika Program\u0131 ile T\u00fcrkiye turizmdeki en b\u00fcy\u00fck rakiplerinden daha iyi konumda. \u0130ngiliz pazar\u0131nda haziran ve temmuz i\u00e7in umutluyuz.&#8221;<\/p>\n<h3>&#8220;\u0130ngiltere, Antalya&#8217;n\u0131n \u00fc\u00e7\u00fcnc\u00fc b\u00fcy\u00fck pazar\u0131&#8221;<\/h3>\n<p>T\u00fcrkiye Seyahat Acentalar\u0131 Birli\u011fi (T\u00dcRSAB) Akdeniz B\u00f6lge Temsil Kurulu Ba\u015fkan\u0131 Ferit Turgut ise \u0130ngiltere&#8217;de normalle\u015fme s\u00fcrecinin ba\u015flad\u0131\u011f\u0131n\u0131, bu ad\u0131mlar\u0131n da yurt d\u0131\u015f\u0131 seyahat yapacak \u0130ngilizleri hareketlendirdi\u011fini dile getirdi.<\/p>\n<p>T\u00fcrk turizmcileri olarak \u0130ngiltere&#8217;de yurt d\u0131\u015f\u0131 seyahatlere ili\u015fkin bir hafta sonra g\u00fczel haberler beklediklerini aktaran Turgut, &#8220;\u0130ngiltere Ba\u015fbakan\u0131 Boris Johnson&#8217;\u0131n a\u00e7\u0131klamalar\u0131 rezervasyonlar\u0131 olumlu y\u00f6nde etkiledi. As\u0131l g\u00fczel haberi 12 Nisan&#8217;da bekliyoruz. Rusya ve Almanya&#8217;dan sonra \u0130ngiltere \u00fc\u00e7\u00fcnc\u00fc b\u00fcy\u00fck pazar\u0131m\u0131z. En \u00e7ok turist g\u00f6nderen \u00fclkeler aras\u0131nda. \u00d6zellikle yaz d\u00f6neminde bu pazardan ciddi bir turist ak\u0131\u015f\u0131 bekliyoruz.&#8221; diye konu\u015ftu.<\/p>\n<p>Turgut, turistlerle ilgili salg\u0131n noktas\u0131nda ciddi bir problem ya\u015fanmad\u0131\u011f\u0131n\u0131 vurgulayarak, turizmin olduk\u00e7a g\u00fcvenli oldu\u011funu kaydetti.<\/p>\n<h3>&#8220;\u0130ngilizler i\u00e7in Mu\u011fla ve Antalya en \u00e7ok tercih edilen destinasyon&#8221;<\/h3>\n<p>A\u011f\u0131rl\u0131kl\u0131 olarak \u0130ngiliz pazar\u0131na y\u00f6nelik \u00e7al\u0131\u015fan turizm firmas\u0131n\u0131n y\u00f6netim kurulu ba\u015fkan\u0131 Burak Tonbul da Avrupa&#8217;da yaz aylar\u0131n\u0131n ba\u015flang\u0131c\u0131 olarak kabul edilen Paskalya sonras\u0131nda \u0130ngiltere pazar\u0131nda bir hareketlilik beklendi\u011fini s\u00f6yledi.<\/p>\n<p>\u0130ngilizlerin rezervasyonlar\u0131nda T\u00fcrkiye ve Yunanistan&#8217;a ilginin artt\u0131\u011f\u0131na dikkati \u00e7eken Tonbul, &#8220;Yaz tatili i\u00e7in \u0130ngiliz turistlerin T\u00fcrkiye&#8217;ye y\u00f6nelik bir ilgisi var. \u00d6zellikle Mu\u011fla&#8217;n\u0131n il\u00e7eleri ve Antalya destinasyonu \u0130ngiltere&#8217;de en \u00e7ok tercih edilen yaz tatil y\u00f6relerinin ba\u015f\u0131nda geliyor.&#8221; dedi.<\/p>\n<p>Tonbul, \u0130ngiltere&#8217;de acentelerin, tur operat\u00f6rlerinin sat\u0131\u015flar\u0131n\u0131n hen\u00fcz a\u00e7\u0131lmad\u0131\u011f\u0131n\u0131, bu sat\u0131\u015flar\u0131n ba\u015flamas\u0131yla \u00fc\u00e7\u00fcnc\u00fc rezervasyon dalgas\u0131n\u0131n ya\u015fanaca\u011f\u0131n\u0131 bildirdi.<\/p>\n<p>T\u00fcrk turizmciler olarak T\u00fcrkiye&#8217;nin, \u0130ngiltere taraf\u0131ndan &#8220;g\u00fcvenli \u00fclke&#8221; olarak nitelendirilen ye\u015fil kategoride yer almas\u0131n\u0131 beklediklerini vurgulayan Tonbul, \u0130ngiltere ile g\u00fcvenli koridorlarla ba\u011flanmay\u0131 ama\u00e7lad\u0131klar\u0131n\u0131 s\u00f6yledi.<\/p>\n<div id=\"briti-2227663884\" class=\"briti-icerikten-sonra_2\" style=\"margin-top: 25px;margin-bottom: 25px;\"><a href=\"https:\/\/wa.me\/message\/NDZLLIOQT4H3O1\" aria-label=\"bytv reklam banner\"><img loading=\"lazy\" decoding=\"async\" src=\"https:\/\/by-tv.co.uk\/wp-content\/uploads\/2025\/12\/bytv-reklam-banner.jpg\" alt=\"\"  width=\"2376\" height=\"1008\"   \/><\/a><\/div>","protected":false},"excerpt":{"rendered":"<p>G\u00fcvenli Turizm Sertifika Program\u0131 kapsam\u0131nda gerekli \u00f6nlemleri alan T\u00fcrk turizm sekt\u00f6r\u00fc, sezona haz\u0131r. Rusya&#8217;dan hareketlili\u011fin ba\u015flad\u0131\u011f\u0131 Akdeniz ve Ege k\u0131y\u0131lar\u0131nda, seyahat k\u0131s\u0131tlamalar\u0131n\u0131n kald\u0131r\u0131lmas\u0131yla Almanya ve \u0130ngiltere ba\u015fta olmak \u00fczere farkl\u0131 \u00fclkelerden de turist ak\u0131\u015f\u0131 bekleniyor. T\u00fcrkiye Otelciler Federasyonu (T\u00dcROFED) Ba\u015fkan Yard\u0131mc\u0131s\u0131 ve G\u00fcney Ege Turistik Otelciler ve \u0130\u015fletmeciler Birli\u011fi (GETOB) Ba\u015fkan\u0131 B\u00fclent B\u00fclb\u00fclo\u011flu, AA muhabirine, \u0130ngiliz turistler i\u00e7in Mu\u011fla&#8217;n\u0131n vazge\u00e7ilmez destinasyonlar\u0131n ba\u015f\u0131nda geldi\u011fini s\u00f6yledi. Sekt\u00f6r\u00fcn g\u00f6z\u00fcn\u00fcn kula\u011f\u0131n\u0131n \u0130ngiltere&#8217;den gelecek olumlu haberlerde oldu\u011funu belirten B\u00fclb\u00fclo\u011flu, \u015funlar\u0131 kaydetti: &#8220;Antalya i\u00e7in Rusya pazar\u0131 ne kadar \u00f6nemliyse Ege ve Mu\u011fla i\u00e7in de \u0130ngiltere pazar\u0131 o kadar \u00f6nemli. Mu\u011fla olarak ana kaynak pazar\u0131m\u0131z \u0130ngiltere. \u0130ngilizler [&hellip;]<\/p>\n","protected":false},"author":1,"featured_media":0,"comment_status":"open","ping_status":"open","sticky":false,"template":"","format":"standard","meta":{"ngg_post_thumbnail":0,"footnotes":""},"categories":[15],"tags":[149,664],"class_list":["post-8650","post","type-post","status-publish","format-standard","hentry","category-ingiltere","tag-ingiltere","tag-turizm"],"_links":{"self":[{"href":"https:\/\/by-tv.co.uk\/en\/wp-json\/wp\/v2\/posts\/8650","targetHints":{"allow":["GET"]}}],"collection":[{"href":"https:\/\/by-tv.co.uk\/en\/wp-json\/wp\/v2\/posts"}],"about":[{"href":"https:\/\/by-tv.co.uk\/en\/wp-json\/wp\/v2\/types\/post"}],"author":[{"embeddable":true,"href":"https:\/\/by-tv.co.uk\/en\/wp-json\/wp\/v2\/users\/1"}],"replies":[{"embeddable":true,"href":"https:\/\/by-tv.co.uk\/en\/wp-json\/wp\/v2\/comments?post=8650"}],"version-history":[{"count":0,"href":"https:\/\/by-tv.co.uk\/en\/wp-json\/wp\/v2\/posts\/8650\/revisions"}],"wp:attachment":[{"href":"https:\/\/by-tv.co.uk\/en\/wp-json\/wp\/v2\/media?parent=8650"}],"wp:term":[{"taxonomy":"category","embeddable":true,"href":"https:\/\/by-tv.co.uk\/en\/wp-json\/wp\/v2\/categories?post=8650"},{"taxonomy":"post_tag","embeddable":true,"href":"https:\/\/by-tv.co.uk\/en\/wp-json\/wp\/v2\/tags?post=8650"}],"curies":[{"name":"wp","href":"https:\/\/api.w.org\/{rel}","templated":true}]}}