{"id":8648,"date":"2021-04-09T11:31:22","date_gmt":"2021-04-09T10:31:22","guid":{"rendered":"https:\/\/by-tv.co.uk\/?p=8648"},"modified":"2021-04-09T11:31:22","modified_gmt":"2021-04-09T10:31:22","slug":"ingilterede-kovid-19-asisinin-10-binin-ustunde-can-kaybini-onledigi-tahmin-ediliyor","status":"publish","type":"post","link":"https:\/\/by-tv.co.uk\/en\/ingilterede-kovid-19-asisinin-10-binin-ustunde-can-kaybini-onledigi-tahmin-ediliyor\/","title":{"rendered":"\u0130ngiltere\u2019de Kovid-19 a\u015f\u0131s\u0131n\u0131n 10 binin \u00fcst\u00fcnde can kayb\u0131n\u0131 \u00f6nledi\u011fi tahmin ediliyor"},"content":{"rendered":"<h6><span style=\"font-family: Georgia, 'Times New Roman', 'Bitstream Charter', Times, serif; font-size: 1.21429rem;\">\u0130ngiltere&#8217;de 8 Aral\u0131k&#8217;ta ba\u015flayan yeni tip koronavir\u00fcs (Kovid-19) a\u015f\u0131lama program\u0131yla 60 ya\u015f \u00fcst\u00fcndeki 10 bin 400 can kayb\u0131n\u0131n \u00f6nlendi\u011fi tahmin ediliyor.<\/span><\/h6>\n<div>\n<p>Ara\u015ft\u0131rmada, a\u015f\u0131 program\u0131n\u0131n ba\u015flad\u0131\u011f\u0131 8 Aral\u0131k 2020 tarihinden 31 Mart&#8217;a kadarki d\u00f6nem ile a\u015f\u0131lama \u00f6ncesi d\u00f6nemdeki Kovid-19 kaynakl\u0131 can kayb\u0131 say\u0131lar\u0131 kar\u015f\u0131la\u015ft\u0131r\u0131ld\u0131.<\/p>\n<p>Buna g\u00f6re, \u00fclkede Kovid-19 a\u015f\u0131lar\u0131n\u0131n uygulanmas\u0131yla 80 ya\u015f \u00fcst\u00fcndekilerde 9 bin 100, 70-79 ya\u015f aral\u0131\u011f\u0131ndakilerde 1200, 60-69 ya\u015f aral\u0131\u011f\u0131ndakilerde de 100 olmak \u00fczere toplam 10 bin 400 ki\u015finin vir\u00fcs nedeniyle hayat\u0131n\u0131 kaybetmesinin \u00f6nlendi\u011fi tahmin edildi.<\/p>\n<blockquote class=\"instagram-media\" style=\"background: #FFF; border: 0; border-radius: 3px; box-shadow: 0 0 1px 0 rgba(0,0,0,0.5),0 1px 10px 0 rgba(0,0,0,0.15); margin: 1px; max-width: 540px; min-width: 326px; padding: 0; width: calc(100% - 2px);\" data-instgrm-permalink=\"https:\/\/www.instagram.com\/p\/CNalPZUqKp1\/?utm_source=ig_embed&amp;utm_campaign=loading\" data-instgrm-version=\"13\">\n<div style=\"padding: 16px;\">\n<p>&nbsp;<\/p>\n<div style=\"display: flex; flex-direction: row; align-items: center;\">\n<div style=\"background-color: #f4f4f4; border-radius: 50%; flex-grow: 0; height: 40px; margin-right: 14px; width: 40px;\">&nbsp;<\/div>\n<div style=\"display: flex; flex-direction: column; flex-grow: 1; justify-content: center;\">\n<div style=\"background-color: #f4f4f4; border-radius: 4px; flex-grow: 0; height: 14px; margin-bottom: 6px; width: 100px;\">&nbsp;<\/div>\n<div style=\"background-color: #f4f4f4; border-radius: 4px; flex-grow: 0; height: 14px; width: 60px;\">&nbsp;<\/div>\n<\/div>\n<\/div>\n<div style=\"padding: 19% 0;\">&nbsp;<\/div>\n<div style=\"display: block; height: 50px; margin: 0 auto 12px; width: 50px;\">&nbsp;<\/div>\n<div style=\"padding-top: 8px;\">\n<div style=\"color: #3897f0; font-family: Arial,sans-serif; font-size: 14px; font-style: normal; font-weight: 550; line-height: 18px;\">Bu g\u00f6nderiyi Instagram&#8217;da g\u00f6r<\/div>\n<\/div>\n<div style=\"padding: 12.5% 0;\">&nbsp;<\/div>\n<div style=\"display: flex; flex-direction: row; margin-bottom: 14px; align-items: center;\">\n<div>\n<div style=\"background-color: #f4f4f4; border-radius: 50%; height: 12.5px; width: 12.5px; transform: translateX(0px) translateY(7px);\">&nbsp;<\/div>\n<div style=\"background-color: #f4f4f4; height: 12.5px; transform: rotate(-45deg) translateX(3px) translateY(1px); width: 12.5px; flex-grow: 0; margin-right: 14px; margin-left: 2px;\">&nbsp;<\/div>\n<div style=\"background-color: #f4f4f4; border-radius: 50%; height: 12.5px; width: 12.5px; transform: translateX(9px) translateY(-18px);\">&nbsp;<\/div>\n<\/div>\n<div style=\"margin-left: 8px;\">\n<div style=\"background-color: #f4f4f4; border-radius: 50%; flex-grow: 0; height: 20px; width: 20px;\">&nbsp;<\/div>\n<div style=\"width: 0; height: 0; border-top: 2px solid transparent; border-left: 6px solid #f4f4f4; border-bottom: 2px solid transparent; transform: translateX(16px) translateY(-4px) rotate(30deg);\">&nbsp;<\/div>\n<\/div>\n<div style=\"margin-left: auto;\">\n<div style=\"width: 0px; border-top: 8px solid #F4F4F4; border-right: 8px solid transparent; transform: translateY(16px);\">&nbsp;<\/div>\n<div style=\"background-color: #f4f4f4; flex-grow: 0; height: 12px; width: 16px; transform: translateY(-4px);\">&nbsp;<\/div>\n<div style=\"width: 0; height: 0; border-top: 8px solid #F4F4F4; border-left: 8px solid transparent; transform: translateY(-4px) translateX(8px);\">&nbsp;<\/div>\n<\/div>\n<\/div>\n<div style=\"display: flex; flex-direction: column; flex-grow: 1; justify-content: center; margin-bottom: 24px;\">\n<div style=\"background-color: #f4f4f4; border-radius: 4px; flex-grow: 0; height: 14px; margin-bottom: 6px; width: 224px;\">&nbsp;<\/div>\n<div style=\"background-color: #f4f4f4; border-radius: 4px; flex-grow: 0; height: 14px; width: 144px;\">&nbsp;<\/div>\n<\/div>\n<p>&nbsp;<\/p>\n<p style=\"color: #c9c8cd; font-family: Arial,sans-serif; font-size: 14px; line-height: 17px; margin-bottom: 0; margin-top: 8px; overflow: hidden; padding: 8px 0 7px; text-align: center; text-overflow: ellipsis; white-space: nowrap;\"><a style=\"color: #c9c8cd; font-family: Arial,sans-serif; font-size: 14px; font-style: normal; font-weight: normal; line-height: 17px; text-decoration: none;\" href=\"https:\/\/www.instagram.com\/p\/CNalPZUqKp1\/?utm_source=ig_embed&amp;utm_campaign=loading\" target=\"_blank\" rel=\"noopener\">Brit \u0130\u015f-Ya\u015fam TV (@britisyasamtv)&#8217;in payla\u015ft\u0131\u011f\u0131 bir g\u00f6nderi<\/a><\/p>\n<\/div>\n<\/blockquote>\n<p><script async=\"\" src=\"\/\/www.instagram.com\/embed.js\"><\/script><br \/>\n\u0130ngiltere Sa\u011fl\u0131k Bakan\u0131 Matt Hancock yapt\u0131\u011f\u0131 de\u011ferlendirmede, &#8220;A\u015f\u0131lama program\u0131m\u0131z\u0131n ba\u015far\u0131s\u0131n\u0131 ve olu\u015fturdu\u011fu etkiyi g\u00f6rmek harika. A\u015f\u0131lar 10 binden fazla ki\u015finin hayat\u0131n\u0131 kurtard\u0131.&#8221; ifadelerini kulland\u0131.<\/p><div id=\"briti-127049525\" class=\"briti-icerik\" style=\"margin-top: 5px;margin-bottom: 5px;\"><a href=\"https:\/\/piaryum.com\/services\/\" aria-label=\"piaryum banner\"><img loading=\"lazy\" decoding=\"async\" src=\"https:\/\/by-tv.co.uk\/wp-content\/uploads\/2025\/12\/Gemini_Generated_Image_g5yqr1g5yqr1g5yq.jpg\" alt=\"\"  width=\"2064\" height=\"1152\"   \/><\/a><\/div>\n<p>Hancock, \u00fclkede kullan\u0131m\u0131na onay verilen 3 Kovid-19 a\u015f\u0131s\u0131n\u0131n g\u00fcvenli ve etkili oldu\u011funu belirterek a\u015f\u0131n\u0131n hayat kurtard\u0131\u011f\u0131n\u0131 kaydetti.<\/p>\n<p>Oxford-AstraZeneca, Pfizer-BioNTech ve Moderna a\u015f\u0131lar\u0131n\u0131n kullan\u0131m\u0131na onay verilen \u00fclkede, Kovid-19 a\u015f\u0131s\u0131n\u0131n ilk dozunu yapt\u0131ranlar\u0131n say\u0131s\u0131 31 milyon 807 bin 124&#8217;e ula\u015f\u0131rken bunlardan 6 milyon 91 bin 905&#8217;ine ikinci doz uyguland\u0131.<\/p>\n<h3>\u0130ngiltere Kovid-19&#8217;da s\u00fcr\u00fc ba\u011f\u0131\u015f\u0131kl\u0131\u011f\u0131 e\u015fi\u011fini ge\u00e7ecek<\/h3>\n<p>\u00d6te yandan, \u0130ngiltere&#8217;nin 12 Nisan&#8217;a kadar Kovid-19 salg\u0131n\u0131nda s\u00fcr\u00fc ba\u011f\u0131\u015f\u0131kl\u0131\u011f\u0131 e\u015fi\u011fini ge\u00e7mesinin beklendi\u011fi bildirilmi\u015fti.<\/p>\n<p>Londra \u00dcniversitesi Akademisinin (UCL) yapt\u0131\u011f\u0131 modellemede, Kovid-19&#8217;a kar\u015f\u0131 korumas\u0131 olan ki\u015filerin say\u0131s\u0131, gerek do\u011fal ba\u011f\u0131\u015f\u0131kl\u0131k gerekse de a\u015f\u0131lama yoluyla 12 Nisan&#8217;da y\u00fczde 73,4&#8217;e ula\u015faca\u011f\u0131 kaydedilmi\u015fti.<\/p>\n<p>UCL&#8217;den Profes\u00f6r Karl Friston, &#8220;S\u00fcr\u00fc ba\u011f\u0131\u015f\u0131kl\u0131\u011f\u0131 tahminleri beni \u015fa\u015f\u0131rtt\u0131. Bununla birlikte, yeti\u015fkinlerin y\u00fczde 50&#8217;sinden fazlas\u0131n\u0131n a\u015f\u0131 oldu\u011fu, halk\u0131n yakla\u015f\u0131k y\u00fczde 42&#8217;sinin vir\u00fcse maruz kald\u0131\u011f\u0131 ve yakla\u015f\u0131k y\u00fczde 10&#8217;unun da \u00f6nceden ba\u011f\u0131\u015f\u0131kl\u0131\u011f\u0131 oldu\u011fu d\u00fc\u015f\u00fcn\u00fcld\u00fc\u011f\u00fcnde tahminler dikkate de\u011fer.&#8221; ifadelerini kullanm\u0131\u015ft\u0131.<\/p>\n<p>Friston, verilerin n\u00fcfusun yakla\u015f\u0131k y\u00fczde 70&#8217;inin ba\u011f\u0131\u015f\u0131kl\u0131\u011f\u0131 oldu\u011fu anlam\u0131na geldi\u011fini vurgulam\u0131\u015ft\u0131.<\/p>\n<h3>Vaka ve \u00f6l\u00fc say\u0131lar\u0131 d\u00fc\u015f\u00fcyor<\/h3>\n<p>\u0130ngiltere&#8217;de Kovid-19 nedeniyle bug\u00fcne kadar 126 bin 980 ki\u015fi hayat\u0131n\u0131 kaybetti. Kas\u0131m ay\u0131ndan itibaren vir\u00fcs\u00fcn daha h\u0131zl\u0131 yay\u0131lan ve daha \u00f6ld\u00fcr\u00fcc\u00fc olan yeni bir t\u00fcr\u00fcn\u00fcn etkisi alt\u0131na giren \u00fclkede, aral\u0131k ay\u0131nda g\u00fcnl\u00fck vaka say\u0131lar\u0131 80 bini ge\u00e7mi\u015fti.<\/p>\n<p>Ancak hem karantina hem de h\u0131zl\u0131 a\u015f\u0131laman\u0131n etkisiyle vakalar ve \u00f6l\u00fcmler azalmaya ba\u015flam\u0131\u015f, son haftalarda g\u00fcnl\u00fck vaka say\u0131s\u0131 3 binin, vir\u00fcse ba\u011fl\u0131 can kayb\u0131 say\u0131s\u0131 da 50&#8217;nin alt\u0131na d\u00fc\u015fm\u00fc\u015ft\u00fc.<\/p>\n<p>AA<\/p>\n<\/div>\n<div id=\"briti-1303982381\" class=\"briti-icerikten-sonra_2\" style=\"margin-top: 25px;margin-bottom: 25px;\"><a href=\"https:\/\/wa.me\/message\/NDZLLIOQT4H3O1\" aria-label=\"bytv reklam banner\"><img loading=\"lazy\" decoding=\"async\" src=\"https:\/\/by-tv.co.uk\/wp-content\/uploads\/2025\/12\/bytv-reklam-banner.jpg\" alt=\"\"  width=\"2376\" height=\"1008\"   \/><\/a><\/div>","protected":false},"excerpt":{"rendered":"<p>\u0130ngiltere&#8217;de 8 Aral\u0131k&#8217;ta ba\u015flayan yeni tip koronavir\u00fcs (Kovid-19) a\u015f\u0131lama program\u0131yla 60 ya\u015f \u00fcst\u00fcndeki 10 bin 400 can kayb\u0131n\u0131n \u00f6nlendi\u011fi tahmin ediliyor. Ara\u015ft\u0131rmada, a\u015f\u0131 program\u0131n\u0131n ba\u015flad\u0131\u011f\u0131 8 Aral\u0131k 2020 tarihinden 31 Mart&#8217;a kadarki d\u00f6nem ile a\u015f\u0131lama \u00f6ncesi d\u00f6nemdeki Kovid-19 kaynakl\u0131 can kayb\u0131 say\u0131lar\u0131 kar\u015f\u0131la\u015ft\u0131r\u0131ld\u0131. Buna g\u00f6re, \u00fclkede Kovid-19 a\u015f\u0131lar\u0131n\u0131n uygulanmas\u0131yla 80 ya\u015f \u00fcst\u00fcndekilerde 9 bin 100, 70-79 ya\u015f aral\u0131\u011f\u0131ndakilerde 1200, 60-69 ya\u015f aral\u0131\u011f\u0131ndakilerde de 100 olmak \u00fczere toplam 10 bin 400 ki\u015finin vir\u00fcs nedeniyle hayat\u0131n\u0131 kaybetmesinin \u00f6nlendi\u011fi tahmin edildi. &nbsp; &nbsp; &nbsp; &nbsp; &nbsp; &nbsp; Bu g\u00f6nderiyi Instagram&#8217;da g\u00f6r &nbsp; &nbsp; &nbsp; &nbsp; &nbsp; &nbsp; &nbsp; &nbsp; &nbsp; &nbsp; &nbsp; &nbsp; [&hellip;]<\/p>\n","protected":false},"author":1,"featured_media":8561,"comment_status":"open","ping_status":"open","sticky":false,"template":"","format":"standard","meta":{"ngg_post_thumbnail":0,"footnotes":""},"categories":[15],"tags":[149,1971],"class_list":["post-8648","post","type-post","status-publish","format-standard","has-post-thumbnail","hentry","category-ingiltere","tag-ingiltere","tag-koronavirus-asisi"],"_links":{"self":[{"href":"https:\/\/by-tv.co.uk\/en\/wp-json\/wp\/v2\/posts\/8648","targetHints":{"allow":["GET"]}}],"collection":[{"href":"https:\/\/by-tv.co.uk\/en\/wp-json\/wp\/v2\/posts"}],"about":[{"href":"https:\/\/by-tv.co.uk\/en\/wp-json\/wp\/v2\/types\/post"}],"author":[{"embeddable":true,"href":"https:\/\/by-tv.co.uk\/en\/wp-json\/wp\/v2\/users\/1"}],"replies":[{"embeddable":true,"href":"https:\/\/by-tv.co.uk\/en\/wp-json\/wp\/v2\/comments?post=8648"}],"version-history":[{"count":0,"href":"https:\/\/by-tv.co.uk\/en\/wp-json\/wp\/v2\/posts\/8648\/revisions"}],"wp:featuredmedia":[{"embeddable":true,"href":"https:\/\/by-tv.co.uk\/en\/wp-json\/wp\/v2\/media\/8561"}],"wp:attachment":[{"href":"https:\/\/by-tv.co.uk\/en\/wp-json\/wp\/v2\/media?parent=8648"}],"wp:term":[{"taxonomy":"category","embeddable":true,"href":"https:\/\/by-tv.co.uk\/en\/wp-json\/wp\/v2\/categories?post=8648"},{"taxonomy":"post_tag","embeddable":true,"href":"https:\/\/by-tv.co.uk\/en\/wp-json\/wp\/v2\/tags?post=8648"}],"curies":[{"name":"wp","href":"https:\/\/api.w.org\/{rel}","templated":true}]}}