{"id":8644,"date":"2021-04-09T11:15:50","date_gmt":"2021-04-09T10:15:50","guid":{"rendered":"https:\/\/by-tv.co.uk\/?p=8644"},"modified":"2021-04-09T11:57:19","modified_gmt":"2021-04-09T10:57:19","slug":"ingiltere-basbakani-johnson-kuzey-irlandadaki-siddet-olaylarindan-endise-duydugunu-soyledi","status":"publish","type":"post","link":"https:\/\/by-tv.co.uk\/en\/ingiltere-basbakani-johnson-kuzey-irlandadaki-siddet-olaylarindan-endise-duydugunu-soyledi\/","title":{"rendered":"\u0130ngiltere Ba\u015fbakan\u0131 Johnson; Kuzey \u0130rlanda&#8217;daki \u015fiddet olaylar\u0131ndan endi\u015fe duydu\u011funu s\u00f6yledi"},"content":{"rendered":"<p>Kuzey \u0130rlanda&#8217;n\u0131n ba\u015fkenti Belfast&#8217;ta ayr\u0131l\u0131k\u00e7\u0131 Sinn Fein partisi \u00fcyeleri ve yetkililerinin bir cenaze t\u00f6reni s\u0131ras\u0131nda yeni tip koronavir\u00fcs (Kovid-19) yasaklar\u0131n\u0131 ihlal etmesine birlik yanl\u0131lar\u0131n\u0131n tepki g\u00f6stermesi sonucu ge\u00e7en hafta ba\u015flayan g\u00f6steriler devam ediyor. Kuzey \u0130rlanda&#8217;da bir haftad\u0131r devam eden \u015fiddet olaylar\u0131nda molotofkokteyli, havai fi\u015fek ve ta\u015flarla sald\u0131ran g\u00f6stericilere polis m\u00fcdahale etti.<\/p>\n<blockquote class=\"twitter-tweet\">\n<p dir=\"ltr\" lang=\"en\">I am deeply concerned by the scenes of violence in Northern Ireland, especially attacks on PSNI who are protecting the public and businesses, attacks on a bus driver and the assault of a journalist. The way to resolve differences is through dialogue, not violence or criminality.<\/p>\n<p>\u2014 Boris Johnson (@BorisJohnson) <a href=\"https:\/\/twitter.com\/BorisJohnson\/status\/1379895030077394950?ref_src=twsrc%5Etfw\" target=\"_blank\" rel=\"noopener\">April 7, 2021<\/a><\/p><\/blockquote>\n<p><script async=\"\" src=\"https:\/\/platform.twitter.com\/widgets.js\" charset=\"utf-8\"><\/script><br \/>\nAvrupa Birli\u011fi (AB) ile var\u0131lan Brexit anla\u015fmas\u0131 gere\u011fi Kuzey \u0130rlanda ve Birle\u015fik Krall\u0131k&#8217;\u0131n geri kalan\u0131 aras\u0131nda ticarete s\u0131n\u0131rlama getiren d\u00fczenlemeye kar\u015f\u0131 29 Mart&#8217;ta ba\u015flayan olaylar s\u00fcr\u00fcyor.<\/p>\n<p>Polisin &#8220;y\u0131llard\u0131r g\u00f6r\u00fclmeyen b\u00fcy\u00fckl\u00fckte&#8221; oldu\u011funu s\u00f6yledi\u011fi \u015fiddet eylemleri, yap\u0131lan t\u00fcm \u00e7a\u011fr\u0131lara ra\u011fmen durmad\u0131.<\/p><div id=\"briti-1260580255\" class=\"briti-icerik\" style=\"margin-top: 5px;margin-bottom: 5px;\"><a href=\"https:\/\/piaryum.com\/services\/\" aria-label=\"piaryum banner\"><img loading=\"lazy\" decoding=\"async\" src=\"https:\/\/by-tv.co.uk\/wp-content\/uploads\/2025\/12\/Gemini_Generated_Image_g5yqr1g5yqr1g5yq.jpg\" alt=\"\"  width=\"2064\" height=\"1152\"   \/><\/a><\/div>\n<p>Per\u015fembe gecesi bir kez daha soka\u011fa \u00e7\u0131kan birlik yanl\u0131lar\u0131, polise molotofkokteyli, havai fi\u015fekler ve ta\u015flarla sald\u0131r\u0131rken, polis de 6 y\u0131l sonra ilk kez TOMA kulland\u0131.<\/p>\n<p>Birlik yanl\u0131lar\u0131nca ba\u015flat\u0131lan \u015fiddet olaylar\u0131 ayr\u0131l\u0131k\u00e7\u0131 b\u00f6lgelere de s\u0131\u00e7rad\u0131. Taraflar\u0131 ay\u0131ran ve &#8220;bar\u0131\u015f duvar\u0131&#8221; olarak bilinen Shankill Yolu&#8217;nun her iki taraf\u0131nda da g\u00f6stericilerle polis kar\u015f\u0131 kar\u015f\u0131ya geldi.<\/p>\n<h4>&#8216;Farkl\u0131l\u0131klar\u0131 \u00e7\u00f6zmenin yolu \u015fiddet de\u011fil&#8217;<\/h4>\n<p>Ya\u015fananlar\u0131 k\u0131nayan&nbsp;<strong>Ba\u015fbakan Boris Johnson<\/strong>,&nbsp;<strong>Twitter<\/strong>&nbsp;hesab\u0131ndan yapt\u0131\u011f\u0131 a\u00e7\u0131klamada,&nbsp;<em>&#8220;Kuzey \u0130rlanda&#8217;daki \u015fiddet olaylar\u0131, \u00f6zellikle halk\u0131 ve i\u015fletmeleri koruyan polise y\u00f6nelik sald\u0131r\u0131lar, bir otob\u00fcs \u015fof\u00f6r\u00fcne ve bir gazeteciye sald\u0131r\u0131, beni derinden endi\u015felendirdi&#8221;<\/em>&nbsp;ifadesini kulland\u0131.\u200bJohnson, farkl\u0131l\u0131klar\u0131 \u00e7\u00f6zmenin yolunun \u015fiddet de\u011fil, diyalog oldu\u011funu belirtti.<\/p>\n<blockquote class=\"twitter-tweet\">\n<p dir=\"ltr\" lang=\"en\">I am deeply concerned by the scenes of violence in Northern Ireland, especially attacks on PSNI who are protecting the public and businesses, attacks on a bus driver and the assault of a journalist. The way to resolve differences is through dialogue, not violence or criminality.<\/p>\n<p>\u2014 Boris Johnson (@BorisJohnson) <a href=\"https:\/\/twitter.com\/BorisJohnson\/status\/1379895030077394950?ref_src=twsrc%5Etfw\" target=\"_blank\" rel=\"noopener\">April 7, 2021<\/a><\/p><\/blockquote>\n<p><script async=\"\" src=\"https:\/\/platform.twitter.com\/widgets.js\" charset=\"utf-8\"><\/script><\/p>\n<h4>&nbsp;&#8220;Birileri \u00f6lmeden \u015fiddetin durdurulmas\u0131 gerekiyor&#8221;<\/h4>\n<p>Kuzey \u0130rlanda Adalet Bakan\u0131 Naomi Long, olaylara ili\u015fkin yapt\u0131\u011f\u0131 a\u00e7\u0131klamada, &#8220;iki taraf\u0131 ay\u0131ran alanlarda daha fazla \u015fiddet g\u00f6rmenin \u00fcz\u00fcc\u00fc oldu\u011funu&#8221; belirtirken, &#8220;\u015eiddet hi\u00e7bir i\u015fe yaramaz. Sadece \u00e7ok daha iyisini hak eden yerel halk\u0131n kap\u0131s\u0131na korku ve endi\u015fe getiriyor.&#8221; dedi.<\/p>\n<p>Birlik yanl\u0131s\u0131 \u0130ttifak Partisi lideri de olan Long, &#8220;birileri \u00f6lmeden \u015fiddetin durdurulmas\u0131 gerekti\u011fini&#8221; vurgulad\u0131.<\/p>\n<p>Bir haftad\u0131r devam eden olaylarda onlarca polisin yaraland\u0131\u011f\u0131 bildirilirken, bir otob\u00fcs\u00fcn yak\u0131ld\u0131\u011f\u0131 \u00e7ar\u015famba gecesi a\u00e7\u0131klamada bulunan Ba\u015fbakan Boris Johnson, &#8220;Kuzey \u0130rlanda&#8217;daki \u015fiddet olaylar\u0131, \u00f6zellikle halk\u0131 ve i\u015fletmeleri koruyan polise y\u00f6nelik sald\u0131r\u0131lar, bir otob\u00fcs \u015fof\u00f6r\u00fcne ve bir gazeteciye sald\u0131r\u0131, beni derinden endi\u015felendirdi.&#8221; demi\u015fti.<\/p>\n<h4>&#8211; Olaylar\u0131n sebebi<\/h4>\n<p>Birlik yanl\u0131lar\u0131, Brexit anla\u015fmas\u0131n\u0131n bir par\u00e7as\u0131 olan Kuzey \u0130rlanda Protokol\u00fc&#8217;ne kar\u015f\u0131 \u00e7\u0131k\u0131yor. Protokol, Birle\u015fik Krall\u0131k&#8217;\u0131n par\u00e7as\u0131 olan Kuzey \u0130rlanda ile AB \u00fcyesi \u0130rlanda Cumhuriyeti aras\u0131ndaki ticareti d\u00fczenliyor.<\/p>\n<blockquote class=\"twitter-tweet\">\n<p dir=\"ltr\" lang=\"en\">I am deeply concerned by the scenes of violence in Northern Ireland, especially attacks on PSNI who are protecting the public and businesses, attacks on a bus driver and the assault of a journalist. The way to resolve differences is through dialogue, not violence or criminality.<\/p>\n<p>\u2014 Boris Johnson (@BorisJohnson) <a href=\"https:\/\/twitter.com\/BorisJohnson\/status\/1379895030077394950?ref_src=twsrc%5Etfw\" target=\"_blank\" rel=\"noopener\">April 7, 2021<\/a><\/p><\/blockquote>\n<p><script async=\"\" src=\"https:\/\/platform.twitter.com\/widgets.js\" charset=\"utf-8\"><\/script><\/p>\n<p>Protokole g\u00f6re Brexit&#8217;e ra\u011fmen Kuzey \u0130rlanda, AB&#8217;nin g\u00fcmr\u00fck birli\u011fi kurallar\u0131na tabi olmaya devam ediyor. Birle\u015fik Krall\u0131k&#8217;\u0131n geri kalan\u0131yla ticareti ise Kuzey \u0130rlanda limanlar\u0131nda g\u00fcmr\u00fc\u011fe tabi tutuluyor.<\/p>\n<p>Birlik yanl\u0131lar\u0131, Kuzey \u0130rlanda Protokol\u00fc&#8217;n\u00fcn ticarete zarar verdi\u011fini ve Kuzey \u0130rlanda&#8217;n\u0131n Birle\u015fik Krall\u0131k&#8217;taki konumunu tehdit etti\u011fini savunuyor.<\/p>\n<p>Ayr\u0131ca ayr\u0131l\u0131k\u00e7\u0131 Sinn Fein partisi \u00fcyeleri ve yetkililerinin eski bir IRA istihbarat \u015fefinin ge\u00e7en haziran ay\u0131ndaki cenaze t\u00f6reni s\u0131ras\u0131nda yeni tip koronavir\u00fcs (Kovid-19) yasaklar\u0131n\u0131 ihlal etmesi ve polisin m\u00fcdahalede bulunmamas\u0131 da di\u011fer bir sebep olarak \u00f6ne \u00e7\u0131k\u0131yor.<\/p>\n<h4>&#8211; \u0130rlanda sorunu<\/h4>\n<p>\u0130ngiliz imparatorlu\u011funun ilk s\u00f6m\u00fcrgesi \u0130rlanda adas\u0131ndan \u0130ngiltere&#8217;nin elinde kalan k\u0131sm\u0131 te\u015fkil eden Kuzey \u0130rlanda, 1960&#8217;l\u0131 y\u0131llardan 1998&#8217;e kadar Katolik ayr\u0131l\u0131k\u00e7\u0131lar ile \u0130ngiltere ile birlik yanl\u0131s\u0131 Protestanlar aras\u0131ndaki \u00e7at\u0131\u015fmalara ve ter\u00f6r olaylar\u0131na sahne olmu\u015ftu. 40 y\u0131la yay\u0131lan ve &#8220;Sorunlar&#8221; diye an\u0131lan y\u0131llarda ter\u00f6r olaylar\u0131nda 3 bin 500 civar\u0131nda ki\u015fi hayat\u0131n\u0131 kaybetmi\u015fti.<\/p>\n<blockquote class=\"twitter-tweet\">\n<p dir=\"ltr\" lang=\"en\">Remarkable scenes here. Young people started to set up a road blockage on Springfield Rd. Moments later a group of 6 or 7 older men arrived and removed the palettes and other debris from the road. Tensions rising here. More over on <a href=\"https:\/\/twitter.com\/BelfastLive?ref_src=twsrc%5Etfw\" target=\"_blank\" rel=\"noopener\">@BelfastLive<\/a> <a href=\"https:\/\/t.co\/UvLTgn4Y7T\">pic.twitter.com\/UvLTgn4Y7T<\/a><\/p>\n<p>\u2014 Orlaith Clinton (@OrlaithClinton) <a href=\"https:\/\/twitter.com\/OrlaithClinton\/status\/1380202233174851591?ref_src=twsrc%5Etfw\" target=\"_blank\" rel=\"noopener\">April 8, 2021<\/a><\/p><\/blockquote>\n<p><script async=\"\" src=\"https:\/\/platform.twitter.com\/widgets.js\" charset=\"utf-8\"><\/script><br \/>\nAda ancak 1998&#8217;de imzalanan Hay\u0131rl\u0131 Cuma Anla\u015fmas\u0131 ile s\u00fckunete kavu\u015furken, Kuzey \u0130rlanda&#8217;da \u00e7at\u0131\u015fan taraflar\u0131n ortakl\u0131\u011f\u0131na dayal\u0131 bir b\u00f6lgesel y\u00f6netim kurulmas\u0131 \u00fczerinde anla\u015f\u0131lm\u0131\u015ft\u0131.<\/p>\n<p>Belfast Anla\u015fmas\u0131 olarak da bilinen metinler, Kuzey \u0130rlanda&#8217;da bug\u00fcn y\u00fcr\u00fcrl\u00fckte olan b\u00f6lgesel y\u00f6netimin temelini olu\u015fturuyor.<\/p>\n<p>Bar\u0131\u015f anla\u015fmas\u0131n\u0131n \u00fczerinden ge\u00e7en 20 y\u0131l\u0131 a\u015fk\u0131n s\u00fcreye kar\u015f\u0131n, b\u00f6lge halk\u0131 aras\u0131nda g\u00fcven tam olarak tesis edilebilmi\u015f de\u011fil.<\/p>\n<p>Kaynak: AA, Sputnik, Habert\u00fcrk, Brit \u0130\u015f Ya\u015fam TV<\/p>\n<div id=\"briti-2821063995\" class=\"briti-icerikten-sonra_2\" style=\"margin-top: 25px;margin-bottom: 25px;\"><a href=\"https:\/\/wa.me\/message\/NDZLLIOQT4H3O1\" aria-label=\"bytv reklam banner\"><img loading=\"lazy\" decoding=\"async\" src=\"https:\/\/by-tv.co.uk\/wp-content\/uploads\/2025\/12\/bytv-reklam-banner.jpg\" alt=\"\"  width=\"2376\" height=\"1008\"   \/><\/a><\/div>","protected":false},"excerpt":{"rendered":"<p>Kuzey \u0130rlanda&#8217;n\u0131n ba\u015fkenti Belfast&#8217;ta ayr\u0131l\u0131k\u00e7\u0131 Sinn Fein partisi \u00fcyeleri ve yetkililerinin bir cenaze t\u00f6reni s\u0131ras\u0131nda yeni tip koronavir\u00fcs (Kovid-19) yasaklar\u0131n\u0131 ihlal etmesine birlik yanl\u0131lar\u0131n\u0131n tepki g\u00f6stermesi sonucu ge\u00e7en hafta ba\u015flayan g\u00f6steriler devam ediyor. Kuzey \u0130rlanda&#8217;da bir haftad\u0131r devam eden \u015fiddet olaylar\u0131nda molotofkokteyli, havai fi\u015fek ve ta\u015flarla sald\u0131ran g\u00f6stericilere polis m\u00fcdahale etti. I am deeply concerned by the scenes of violence in Northern Ireland, especially attacks on PSNI who are protecting the public and businesses, attacks on a bus driver and the assault of a journalist. The way to resolve differences is through dialogue, not violence or criminality. \u2014 Boris Johnson [&hellip;]<\/p>\n","protected":false},"author":1,"featured_media":0,"comment_status":"open","ping_status":"open","sticky":false,"template":"","format":"standard","meta":{"ngg_post_thumbnail":0,"footnotes":""},"categories":[15],"tags":[2749,417,2751,149,299,2750],"class_list":["post-8644","post","type-post","status-publish","format-standard","hentry","category-ingiltere","tag-belfast","tag-boris-johnson","tag-hayirli-cuma-anlasmasi","tag-ingiltere","tag-kuzey-irlanda","tag-sinn-fenn"],"_links":{"self":[{"href":"https:\/\/by-tv.co.uk\/en\/wp-json\/wp\/v2\/posts\/8644","targetHints":{"allow":["GET"]}}],"collection":[{"href":"https:\/\/by-tv.co.uk\/en\/wp-json\/wp\/v2\/posts"}],"about":[{"href":"https:\/\/by-tv.co.uk\/en\/wp-json\/wp\/v2\/types\/post"}],"author":[{"embeddable":true,"href":"https:\/\/by-tv.co.uk\/en\/wp-json\/wp\/v2\/users\/1"}],"replies":[{"embeddable":true,"href":"https:\/\/by-tv.co.uk\/en\/wp-json\/wp\/v2\/comments?post=8644"}],"version-history":[{"count":0,"href":"https:\/\/by-tv.co.uk\/en\/wp-json\/wp\/v2\/posts\/8644\/revisions"}],"wp:attachment":[{"href":"https:\/\/by-tv.co.uk\/en\/wp-json\/wp\/v2\/media?parent=8644"}],"wp:term":[{"taxonomy":"category","embeddable":true,"href":"https:\/\/by-tv.co.uk\/en\/wp-json\/wp\/v2\/categories?post=8644"},{"taxonomy":"post_tag","embeddable":true,"href":"https:\/\/by-tv.co.uk\/en\/wp-json\/wp\/v2\/tags?post=8644"}],"curies":[{"name":"wp","href":"https:\/\/api.w.org\/{rel}","templated":true}]}}