{"id":8605,"date":"2021-04-06T03:58:42","date_gmt":"2021-04-06T02:58:42","guid":{"rendered":"https:\/\/by-tv.co.uk\/?p=8605"},"modified":"2021-04-06T03:58:42","modified_gmt":"2021-04-06T02:58:42","slug":"ingilterede-magazalar-ve-berberler-12-nisanda-yeniden-acilacak","status":"publish","type":"post","link":"https:\/\/by-tv.co.uk\/en\/ingilterede-magazalar-ve-berberler-12-nisanda-yeniden-acilacak\/","title":{"rendered":"\u0130ngiltere\u2019de ma\u011fazalar ve berberler 12 Nisan\u2019da yeniden a\u00e7\u0131lacak"},"content":{"rendered":"<p><strong>\u0130ngiltere Ba\u015fkakan\u0131 Boris Johnson<\/strong>, kabine toplant\u0131s\u0131 sonras\u0131 Ba\u015fbakanl\u0131k Ofisi 10 Numara\u2019da ba\u015f t\u0131p g\u00f6revlisi Prof. Chris Whitty ve h\u00fck\u00fcmetin bilim dan\u0131\u015fman\u0131 Patrick Vallance ile bas\u0131n toplant\u0131s\u0131 d\u00fczenledi.<\/p>\n<p>\u00dclkede vaka ve \u00f6l\u00fc say\u0131lar\u0131n\u0131n d\u00fc\u015fmeye devam etti\u011fini, Ulusal Sa\u011fl\u0131k Servisi (NHS) \u00fczerindeki bask\u0131n\u0131n ortadan kalkt\u0131\u011f\u0131n\u0131 ve a\u015f\u0131lamada ba\u015far\u0131l\u0131 olduklar\u0131n\u0131 kaydeden Johnson, sahip olduklar\u0131 veriler do\u011frultusunda daha \u00f6nce k\u0131s\u0131tlamalar\u0131n hafifletilmesine ili\u015fkin a\u00e7\u0131klad\u0131klar\u0131 4 a\u015famal\u0131 plan\u0131n ikinci a\u015famas\u0131na ge\u00e7ilmesi y\u00f6n\u00fcnde karar ald\u0131klar\u0131n\u0131 a\u00e7\u0131klad\u0131.<\/p>\n<p>Johnson, salg\u0131n\u0131n yay\u0131l\u0131m\u0131n\u0131 engellemek i\u00e7in ba\u015flatt\u0131klar\u0131 yayg\u0131n test program\u0131 kapsam\u0131nda \u00fclkedeki herkese haftada 2 kez h\u0131zl\u0131 Kovid-19 testi sunacaklar\u0131n\u0131, vatanda\u015flar\u0131n bu testlere eczanelerle sa\u011fl\u0131k merkezlerinde ula\u015fabileceklerini kaydetti.<\/p><div id=\"briti-936388991\" class=\"briti-icerik\" style=\"margin-top: 5px;margin-bottom: 5px;\"><a href=\"https:\/\/piaryum.com\/services\/\" aria-label=\"piaryum banner\"><img loading=\"lazy\" decoding=\"async\" src=\"https:\/\/by-tv.co.uk\/wp-content\/uploads\/2025\/12\/Gemini_Generated_Image_g5yqr1g5yqr1g5yq.jpg\" alt=\"\"  width=\"2064\" height=\"1152\"   \/><\/a><\/div>\n<p>Test, a\u015f\u0131 ve hastal\u0131\u011f\u0131 ge\u00e7irilip ge\u00e7irilmedi\u011fine ili\u015fkin bilgilerin yer ald\u0131\u011f\u0131 \u201cKovid-19 pasaportu\u201dna ili\u015fkin \u00e7al\u0131\u015fmalar\u0131n devam etti\u011fini aktaran Johnson, uluslararas\u0131 seyahatlere 17 May\u0131s\u2019tan sonra izin verilebilece\u011fini ancak bu konuda kesin bir karar vermek i\u00e7in erken oldu\u011funu belirtti.<\/p>\n<p>Whitty ise a\u015f\u0131lama program\u0131nda &#8220;ba\u015far\u0131l\u0131&#8221; olduklar\u0131na i\u015faret ederek \u00fclkede Kovid-19 a\u015f\u0131s\u0131n\u0131n ilk dozunu yapt\u0131ranlar\u0131n say\u0131s\u0131n\u0131n 31 milyon 581 bin 623&#8217;e y\u00fckseldi\u011fini, bunun yeti\u015fkin n\u00fcfusun y\u00fczde 60&#8217;\u0131na denk geldi\u011fini kaydetti.<\/p>\n<p>A\u015f\u0131n\u0131n ikinci dozunu olanlar\u0131n say\u0131s\u0131n\u0131n 5 milyon 432 bin 126&#8217;ya ula\u015ft\u0131\u011f\u0131n\u0131 aktaran Whitty, a\u015f\u0131 yapt\u0131ran 80 ya\u015f\u0131n \u00fcst\u00fcndekilerde hastaneye yat\u0131\u015f oran\u0131nda y\u00fczde 80 azalma g\u00f6r\u00fcld\u00fc\u011f\u00fc bilgisini payla\u015ft\u0131.<\/p>\n<h3>\u00d6nlemlerin hafifletilmesinde 2 a\u015fama<\/h3>\n<p>H\u00fck\u00fcmetin a\u00e7\u0131klad\u0131\u011f\u0131 plana g\u00f6re, 12 Nisan\u2019da uygulamaya girecek ikinci a\u015famada berberler, ma\u011fazalar, k\u00fct\u00fcphaneler yeniden a\u00e7\u0131lacak.<\/p>\n<p>Spor salonlar\u0131 ve kapal\u0131 y\u00fczme havuzlar\u0131, hayvanat bah\u00e7eleri, k\u00fct\u00fcphaneler ve a\u00e7\u0131k alana sahip e\u011flence mekanlar\u0131 yeniden faaliyet g\u00f6sterecek.<\/p>\n<p>Restoran ve barlar\u0131n a\u00e7\u0131k hava ortamlar\u0131nda m\u00fc\u015fterilerine servis yapmas\u0131na izin verilecek.<\/p>\n<p>Ayn\u0131 hane \u00fcyeleri \u00fclke i\u00e7inde birlikte seyahat edebilecek ve ayn\u0131 mekanda konaklayabilecek.<\/p>\n<h3>Son 24 saatte Kovid-19 nedeniyle 10 ki\u015fi hayat\u0131n\u0131 kaybetti<\/h3>\n<p>\u00d6te yandan, Kovid-19 kaynakl\u0131 vaka ve \u00f6l\u00fc say\u0131lar\u0131n\u0131n d\u00fc\u015fmeye devam etti\u011fi \u00fclkede, son 24 saatte 10 ki\u015finin hayat\u0131n\u0131 kaybetmesiyle toplam can kayb\u0131 126 bin 862&#8217;ye y\u00fckseldi.<\/p>\n<p>Son 24 saatte 2 bin 762 yeni vakan\u0131n tespit edildi\u011fi \u00fclkede toplam vaka say\u0131s\u0131 da 4 milyon 362 bin 150&#8217;ye ula\u015ft\u0131.<\/p>\n<p>Londra AA<\/p>\n<div id=\"briti-1068606512\" class=\"briti-icerikten-sonra_2\" style=\"margin-top: 25px;margin-bottom: 25px;\"><a href=\"https:\/\/wa.me\/message\/NDZLLIOQT4H3O1\" aria-label=\"bytv reklam banner\"><img loading=\"lazy\" decoding=\"async\" src=\"https:\/\/by-tv.co.uk\/wp-content\/uploads\/2025\/12\/bytv-reklam-banner.jpg\" alt=\"\"  width=\"2376\" height=\"1008\"   \/><\/a><\/div>","protected":false},"excerpt":{"rendered":"<p>\u0130ngiltere Ba\u015fkakan\u0131 Boris Johnson, kabine toplant\u0131s\u0131 sonras\u0131 Ba\u015fbakanl\u0131k Ofisi 10 Numara\u2019da ba\u015f t\u0131p g\u00f6revlisi Prof. Chris Whitty ve h\u00fck\u00fcmetin bilim dan\u0131\u015fman\u0131 Patrick Vallance ile bas\u0131n toplant\u0131s\u0131 d\u00fczenledi. \u00dclkede vaka ve \u00f6l\u00fc say\u0131lar\u0131n\u0131n d\u00fc\u015fmeye devam etti\u011fini, Ulusal Sa\u011fl\u0131k Servisi (NHS) \u00fczerindeki bask\u0131n\u0131n ortadan kalkt\u0131\u011f\u0131n\u0131 ve a\u015f\u0131lamada ba\u015far\u0131l\u0131 olduklar\u0131n\u0131 kaydeden Johnson, sahip olduklar\u0131 veriler do\u011frultusunda daha \u00f6nce k\u0131s\u0131tlamalar\u0131n hafifletilmesine ili\u015fkin a\u00e7\u0131klad\u0131klar\u0131 4 a\u015famal\u0131 plan\u0131n ikinci a\u015famas\u0131na ge\u00e7ilmesi y\u00f6n\u00fcnde karar ald\u0131klar\u0131n\u0131 a\u00e7\u0131klad\u0131. Johnson, salg\u0131n\u0131n yay\u0131l\u0131m\u0131n\u0131 engellemek i\u00e7in ba\u015flatt\u0131klar\u0131 yayg\u0131n test program\u0131 kapsam\u0131nda \u00fclkedeki herkese haftada 2 kez h\u0131zl\u0131 Kovid-19 testi sunacaklar\u0131n\u0131, vatanda\u015flar\u0131n bu testlere eczanelerle sa\u011fl\u0131k merkezlerinde ula\u015fabileceklerini kaydetti. Test, a\u015f\u0131 ve hastal\u0131\u011f\u0131 [&hellip;]<\/p>\n","protected":false},"author":1,"featured_media":0,"comment_status":"open","ping_status":"open","sticky":false,"template":"","format":"standard","meta":{"ngg_post_thumbnail":0,"footnotes":""},"categories":[15],"tags":[149],"class_list":["post-8605","post","type-post","status-publish","format-standard","hentry","category-ingiltere","tag-ingiltere"],"_links":{"self":[{"href":"https:\/\/by-tv.co.uk\/en\/wp-json\/wp\/v2\/posts\/8605","targetHints":{"allow":["GET"]}}],"collection":[{"href":"https:\/\/by-tv.co.uk\/en\/wp-json\/wp\/v2\/posts"}],"about":[{"href":"https:\/\/by-tv.co.uk\/en\/wp-json\/wp\/v2\/types\/post"}],"author":[{"embeddable":true,"href":"https:\/\/by-tv.co.uk\/en\/wp-json\/wp\/v2\/users\/1"}],"replies":[{"embeddable":true,"href":"https:\/\/by-tv.co.uk\/en\/wp-json\/wp\/v2\/comments?post=8605"}],"version-history":[{"count":0,"href":"https:\/\/by-tv.co.uk\/en\/wp-json\/wp\/v2\/posts\/8605\/revisions"}],"wp:attachment":[{"href":"https:\/\/by-tv.co.uk\/en\/wp-json\/wp\/v2\/media?parent=8605"}],"wp:term":[{"taxonomy":"category","embeddable":true,"href":"https:\/\/by-tv.co.uk\/en\/wp-json\/wp\/v2\/categories?post=8605"},{"taxonomy":"post_tag","embeddable":true,"href":"https:\/\/by-tv.co.uk\/en\/wp-json\/wp\/v2\/tags?post=8605"}],"curies":[{"name":"wp","href":"https:\/\/api.w.org\/{rel}","templated":true}]}}