{"id":8563,"date":"2021-03-31T18:10:12","date_gmt":"2021-03-31T17:10:12","guid":{"rendered":"https:\/\/by-tv.co.uk\/?p=8563"},"modified":"2021-03-31T18:10:12","modified_gmt":"2021-03-31T17:10:12","slug":"anadolujet-avrupa-ve-orta-doguda-19-noktadan-antalya-dalaman-ve-bodruma-haftalik-102-sefer-duzenleyecek","status":"publish","type":"post","link":"https:\/\/by-tv.co.uk\/en\/anadolujet-avrupa-ve-orta-doguda-19-noktadan-antalya-dalaman-ve-bodruma-haftalik-102-sefer-duzenleyecek\/","title":{"rendered":"AnadoluJet, Avrupa ve Orta Do\u011fu&#8217;da 19 noktadan Antalya, Dalaman ve Bodrum&#8217;a haftal\u0131k 102 sefer d\u00fczenleyecek"},"content":{"rendered":"<p>\u0130STANBUL (AA) &#8211; T\u00fcrk Hava Yollar\u0131n\u0131n (THY) markas\u0131 AnadoluJet, yaz d\u00f6neminde turizm odakl\u0131 yurt d\u0131\u015f\u0131 u\u00e7u\u015flar\u0131n\u0131 art\u0131rarak Avrupa ve Orta Do\u011fu&#8217;daki 19 yeni noktadan Antalya, Dalaman ve Bodrum&#8217;a haftal\u0131k 102 sefer d\u00fczenleyecek.<\/p>\n<p>THY Bas\u0131n M\u00fc\u015favirli\u011fi&#8217;nden yap\u0131lan a\u00e7\u0131klamada, AnadoluJet&#8217;in \u00fclke turizmine katk\u0131 sa\u011flamak amac\u0131yla Akdeniz&#8217;in turizm ba\u015fkenti Antalya\u2019ya 11 \u00fclke, 16 \u015fehirden haftal\u0131k 70 frekans u\u00e7u\u015f ger\u00e7ekle\u015ftirece\u011fi belirtildi.<\/p>\n<p>Hannover, Hamburg, Bremen, K\u00f6ln ve Stuttgart\u2019tan olu\u015fan 5 nokta ile en fazla u\u00e7u\u015f ger\u00e7ekle\u015ftirilen \u00fclkenin Almanya oldu\u011fu kaydedilen a\u00e7\u0131klamada, &#8220;Saraybosna, \u00dcsk\u00fcp, Birmingham, Londra, K\u00f6ln ve Tel Aviv\u2019den d\u00fczenlenecek haftal\u0131k 7\u2019\u015fer frekansla s\u0131ray\u0131 Bosna Hersek, Makedonya, \u0130ngiltere, S\u0131rbistan ve \u0130srail izleyecek. Antalya\u2019n\u0131n e\u015fsiz deniz ve kumsal\u0131yla bulu\u015fmak isteyen turistler i\u00e7in ayr\u0131ca Z\u00fcrih, Br\u00fcksel ve Beyrut\u2019tan 4\u2019er, Amsterdam, Prag, Hamburg ve Hannover\u2019den 3\u2019er, Sofya\u2019dan 2, Bremen ve Stuttgart\u2019tan ise 1\u2019er sefer icra edilecek.&#8221; denildi.<\/p><div id=\"briti-937472508\" class=\"briti-icerik\" style=\"margin-top: 5px;margin-bottom: 5px;\"><a href=\"https:\/\/piaryum.com\/services\/\" aria-label=\"piaryum banner\"><img loading=\"lazy\" decoding=\"async\" src=\"https:\/\/by-tv.co.uk\/wp-content\/uploads\/2025\/12\/Gemini_Generated_Image_g5yqr1g5yqr1g5yq.jpg\" alt=\"\"  width=\"2064\" height=\"1152\"   \/><\/a><\/div>\n<p>A\u00e7\u0131klamada, AnadoluJet\u2019in turizm hamlesi kapsam\u0131nda Dalaman Havaliman\u0131\u2019na Londra Stansted ve Birmingham\u2019dan haftal\u0131k 7\u2019\u015fer, Kiev\u2019den 4, Beyrut\u2019tan 3, Odessa ve Amsterdam\u2019dan 2\u2019\u015fer olmak \u00fczere haftal\u0131k 25 frekans u\u00e7u\u015f, mavi bayrakl\u0131 koylar\u0131yla yabanc\u0131 turistlerin ilgi oda\u011f\u0131 olan Bodrum Havaliman\u0131\u2019na ise Saraybosna, Beyrut ve Amsterdam\u2019dan 2 ve Pri\u015ftine&#8217;den 1 olmak \u00fczere haftal\u0131k 7 sefer planlanaca\u011f\u0131 bildirildi.<\/p>\n<p>A\u00e7\u0131klamada g\u00f6r\u00fc\u015flerine yer verilen THY Y\u00f6netim Kurulu ve \u0130cra Komitesi Ba\u015fkan\u0131 \u0130lker Ayc\u0131, Akdeniz B\u00f6lgesi&#8217;nin e\u015fsiz do\u011fas\u0131, koylar\u0131, plajlar\u0131 ve konaklama imkanlar\u0131yla pandemi \u00f6ncesine kadar ba\u015fta Avrupa ve Orta Do\u011fu\u2019da olmak \u00fczere yabanc\u0131 turistler i\u00e7in cazibe merkezi oldu\u011funu belirtti.<\/p>\n<p>Ayc\u0131, birlikte ya\u015famay\u0131 \u00f6\u011frendikleri Kovid-19 pandemisi sonras\u0131 g\u00fcne\u015f yeniden do\u011fdu\u011funda \u00fclke turizminin eskiye g\u00f6re daha canl\u0131 oldu\u011funu g\u00f6receklerini aktararak, &#8220;Gerek salg\u0131nla ba\u015far\u0131l\u0131 m\u00fccadelemiz gerekse de sundu\u011fumuz g\u00fcvenli turizm olanaklar\u0131 \u00fclkemizi yeni d\u00f6nemde b\u00f6lgenin en \u00e7ok tercih edilen turizm merkezi konumuna ta\u015f\u0131yacakt\u0131r. Bu noktada, yeni stratejisiyle kap\u0131lar\u0131n\u0131 d\u00fcnyaya a\u00e7an AnadoluJet markam\u0131z yurt d\u0131\u015f\u0131 u\u00e7u\u015flar\u0131yla \u00f6nemli bir sorumluluk \u00fcstlenecek. \u0130nan\u0131yoruz ki AnadoluJet\u2019i turizmin kataliz\u00f6r\u00fc olarak konumland\u0131ran yeni rotalar\u0131m\u0131z sayesinde ba\u015far\u0131l\u0131 markam\u0131z kanatland\u0131k\u00e7a turizmimiz u\u00e7u\u015fa ge\u00e7ecektir.&#8221; ifadelerini kulland\u0131.<\/p>\n<p>&#8211; Yaz\u0131n yeni rotalar\u0131n\u0131n biletleri sat\u0131\u015fa sunuldu<\/p>\n<p>T\u00fcrkiye&#8217;nin e\u015fsiz g\u00fczellikteki \u015fehirlerini ke\u015ffetmek isteyen turistlerin Orta Do\u011fu\u2019dan Avrupa\u2019ya geni\u015f bir co\u011frafyadan icra edilecek seferler ve AnadoluJet misafirperverli\u011fiyle seyahatlerini yapabilecekleri vurgulanan a\u00e7\u0131klamada, \u015firketin yaz sezonunda u\u00e7may\u0131 planlad\u0131\u011f\u0131 yeni rotalar\u0131n\u0131n biletlerini sat\u0131\u015fa sundu\u011fu kaydedildi.<\/p>\n<p>Y\u0131l sonuna kadar al\u0131nan biletlerde cezas\u0131z de\u011fi\u015fiklik hakk\u0131n\u0131n oldu\u011funu ifade edilen a\u00e7\u0131klamada, &#8220;Ayr\u0131nt\u0131l\u0131 bilgi i\u00e7in www.anadolujet.com web sitesini ziyaret edebilir, sat\u0131n ald\u0131\u011f\u0131n\u0131z biletler \u00fczerinde iptal, iade ve de\u011fi\u015fiklik haklar\u0131n\u0131zla ilgili ayr\u0131nt\u0131l\u0131 bilgi i\u00e7in &#8216;Esnek Bilet Haklar\u0131&#8217; sayfas\u0131n\u0131 inceleyebilirsiniz.&#8221; denildi.<\/p>\n<div id=\"briti-2642523643\" class=\"briti-icerikten-sonra_2\" style=\"margin-top: 25px;margin-bottom: 25px;\"><a href=\"https:\/\/wa.me\/message\/NDZLLIOQT4H3O1\" aria-label=\"bytv reklam banner\"><img loading=\"lazy\" decoding=\"async\" src=\"https:\/\/by-tv.co.uk\/wp-content\/uploads\/2025\/12\/bytv-reklam-banner.jpg\" alt=\"\"  width=\"2376\" height=\"1008\"   \/><\/a><\/div>","protected":false},"excerpt":{"rendered":"<p>\u0130STANBUL (AA) &#8211; T\u00fcrk Hava Yollar\u0131n\u0131n (THY) markas\u0131 AnadoluJet, yaz d\u00f6neminde turizm odakl\u0131 yurt d\u0131\u015f\u0131 u\u00e7u\u015flar\u0131n\u0131 art\u0131rarak Avrupa ve Orta Do\u011fu&#8217;daki 19 yeni noktadan Antalya, Dalaman ve Bodrum&#8217;a haftal\u0131k 102 sefer d\u00fczenleyecek. THY Bas\u0131n M\u00fc\u015favirli\u011fi&#8217;nden yap\u0131lan a\u00e7\u0131klamada, AnadoluJet&#8217;in \u00fclke turizmine katk\u0131 sa\u011flamak amac\u0131yla Akdeniz&#8217;in turizm ba\u015fkenti Antalya\u2019ya 11 \u00fclke, 16 \u015fehirden haftal\u0131k 70 frekans u\u00e7u\u015f ger\u00e7ekle\u015ftirece\u011fi belirtildi. Hannover, Hamburg, Bremen, K\u00f6ln ve Stuttgart\u2019tan olu\u015fan 5 nokta ile en fazla u\u00e7u\u015f ger\u00e7ekle\u015ftirilen \u00fclkenin Almanya oldu\u011fu kaydedilen a\u00e7\u0131klamada, &#8220;Saraybosna, \u00dcsk\u00fcp, Birmingham, Londra, K\u00f6ln ve Tel Aviv\u2019den d\u00fczenlenecek haftal\u0131k 7\u2019\u015fer frekansla s\u0131ray\u0131 Bosna Hersek, Makedonya, \u0130ngiltere, S\u0131rbistan ve \u0130srail izleyecek. Antalya\u2019n\u0131n e\u015fsiz deniz [&hellip;]<\/p>\n","protected":false},"author":1,"featured_media":7410,"comment_status":"open","ping_status":"open","sticky":false,"template":"","format":"standard","meta":{"ngg_post_thumbnail":0,"footnotes":""},"categories":[15],"tags":[],"class_list":["post-8563","post","type-post","status-publish","format-standard","has-post-thumbnail","hentry","category-ingiltere"],"_links":{"self":[{"href":"https:\/\/by-tv.co.uk\/en\/wp-json\/wp\/v2\/posts\/8563","targetHints":{"allow":["GET"]}}],"collection":[{"href":"https:\/\/by-tv.co.uk\/en\/wp-json\/wp\/v2\/posts"}],"about":[{"href":"https:\/\/by-tv.co.uk\/en\/wp-json\/wp\/v2\/types\/post"}],"author":[{"embeddable":true,"href":"https:\/\/by-tv.co.uk\/en\/wp-json\/wp\/v2\/users\/1"}],"replies":[{"embeddable":true,"href":"https:\/\/by-tv.co.uk\/en\/wp-json\/wp\/v2\/comments?post=8563"}],"version-history":[{"count":0,"href":"https:\/\/by-tv.co.uk\/en\/wp-json\/wp\/v2\/posts\/8563\/revisions"}],"wp:featuredmedia":[{"embeddable":true,"href":"https:\/\/by-tv.co.uk\/en\/wp-json\/wp\/v2\/media\/7410"}],"wp:attachment":[{"href":"https:\/\/by-tv.co.uk\/en\/wp-json\/wp\/v2\/media?parent=8563"}],"wp:term":[{"taxonomy":"category","embeddable":true,"href":"https:\/\/by-tv.co.uk\/en\/wp-json\/wp\/v2\/categories?post=8563"},{"taxonomy":"post_tag","embeddable":true,"href":"https:\/\/by-tv.co.uk\/en\/wp-json\/wp\/v2\/tags?post=8563"}],"curies":[{"name":"wp","href":"https:\/\/api.w.org\/{rel}","templated":true}]}}