{"id":8458,"date":"2021-03-17T10:54:47","date_gmt":"2021-03-17T10:54:47","guid":{"rendered":"https:\/\/by-tv.co.uk\/?p=8458"},"modified":"2021-05-30T11:56:40","modified_gmt":"2021-05-30T10:56:40","slug":"ingiliz-bakandan-turkiye-ingiltere-serbest-ticaret-anlasmasina-ovgu","status":"publish","type":"post","link":"https:\/\/by-tv.co.uk\/en\/ingiliz-bakandan-turkiye-ingiltere-serbest-ticaret-anlasmasina-ovgu\/","title":{"rendered":"\u0130ngiliz bakandan T\u00fcrkiye-\u0130ngiltere serbest ticaret anla\u015fmas\u0131na \u00f6vg\u00fc"},"content":{"rendered":"<p>LONDRA (AA) &#8211; \u0130ngiltere Ticaret Bakan\u0131 Liz Truss, T\u00fcrkiye ve \u0130ngiltere aras\u0131nda imzalanan serbest ticaret anla\u015fmas\u0131n\u0131n Ford\u2019un her iki \u00fclkedeki yat\u0131r\u0131mlar\u0131n\u0131 devam ettirmesini sa\u011flad\u0131\u011f\u0131n\u0131 s\u00f6yledi.<\/p>\n<p>Truss, otomotiv devi Ford\u2019un yat\u0131r\u0131m kararlar\u0131n\u0131 a\u00e7\u0131klamas\u0131n\u0131n ard\u0131ndan, sosyal payla\u015f\u0131m platformu Twitter hesab\u0131 \u00fczerinden yapt\u0131\u011f\u0131 de\u011ferlendirmede, \u201cT\u00fcrkiye ile ticaret anla\u015fmam\u0131z\u0131n, Ford \u0130ngiltere gibi b\u00fcy\u00fck otomotiv \u00fcreticilerimizin tedarik zincirlerini koruyarak, istihdam\u0131 g\u00fcvence alt\u0131na al\u0131nmas\u0131na yard\u0131mc\u0131 olmas\u0131 m\u00fcthi\u015f bir haber. (Anla\u015fma) Onlara Britanya&#8217;ya yat\u0131r\u0131m yapmaya devam etmeleri i\u00e7in g\u00fcven veriyor.\u201d ifadelerini kulland\u0131.<\/p>\n<p>Ford, 16 Mart tarihinde Transit Custom ara\u00e7lar\u0131n yeni nesli i\u00e7in dizel motorlar\u0131n \u0130ngiltere\u2019de Dagenham\u2019daki fabrikas\u0131nda \u00fcretilece\u011fini duyurmu\u015ftu.<\/p><div id=\"briti-4115187291\" class=\"briti-icerik\" style=\"margin-top: 5px;margin-bottom: 5px;\"><a href=\"https:\/\/piaryum.com\/services\/\" aria-label=\"piaryum banner\"><img loading=\"lazy\" decoding=\"async\" src=\"https:\/\/by-tv.co.uk\/wp-content\/uploads\/2025\/12\/Gemini_Generated_Image_g5yqr1g5yqr1g5yq.jpg\" alt=\"\"  width=\"2064\" height=\"1152\"   \/><\/a><\/div>\n<p>\u015eirketten yap\u0131lan a\u00e7\u0131klamada \u0130ngiltere\u2019de \u00fcretilecek ara\u00e7 motorlar\u0131 T\u00fcrkiye\u2019de Ford Otosan taraf\u0131ndan \u00fcretilecek Transit Custom yeni nesil ara\u00e7lara monte edilecek.<\/p>\n<p>\u015eirketin bu her iki \u00fclkedeki ortak yat\u0131r\u0131m\u0131 \u0130ngiltere\u2019de Ford\u2019un Dagenham\u2019daki fabrikas\u0131nda \u00e7al\u0131\u015fan 1.900 ki\u015finin istihdam\u0131n\u0131n devam\u0131n\u0131 sa\u011flayacak.<\/p>\n<p>Ford, 2020 y\u0131l\u0131nda toplam bin 700 ki\u015finin istihdam edildi\u011fi Galler\u2019de Bridgend motor fabrikas\u0131n\u0131 kapatma karar\u0131 alm\u0131\u015ft\u0131.<\/p>\n<div id=\"briti-2671352223\" class=\"briti-icerikten-sonra_2\" style=\"margin-top: 25px;margin-bottom: 25px;\"><a href=\"https:\/\/wa.me\/message\/NDZLLIOQT4H3O1\" aria-label=\"bytv reklam banner\"><img loading=\"lazy\" decoding=\"async\" src=\"https:\/\/by-tv.co.uk\/wp-content\/uploads\/2025\/12\/bytv-reklam-banner.jpg\" alt=\"\"  width=\"2376\" height=\"1008\"   \/><\/a><\/div>","protected":false},"excerpt":{"rendered":"<p>LONDRA (AA) &#8211; \u0130ngiltere Ticaret Bakan\u0131 Liz Truss, T\u00fcrkiye ve \u0130ngiltere aras\u0131nda imzalanan serbest ticaret anla\u015fmas\u0131n\u0131n Ford\u2019un her iki \u00fclkedeki yat\u0131r\u0131mlar\u0131n\u0131 devam ettirmesini sa\u011flad\u0131\u011f\u0131n\u0131 s\u00f6yledi. Truss, otomotiv devi Ford\u2019un yat\u0131r\u0131m kararlar\u0131n\u0131 a\u00e7\u0131klamas\u0131n\u0131n ard\u0131ndan, sosyal payla\u015f\u0131m platformu Twitter hesab\u0131 \u00fczerinden yapt\u0131\u011f\u0131 de\u011ferlendirmede, \u201cT\u00fcrkiye ile ticaret anla\u015fmam\u0131z\u0131n, Ford \u0130ngiltere gibi b\u00fcy\u00fck otomotiv \u00fcreticilerimizin tedarik zincirlerini koruyarak, istihdam\u0131 g\u00fcvence alt\u0131na al\u0131nmas\u0131na yard\u0131mc\u0131 olmas\u0131 m\u00fcthi\u015f bir haber. (Anla\u015fma) Onlara Britanya&#8217;ya yat\u0131r\u0131m yapmaya devam etmeleri i\u00e7in g\u00fcven veriyor.\u201d ifadelerini kulland\u0131. Ford, 16 Mart tarihinde Transit Custom ara\u00e7lar\u0131n yeni nesli i\u00e7in dizel motorlar\u0131n \u0130ngiltere\u2019de Dagenham\u2019daki fabrikas\u0131nda \u00fcretilece\u011fini duyurmu\u015ftu. \u015eirketten yap\u0131lan a\u00e7\u0131klamada \u0130ngiltere\u2019de \u00fcretilecek ara\u00e7 motorlar\u0131 T\u00fcrkiye\u2019de [&hellip;]<\/p>\n","protected":false},"author":1,"featured_media":0,"comment_status":"open","ping_status":"open","sticky":false,"template":"","format":"standard","meta":{"ngg_post_thumbnail":0,"footnotes":""},"categories":[1,3114],"tags":[2699],"class_list":["post-8458","post","type-post","status-publish","format-standard","hentry","category-genel","category-tr-uk-sta","tag-liz-truss"],"_links":{"self":[{"href":"https:\/\/by-tv.co.uk\/en\/wp-json\/wp\/v2\/posts\/8458","targetHints":{"allow":["GET"]}}],"collection":[{"href":"https:\/\/by-tv.co.uk\/en\/wp-json\/wp\/v2\/posts"}],"about":[{"href":"https:\/\/by-tv.co.uk\/en\/wp-json\/wp\/v2\/types\/post"}],"author":[{"embeddable":true,"href":"https:\/\/by-tv.co.uk\/en\/wp-json\/wp\/v2\/users\/1"}],"replies":[{"embeddable":true,"href":"https:\/\/by-tv.co.uk\/en\/wp-json\/wp\/v2\/comments?post=8458"}],"version-history":[{"count":0,"href":"https:\/\/by-tv.co.uk\/en\/wp-json\/wp\/v2\/posts\/8458\/revisions"}],"wp:attachment":[{"href":"https:\/\/by-tv.co.uk\/en\/wp-json\/wp\/v2\/media?parent=8458"}],"wp:term":[{"taxonomy":"category","embeddable":true,"href":"https:\/\/by-tv.co.uk\/en\/wp-json\/wp\/v2\/categories?post=8458"},{"taxonomy":"post_tag","embeddable":true,"href":"https:\/\/by-tv.co.uk\/en\/wp-json\/wp\/v2\/tags?post=8458"}],"curies":[{"name":"wp","href":"https:\/\/api.w.org\/{rel}","templated":true}]}}