{"id":8410,"date":"2021-03-12T22:32:08","date_gmt":"2021-03-12T22:32:08","guid":{"rendered":"https:\/\/by-tv.co.uk\/?p=8410"},"modified":"2021-05-30T12:01:33","modified_gmt":"2021-05-30T11:01:33","slug":"ingiltereden-turkiye-aciklamasi-cok-parlak-bir-gelecek-olabilir","status":"publish","type":"post","link":"https:\/\/by-tv.co.uk\/en\/ingiltereden-turkiye-aciklamasi-cok-parlak-bir-gelecek-olabilir\/","title":{"rendered":"\u0130ngiltere&#8217;den T\u00fcrkiye a\u00e7\u0131klamas\u0131: \u00c7ok parlak bir gelecek olabilir"},"content":{"rendered":"<p>Dominick Chilcott, yapt\u0131\u011f\u0131 a\u00e7\u0131klamada, Birle\u015fik Krall\u0131k dahil bir\u00e7ok \u00fclkenin \u00c7in d\u0131\u015f\u0131nda yeni tedarik\u00e7iler arad\u0131\u011f\u0131n\u0131 ve T\u00fcrkiye&#8217;nin bu konuda ihtiya\u00e7lar\u0131 kar\u015f\u0131lad\u0131\u011f\u0131n\u0131 ifade etti.<\/p>\n<p>Almanya ile T\u00fcrkiye&#8217;nin hemen hemen ayn\u0131 n\u00fcfusa sahip iki \u00fclke oldu\u011funu hat\u0131rlatan Chilcott, Almanya&#8217;n\u0131n Birle\u015fik Krall\u0131k ile ticaretinin T\u00fcrkiye&#8217;ye nazaran sekiz kat fazla oldu\u011funu belirterek, bu durumun sadece Almanya&#8217;n\u0131n sahip oldu\u011fu y\u00fcksek teknoloji \u015firketleri ile a\u00e7\u0131klanamayaca\u011f\u0131n\u0131 s\u00f6yledi.<\/p>\n<p>Chilcott, aradaki bu fark\u0131n olmamas\u0131 gerekti\u011finin alt\u0131n\u0131 \u00e7izerek, &#8220;Aram\u0131zda daha kapsaml\u0131 bir serbest ticaret anla\u015fmas\u0131 yapabilirsek, o zaman \u0130ngiliz-T\u00fcrk ticareti ve yat\u0131r\u0131m\u0131 i\u00e7in ger\u00e7ekten \u00e7ok parlak bir gelecek s\u00f6z konusu olacak.&#8221; diye konu\u015ftu.<\/p><div id=\"briti-1862787119\" class=\"briti-icerik\" style=\"margin-top: 5px;margin-bottom: 5px;\"><a href=\"https:\/\/piaryum.com\/services\/\" aria-label=\"piaryum banner\"><img loading=\"lazy\" decoding=\"async\" src=\"https:\/\/by-tv.co.uk\/wp-content\/uploads\/2025\/12\/Gemini_Generated_Image_g5yqr1g5yqr1g5yq.jpg\" alt=\"\"  width=\"2064\" height=\"1152\"   \/><\/a><\/div>\n<p>Pandemi s\u00fcrecinde al\u0131nan derslere dikkati \u00e7eken B\u00fcy\u00fckel\u00e7i Chilcott, bir\u00e7ok \u00fclke gibi Birle\u015fik Krall\u0131k&#8217;\u0131n da \u00c7in&#8217;e tedarik konusunda \u00e7ok ba\u011f\u0131ml\u0131 olduklar\u0131n\u0131 fark etti\u011fini s\u00f6yledi.<\/p>\n<p>&#8220;Birle\u015fik Krall\u0131k yeni tedarik\u00e7iler ar\u0131yor.&#8221; diyen Chilcott, co\u011frafi olarak yak\u0131n, d\u00fc\u015f\u00fck maliyetli, geni\u015f yelpazede ve Avrupa standartlar\u0131nda \u00fcretim yapabilen \u00fclkelere ihtiya\u00e7 oldu\u011funu belirterek, T\u00fcrkiye&#8217;nin bu tan\u0131ma uydu\u011funun alt\u0131n\u0131 \u00e7izdi.<\/p>\n<p>Chilcott, Birle\u015fik Krall\u0131k&#8217;\u0131n bir\u00e7ok ihtiyac\u0131n\u0131 T\u00fcrkiye&#8217;den kar\u015f\u0131layabilece\u011fini vurgulad\u0131.<\/p>\n<p>&#8220;T\u00dcRK\u0130YE, YE\u015e\u0130L EKONOM\u0130DE FIRSATLARA SAH\u0130P&#8221;<\/p>\n<p>Dominick Chilcott, Birle\u015fik Krall\u0131k i\u00e7in bir di\u011fer \u00f6nemli meselenin karbon emisyonu oldu\u011funu kaydederek, \u00fclkesinin 2050 y\u0131l\u0131na kadar s\u0131f\u0131r karbon emisyonu konusunda kararl\u0131 oldu\u011funu ve bu hedefin ekonomi ve ticari ili\u015fkiler \u00fczerinde ciddi etkisi olaca\u011f\u0131n\u0131 belirtti.<\/p>\n<p>&#8220;Biz yeni ekipmanlar almaya ba\u015flayaca\u011f\u0131z, bizim emisyonu s\u0131f\u0131ra indirmeye ve ekonomimizi karbonsuzla\u015ft\u0131rmaya ihtiyac\u0131m\u0131z var.&#8221; diyen Chilcott, \u0130ngiliz firmalar\u0131n gerekli ekipmanlar i\u00e7in yat\u0131r\u0131m yapacak \u00fclkeler ara\u015ft\u0131rd\u0131\u011f\u0131n\u0131 anlatt\u0131.<\/p>\n<p>T\u00fcrkiye&#8217;nin Paris Anla\u015fmas\u0131&#8217;n\u0131n arkas\u0131nda durmas\u0131 ve uluslararas\u0131 mutabakata kat\u0131lmas\u0131 halinde ciddi f\u0131rsatlara sahip olabilece\u011fini s\u00f6yleyen Chilcott, bu konuda karar\u0131n T\u00fcrk H\u00fck\u00fcmetine kald\u0131\u011f\u0131n\u0131 belirterek, \u015f\u00f6yle devam etti:<\/p>\n<p>&#8220;Ama e\u011fer bunlar\u0131 yaparsa, bence bu \u00e7ok b\u00fcy\u00fck bir ivme yaratacak ve gelece\u011fin yeni ye\u015fil teknolojilerine yat\u0131r\u0131m yapmak isteyen \u015firketlerin \u00e7ok fazla dikkatini \u00e7ekecektir.&#8221;<\/p>\n<p>AB&#8217;nin ticaret yapt\u0131\u011f\u0131 \u00fclkelerle uygulamaya koymaya haz\u0131rland\u0131\u011f\u0131 Ye\u015fil Mutabakat g\u00fcndemini hat\u0131rlatan Chilcott, T\u00fcrkiye&#8217;nin Birlik&#8217;le ticaretindeki potansiyeli en \u00fcst d\u00fczeye \u00e7\u0131karmak i\u00e7in bunu hesaba katmas\u0131 gerekti\u011fini de s\u00f6yledi.<\/p>\n<p>G\u00dcMR\u00dcK B\u0130RL\u0130\u011e\u0130<\/p>\n<p>Brexit&#8217;in T\u00fcrkiye&#8217;nin AB \u00fcyeli\u011fine ili\u015fkin bak\u0131\u015f a\u00e7\u0131s\u0131na bir etkisi olup olmayaca\u011f\u0131 sorusu \u00fczerine Chilcott, T\u00fcrkiye&#8217;deki h\u00fck\u00fcmet yetkililerinin a\u00e7\u0131klamalar\u0131na g\u00f6re AB&#8217;ye tam \u00fcyeli\u011fin halen uzun d\u00f6nem hedefi oldu\u011funu belirtti.<\/p>\n<p>Bununla birlikte T\u00fcrkiye&#8217;nin G\u00fcmr\u00fck Birli\u011fi&#8217;nde oldu\u011funu hat\u0131rlatan Chilcott, Birle\u015fik Krall\u0131k&#8217;\u0131n Brexit ile birlikte bu Birlik&#8217;ten de ayr\u0131ld\u0131\u011f\u0131n\u0131 fakat T\u00fcrkiye&#8217;nin de G\u00fcmr\u00fck Birli\u011fi&#8217;ni g\u00fcncelleme hedefi oldu\u011funu kaydetti.<\/p>\n<p>T\u00fcrkiye&#8217;ye g\u00f6re G\u00fcmr\u00fck Birli\u011fi&#8217;nde pek \u00e7ok bo\u015fluk oldu\u011funu dile getiren B\u00fcy\u00fckel\u00e7i Chilcott, benzer \u015fekilde, \u0130ngiltere ile T\u00fcrkiye aras\u0131ndaki ticarette bo\u015fluklar g\u00f6r\u00fcl\u00fcrse bunlar\u0131 giderip ticareti art\u0131rmak i\u00e7in anla\u015fma yap\u0131labilece\u011fini s\u00f6zlerine ekledi.<\/p>\n<p>KAYNAK: AA<\/p>\n<div id=\"briti-4055784399\" class=\"briti-icerikten-sonra_2\" style=\"margin-top: 25px;margin-bottom: 25px;\"><a href=\"https:\/\/wa.me\/message\/NDZLLIOQT4H3O1\" aria-label=\"bytv reklam banner\"><img loading=\"lazy\" decoding=\"async\" src=\"https:\/\/by-tv.co.uk\/wp-content\/uploads\/2025\/12\/bytv-reklam-banner.jpg\" alt=\"\"  width=\"2376\" height=\"1008\"   \/><\/a><\/div>","protected":false},"excerpt":{"rendered":"<p>Dominick Chilcott, yapt\u0131\u011f\u0131 a\u00e7\u0131klamada, Birle\u015fik Krall\u0131k dahil bir\u00e7ok \u00fclkenin \u00c7in d\u0131\u015f\u0131nda yeni tedarik\u00e7iler arad\u0131\u011f\u0131n\u0131 ve T\u00fcrkiye&#8217;nin bu konuda ihtiya\u00e7lar\u0131 kar\u015f\u0131lad\u0131\u011f\u0131n\u0131 ifade etti. Almanya ile T\u00fcrkiye&#8217;nin hemen hemen ayn\u0131 n\u00fcfusa sahip iki \u00fclke oldu\u011funu hat\u0131rlatan Chilcott, Almanya&#8217;n\u0131n Birle\u015fik Krall\u0131k ile ticaretinin T\u00fcrkiye&#8217;ye nazaran sekiz kat fazla oldu\u011funu belirterek, bu durumun sadece Almanya&#8217;n\u0131n sahip oldu\u011fu y\u00fcksek teknoloji \u015firketleri ile a\u00e7\u0131klanamayaca\u011f\u0131n\u0131 s\u00f6yledi. Chilcott, aradaki bu fark\u0131n olmamas\u0131 gerekti\u011finin alt\u0131n\u0131 \u00e7izerek, &#8220;Aram\u0131zda daha kapsaml\u0131 bir serbest ticaret anla\u015fmas\u0131 yapabilirsek, o zaman \u0130ngiliz-T\u00fcrk ticareti ve yat\u0131r\u0131m\u0131 i\u00e7in ger\u00e7ekten \u00e7ok parlak bir gelecek s\u00f6z konusu olacak.&#8221; diye konu\u015ftu. Pandemi s\u00fcrecinde al\u0131nan derslere dikkati \u00e7eken B\u00fcy\u00fckel\u00e7i Chilcott, [&hellip;]<\/p>\n","protected":false},"author":1,"featured_media":0,"comment_status":"open","ping_status":"open","sticky":false,"template":"","format":"standard","meta":{"ngg_post_thumbnail":0,"footnotes":""},"categories":[1,3114],"tags":[430,1832,149,1815],"class_list":["post-8410","post","type-post","status-publish","format-standard","hentry","category-genel","category-tr-uk-sta","tag-birlesik-krallik","tag-dominick-chilcott","tag-ingiltere","tag-ingiltere-turkiye"],"_links":{"self":[{"href":"https:\/\/by-tv.co.uk\/en\/wp-json\/wp\/v2\/posts\/8410","targetHints":{"allow":["GET"]}}],"collection":[{"href":"https:\/\/by-tv.co.uk\/en\/wp-json\/wp\/v2\/posts"}],"about":[{"href":"https:\/\/by-tv.co.uk\/en\/wp-json\/wp\/v2\/types\/post"}],"author":[{"embeddable":true,"href":"https:\/\/by-tv.co.uk\/en\/wp-json\/wp\/v2\/users\/1"}],"replies":[{"embeddable":true,"href":"https:\/\/by-tv.co.uk\/en\/wp-json\/wp\/v2\/comments?post=8410"}],"version-history":[{"count":0,"href":"https:\/\/by-tv.co.uk\/en\/wp-json\/wp\/v2\/posts\/8410\/revisions"}],"wp:attachment":[{"href":"https:\/\/by-tv.co.uk\/en\/wp-json\/wp\/v2\/media?parent=8410"}],"wp:term":[{"taxonomy":"category","embeddable":true,"href":"https:\/\/by-tv.co.uk\/en\/wp-json\/wp\/v2\/categories?post=8410"},{"taxonomy":"post_tag","embeddable":true,"href":"https:\/\/by-tv.co.uk\/en\/wp-json\/wp\/v2\/tags?post=8410"}],"curies":[{"name":"wp","href":"https:\/\/api.w.org\/{rel}","templated":true}]}}