{"id":8394,"date":"2021-03-11T16:11:10","date_gmt":"2021-03-11T16:11:10","guid":{"rendered":"https:\/\/by-tv.co.uk\/?p=8394"},"modified":"2021-03-11T16:11:10","modified_gmt":"2021-03-11T16:11:10","slug":"dsonun-kovid-19u-salgin-ilan-etmesinin-uzerinden-1-yil-gecti","status":"publish","type":"post","link":"https:\/\/by-tv.co.uk\/en\/dsonun-kovid-19u-salgin-ilan-etmesinin-uzerinden-1-yil-gecti\/","title":{"rendered":"DS\u00d6&#8217;n\u00fcn Kovid-19&#8217;u &#8216;salg\u0131n&#8217; ilan etmesinin \u00fczerinden 1 y\u0131l ge\u00e7ti"},"content":{"rendered":"<p>ANKARA (AA) &#8211; \u00c7in&#8217;in Vuhan kentinden d\u00fcnyan\u0131n bir\u00e7ok \u00fclke ve b\u00f6lgesine yay\u0131larak &#8220;salg\u0131na&#8221; d\u00f6n\u00fc\u015fen&nbsp;Kovid-19&#8217;un, Asya s\u0131n\u0131rlar\u0131n\u0131 a\u015f\u0131p halk sa\u011fl\u0131\u011f\u0131n\u0131 k\u00fcresel \u00e7apta tehdit etmeye ba\u015flamas\u0131yla, d\u00fcnya vir\u00fcsle ilgili geli\u015fmelere kilitlendi, salg\u0131n\u0131n kontrol alt\u0131na al\u0131nmas\u0131 ve \u00f6nlenmesine y\u00f6nelik tedbirler, b\u00fct\u00fcn \u00fclkelerin ana g\u00fcndemi haline geldi.<\/p>\n<p>D\u00fcnya Sa\u011fl\u0131k \u00d6rg\u00fct\u00fc (DS\u00d6) Ba\u015fkan\u0131 Tedros Adhanom Ghebreyesus, 11 Mart 2020\u2019de Kovid-19\u2019un yay\u0131lma h\u0131z\u0131n\u0131n alarm verici d\u00fczeyde oldu\u011funu belirterek, Kovid-19&#8217;u resmen &#8220;salg\u0131n&#8221; ilan etti.<\/p>\n<p>AA muhabirinin, Kovid-19 g\u00f6r\u00fclen \u00fclke ve b\u00f6lgelerdeki yeni vakalara ili\u015fkin verileri yay\u0131mlayan &#8220;Worldometers&#8221; sitesinden derledi\u011fi bilgilere g\u00f6re, Kovid-19\u2019un 2019 sonunda \u00c7in\u2019de ortaya \u00e7\u0131k\u0131\u015f\u0131n\u0131n ard\u0131ndan DS\u00d6 Ba\u015fkan\u0131 Ghebreyesus\u2019un resmen &#8220;pandemi&#8221; ilan etti\u011fi g\u00fcne kadarki s\u00fcrede 148 bin 678 vaka tespit edildi, 68 bin 311 ki\u015fi iyile\u015fti, 4 bin 635 ki\u015fi hayat\u0131n\u0131 kaybetti.<\/p><div id=\"briti-1595632603\" class=\"briti-icerik\" style=\"margin-top: 5px;margin-bottom: 5px;\"><a href=\"https:\/\/piaryum.com\/services\/\" aria-label=\"piaryum banner\"><img loading=\"lazy\" decoding=\"async\" src=\"https:\/\/by-tv.co.uk\/wp-content\/uploads\/2025\/12\/Gemini_Generated_Image_g5yqr1g5yqr1g5yq.jpg\" alt=\"\"  width=\"2064\" height=\"1152\"   \/><\/a><\/div>\n<p>Vir\u00fcs\u00fcn ortaya \u00e7\u0131kmas\u0131yla birlikte 1 y\u0131l\u0131 a\u015fk\u0131n s\u00fcrede salg\u0131n nedeniyle 118 milyon 723 bin 992 ki\u015fi Kovid-19&#8217;a yakaland\u0131, 2 milyon 633 bin 965 ki\u015fi vir\u00fcs nedeniyle hayat\u0131n\u0131 kaybetti, Kovid-19&#8217;a yakalanan 94 milyon 312 bin 350 ki\u015fi iyile\u015fti.<\/p>\n<p>&#8220;En \u00e7ok vaka ve \u00f6l\u00fcm&#8221; ABD&#8217;de<\/p>\n<p>D\u00fcnyadaki toplam vaka say\u0131s\u0131n\u0131n yar\u0131s\u0131na yak\u0131n\u0131 ABD, Hindistan, Brezilya, \u0130ngiltere ve Rusya&#8217;da, toplam can kay\u0131plar\u0131n\u0131n neredeyse yar\u0131s\u0131 yine bu \u00fclkelerde g\u00f6r\u00fcld\u00fc. Vaka say\u0131s\u0131 1 milyonun \u00fczerinde olan \u00fclke say\u0131s\u0131 da 21\u2019e ula\u015ft\u0131.<\/p>\n<p>Vaka say\u0131lar\u0131nda zirveye oturan ABD&#8217;de 29 milyon 862 bin 124 ki\u015fi Kovid-19&#8217;a yakaland\u0131.<\/p>\n<p>ABD&#8217;yi 11 milyon 285 bin 561 ile Hindistan, 11 milyon 205 bin 972 ile Brezilya, 4 milyon 360 bin 823 ile Rusya, 4 milyon 234 bin 924 ile \u0130ngiltere, 3 milyon 963 bin 165 ile Fransa, 3 milyon 178 bin 442 ile \u0130spanya, 3 milyon 123 bin 368 ile \u0130talya, 2 milyon 821 bin 943 ile T\u00fcrkiye, 2 milyon 532 bin 855 ile Almanya, 2 milyon 285 bin 960 ile Kolombiya, 2 milyon 169 bin 694 ile Arjantin, 2 milyon 144 bin 558 ile Meksika, 1 milyon 849 bin 424 ile Polonya, 1 milyon 715 bin 162 ile \u0130ran, 1 milyon 524 bin 174 ile G\u00fcney Afrika, 1 milyon 425 bin 522 ile Ukrayna, 1 milyon 398 bin 578 ile Endonezya, 1 milyon 403 bin 722 ile Peru, 1 milyon 365 bin 724 ile \u00c7ekya ve 1 milyon 133 bin 474 ile Hollanda izliyor.<\/p>\n<p>Yine Kovid-19&#8217;dan en fazla \u00f6l\u00fcm ABD&#8217;de ya\u015fand\u0131. ABD&#8217;de 542 bin 191 ki\u015fi vir\u00fcsten ya\u015fam\u0131n\u0131 yitirdi.<\/p>\n<p>ABD&#8217;den sonra en fazla \u00f6l\u00fcm\u00fcn g\u00f6r\u00fcld\u00fc\u011f\u00fc \u00fclkeler \u015f\u00f6yle s\u0131ralan\u0131yor:<\/p>\n<p>&#8220;Brezilya (270 bin 917), Meksika (192 bin 488), Hindistan (158 bin 213), \u0130ngiltere (124 bin 987), \u0130talya (100 bin 811), Rusya (90 bin 734), Fransa (89 bin 565), Almanya (73 bin 276), \u0130spanya (71 bin 961), \u0130ran (60 bin 928), Kolombiya (60 bin 773), Arjantin (53 bin 359), G\u00fcney Afrika (51 bin 15), Peru (48 bin 323), Polonya (46 bin 373), Endonezya (38 bin 49), T\u00fcrkiye (29 bin 227), Ukrayna (27 bin 685), \u00c7ekya (22 bin 624), Hollanda (15 bin 948)&#8221;<\/p>\n<p>\u0130yile\u015fen say\u0131s\u0131nda da ABD zirvede<\/p>\n<p>Kovid-19&#8217;a yakalan\u0131p iyile\u015fen hasta say\u0131s\u0131nda da yine ABD zirvede yer al\u0131yor. \u00dclkede, 20 milyon 640 bin 270 ki\u015finin Kovid-19&#8217;u atlatt\u0131\u011f\u0131 ifade ediliyor.<\/p>\n<p>Sa\u011fl\u0131\u011f\u0131na kavu\u015fan ki\u015fi say\u0131s\u0131nda ABD&#8217;yi, 10 milyon 938 bin 146 ile Hindistan, 9 milyon 913 bin 739 ile Brezilya, 3 milyon 959 bin 533 ile Rusya, 3 milyon 348 bin 489 ile \u0130ngiltere, 2 milyon 823 bin 433 ile \u0130spanya, 2 milyon 649 bin 862 ile T\u00fcrkiye, 2 milyon 535 bin 483 ile \u0130talya, 2 milyon 337 bin ile Almanya, 2 milyon 187 bin 473 ile Kolombiya, 1 milyon 961 bin 640 ile Arjantin, 1 milyon 685 bin 996 ile Meksika, 1 milyon 516 bin 540 ile Polonya, 1 milyon 464 bin 268 ile \u0130ran, 1 milyon 445 bin 979 ile G\u00fcney Afrika, 1 milyon 294 bin 623 ile Peru, 1 milyon 224 bin 603 ile Endonezya, 1 milyon 210 bin 246 ile Ukrayna, 1 milyon 178 bin 832 ile \u00c7ekya, 269 bin 19 ile Fransa takip ediyor.<\/p>\n<p>\u0130lk 10 \u00fclkede vakalar\u0131n n\u00fcfusa oran\u0131<\/p>\n<p>Vaka say\u0131s\u0131nda ilk 10&#8217;a giren \u00fclkelerde vaka say\u0131lar\u0131 ABD&#8217;de n\u00fcfusun y\u00fczde 8,9&#8217;una, Hindistan&#8217;da y\u00fczde 0,8&#8217;e, Brezilya&#8217;da y\u00fczde 5,2&#8217;ye, Rusya&#8217;da y\u00fczde 2,9&#8217;a, \u0130ngiltere&#8217;de y\u00fczde 6,2&#8217;ye, Fransa&#8217;da y\u00fczde 6&#8217;ya, \u0130spanya&#8217;da y\u00fczde 6,7&#8217;ye, \u0130talya&#8217;da y\u00fczde 5,17&#8217;ye, T\u00fcrkiye&#8217;de 3,3&#8217;e ve Almanya&#8217;da y\u00fczde 3&#8217;\u00fcne denk geliyor.<\/p>\n<p>D\u00fcnyada salg\u0131n\u0131n ortaya \u00e7\u0131k\u0131\u015f\u0131n\u0131n ard\u0131ndan ba\u015flat\u0131lan a\u015f\u0131 \u00e7al\u0131\u015fmalar\u0131nda \u00c7in, ABD, Rusya ve Hindistan\u2019\u0131n \u00fcretti\u011fi a\u015f\u0131lar acil kullan\u0131m onay\u0131 \u00e7er\u00e7evesinde hastalara vurulmaya ba\u015fland\u0131.<\/p>\n<p>\u0130nsanl\u0131\u011f\u0131n salg\u0131ndan \u00e7\u0131k\u0131\u015f umudu olan a\u015f\u0131lama \u00e7al\u0131\u015fmalar\u0131nda bug\u00fcne kadar 300 milyondan fazla ki\u015fiye a\u015f\u0131 yap\u0131ld\u0131.<\/p>\n<div id=\"briti-1494773661\" class=\"briti-icerikten-sonra_2\" style=\"margin-top: 25px;margin-bottom: 25px;\"><a href=\"https:\/\/wa.me\/message\/NDZLLIOQT4H3O1\" aria-label=\"bytv reklam banner\"><img loading=\"lazy\" decoding=\"async\" src=\"https:\/\/by-tv.co.uk\/wp-content\/uploads\/2025\/12\/bytv-reklam-banner.jpg\" alt=\"\"  width=\"2376\" height=\"1008\"   \/><\/a><\/div>","protected":false},"excerpt":{"rendered":"<p>ANKARA (AA) &#8211; \u00c7in&#8217;in Vuhan kentinden d\u00fcnyan\u0131n bir\u00e7ok \u00fclke ve b\u00f6lgesine yay\u0131larak &#8220;salg\u0131na&#8221; d\u00f6n\u00fc\u015fen&nbsp;Kovid-19&#8217;un, Asya s\u0131n\u0131rlar\u0131n\u0131 a\u015f\u0131p halk sa\u011fl\u0131\u011f\u0131n\u0131 k\u00fcresel \u00e7apta tehdit etmeye ba\u015flamas\u0131yla, d\u00fcnya vir\u00fcsle ilgili geli\u015fmelere kilitlendi, salg\u0131n\u0131n kontrol alt\u0131na al\u0131nmas\u0131 ve \u00f6nlenmesine y\u00f6nelik tedbirler, b\u00fct\u00fcn \u00fclkelerin ana g\u00fcndemi haline geldi. D\u00fcnya Sa\u011fl\u0131k \u00d6rg\u00fct\u00fc (DS\u00d6) Ba\u015fkan\u0131 Tedros Adhanom Ghebreyesus, 11 Mart 2020\u2019de Kovid-19\u2019un yay\u0131lma h\u0131z\u0131n\u0131n alarm verici d\u00fczeyde oldu\u011funu belirterek, Kovid-19&#8217;u resmen &#8220;salg\u0131n&#8221; ilan etti. AA muhabirinin, Kovid-19 g\u00f6r\u00fclen \u00fclke ve b\u00f6lgelerdeki yeni vakalara ili\u015fkin verileri yay\u0131mlayan &#8220;Worldometers&#8221; sitesinden derledi\u011fi bilgilere g\u00f6re, Kovid-19\u2019un 2019 sonunda \u00c7in\u2019de ortaya \u00e7\u0131k\u0131\u015f\u0131n\u0131n ard\u0131ndan DS\u00d6 Ba\u015fkan\u0131 Ghebreyesus\u2019un resmen &#8220;pandemi&#8221; ilan etti\u011fi g\u00fcne kadarki [&hellip;]<\/p>\n","protected":false},"author":1,"featured_media":0,"comment_status":"open","ping_status":"open","sticky":false,"template":"","format":"standard","meta":{"ngg_post_thumbnail":0,"footnotes":""},"categories":[1],"tags":[],"class_list":["post-8394","post","type-post","status-publish","format-standard","hentry","category-genel"],"_links":{"self":[{"href":"https:\/\/by-tv.co.uk\/en\/wp-json\/wp\/v2\/posts\/8394","targetHints":{"allow":["GET"]}}],"collection":[{"href":"https:\/\/by-tv.co.uk\/en\/wp-json\/wp\/v2\/posts"}],"about":[{"href":"https:\/\/by-tv.co.uk\/en\/wp-json\/wp\/v2\/types\/post"}],"author":[{"embeddable":true,"href":"https:\/\/by-tv.co.uk\/en\/wp-json\/wp\/v2\/users\/1"}],"replies":[{"embeddable":true,"href":"https:\/\/by-tv.co.uk\/en\/wp-json\/wp\/v2\/comments?post=8394"}],"version-history":[{"count":0,"href":"https:\/\/by-tv.co.uk\/en\/wp-json\/wp\/v2\/posts\/8394\/revisions"}],"wp:attachment":[{"href":"https:\/\/by-tv.co.uk\/en\/wp-json\/wp\/v2\/media?parent=8394"}],"wp:term":[{"taxonomy":"category","embeddable":true,"href":"https:\/\/by-tv.co.uk\/en\/wp-json\/wp\/v2\/categories?post=8394"},{"taxonomy":"post_tag","embeddable":true,"href":"https:\/\/by-tv.co.uk\/en\/wp-json\/wp\/v2\/tags?post=8394"}],"curies":[{"name":"wp","href":"https:\/\/api.w.org\/{rel}","templated":true}]}}