{"id":8371,"date":"2021-03-08T20:26:10","date_gmt":"2021-03-08T20:26:10","guid":{"rendered":"https:\/\/by-tv.co.uk\/?p=8371"},"modified":"2021-03-08T20:26:10","modified_gmt":"2021-03-08T20:26:10","slug":"meghan-markle-ogluna-ten-renginin-koyu-olacagi-endisesi-ile-prens-unvaninin-verilmedigini-acikladi","status":"publish","type":"post","link":"https:\/\/by-tv.co.uk\/en\/meghan-markle-ogluna-ten-renginin-koyu-olacagi-endisesi-ile-prens-unvaninin-verilmedigini-acikladi\/","title":{"rendered":"Meghan Markle, o\u011fluna &#8216;ten renginin koyu olaca\u011f\u0131&#8217; endi\u015fesi ile &#8216;prens&#8217; \u00fcnvan\u0131n\u0131n verilmedi\u011fini a\u00e7\u0131klad\u0131"},"content":{"rendered":"<p>\u0130ngiltere Krali\u00e7esi 2. Elizabeth&#8217;in torunu&nbsp;<strong>Sussex D\u00fck\u00fc Prens Harry&nbsp;<\/strong>ve e\u015fi&nbsp;<strong>Meghan Markle<\/strong>, Amerikal\u0131 \u00fcnl\u00fc sunucu Oprah Winfrey&#8217;in CBS televizyonunda yay\u0131mlanan \u015fovuna konuk oldu.<\/p>\n<p>Siyahi bir anne ve beyaz bir baban\u0131n k\u0131z\u0131 olan Markle, programda yapt\u0131\u011f\u0131 a\u00e7\u0131klamada, o\u011fluna hamilelik s\u00fcreci hakk\u0131nda, &#8220;Ben hamileyken, bebe\u011fimin prens ya da prenses olmas\u0131n\u0131 istemediler. Bebe\u011fime g\u00fcvenlik tan\u0131nmayaca\u011f\u0131n\u0131 s\u00f6ylediler. O\u011flum do\u011fdu\u011funda ten renginin ne kadar koyu olaca\u011f\u0131na dair konu\u015fmalar oluyordu ve bundan endi\u015feleniyorlard\u0131.&#8221; diye konu\u015ftu<\/p>\n<p>Markle, bu sorular\u0131 kimin g\u00fcndeme getirdi\u011fini a\u00e7\u0131klamazken, kendisinin de susturuldu\u011funu belirtti.<\/p><div id=\"briti-3586838718\" class=\"briti-icerik\" style=\"margin-top: 5px;margin-bottom: 5px;\"><a href=\"https:\/\/piaryum.com\/services\/\" aria-label=\"piaryum banner\"><img loading=\"lazy\" decoding=\"async\" src=\"https:\/\/by-tv.co.uk\/wp-content\/uploads\/2025\/12\/Gemini_Generated_Image_g5yqr1g5yqr1g5yq.jpg\" alt=\"\"  width=\"2064\" height=\"1152\"   \/><\/a><\/div>\n<h3>&#8220;Art\u0131k ya\u015famak istemiyordum&#8221;<\/h3>\n<p>Markle, d\u00fc\u011f\u00fcnden \u00f6nce Cambridge D\u00fc\u015fesi Kate&#8217;i a\u011flatt\u0131\u011f\u0131na dair gazetelerde \u00e7\u0131kan haberleri de yalanlayarak, &#8220;Asl\u0131nda bunun tam tersi oldu. D\u00fc\u011f\u00fcnden birka\u00e7 g\u00fcn \u00f6nce Kate bir \u015feye \u00fcz\u00fclm\u00fc\u015ft\u00fc ve beni a\u011flatt\u0131.&#8221; a\u00e7\u0131klamas\u0131nda bulundu.<\/p>\n<p>Kraliyet ailesi i\u00e7inde \u00e7ok mutsuz oldu\u011funu ve intihar\u0131 d\u00fc\u015f\u00fcnd\u00fc\u011f\u00fcn\u00fc vurgulayan Markle, &#8220;Art\u0131k ya\u015famak istemiyordum.&#8221; ifadesini kulland\u0131.<\/p>\n<h3>Prens Charles, Harry&#8217;nin telefonlar\u0131n\u0131 a\u00e7m\u0131yormu\u015f<\/h3>\n<p>Prens Harry ise kraliyet ailesindeki g\u00f6revlerinden ayr\u0131lmas\u0131nda aile i\u00e7indeki &#8220;anlay\u0131\u015fs\u0131zl\u0131\u011f\u0131n&#8221; etkili oldu\u011funu belirtti ve annesi Prenses Diana&#8217;n\u0131n 1997&#8217;deki \u00f6l\u00fcm\u00fcn\u00fc an\u0131msatarak, tarihin tekerr\u00fcr etmesinden korktu\u011funu dile getirdi.<\/p>\n<p>Babas\u0131 Prens Charles&#8217;\u0131n kendisinin telefonunu a\u00e7mad\u0131\u011f\u0131n\u0131 ifade eden Harry, &#8220;Babaannem Krali\u00e7e Elizabeth ile bug\u00fcne kadar 3 kez telefonda konu\u015ftuk, babamla da 2 kez konu\u015ftuk ancak sonra telefonlar\u0131ma cevap vermemeye ba\u015flad\u0131.&#8221; diye konu\u015ftu.<\/p>\n<h3>\u00c7iftin ikinci bebe\u011fi k\u0131z olacak<\/h3>\n<p>Harry, ikinci \u00e7ocuklar\u0131n\u0131n cinsiyetini de ilk kez duyurarak, &#8220;\u0130lk bebe\u011fimiz erkekti, \u015fimdi de bir k\u0131z\u0131m\u0131z olacak.&#8221; a\u00e7\u0131klamas\u0131nda bulundu.<\/p>\n<p>\u00c7ift, ge\u00e7en ay ikinci \u00e7ocuklar\u0131n\u0131 bekledikleri haberini kamuoyuyla payla\u015fm\u0131\u015ft\u0131.<\/p>\n<p>AA-Washington<\/p>\n<div id=\"briti-3016003595\" class=\"briti-icerikten-sonra_2\" style=\"margin-top: 25px;margin-bottom: 25px;\"><a href=\"https:\/\/wa.me\/message\/NDZLLIOQT4H3O1\" aria-label=\"bytv reklam banner\"><img loading=\"lazy\" decoding=\"async\" src=\"https:\/\/by-tv.co.uk\/wp-content\/uploads\/2025\/12\/bytv-reklam-banner.jpg\" alt=\"\"  width=\"2376\" height=\"1008\"   \/><\/a><\/div>","protected":false},"excerpt":{"rendered":"<p>\u0130ngiltere Krali\u00e7esi 2. Elizabeth&#8217;in torunu&nbsp;Sussex D\u00fck\u00fc Prens Harry&nbsp;ve e\u015fi&nbsp;Meghan Markle, Amerikal\u0131 \u00fcnl\u00fc sunucu Oprah Winfrey&#8217;in CBS televizyonunda yay\u0131mlanan \u015fovuna konuk oldu. Siyahi bir anne ve beyaz bir baban\u0131n k\u0131z\u0131 olan Markle, programda yapt\u0131\u011f\u0131 a\u00e7\u0131klamada, o\u011fluna hamilelik s\u00fcreci hakk\u0131nda, &#8220;Ben hamileyken, bebe\u011fimin prens ya da prenses olmas\u0131n\u0131 istemediler. Bebe\u011fime g\u00fcvenlik tan\u0131nmayaca\u011f\u0131n\u0131 s\u00f6ylediler. O\u011flum do\u011fdu\u011funda ten renginin ne kadar koyu olaca\u011f\u0131na dair konu\u015fmalar oluyordu ve bundan endi\u015feleniyorlard\u0131.&#8221; diye konu\u015ftu Markle, bu sorular\u0131 kimin g\u00fcndeme getirdi\u011fini a\u00e7\u0131klamazken, kendisinin de susturuldu\u011funu belirtti. &#8220;Art\u0131k ya\u015famak istemiyordum&#8221; Markle, d\u00fc\u011f\u00fcnden \u00f6nce Cambridge D\u00fc\u015fesi Kate&#8217;i a\u011flatt\u0131\u011f\u0131na dair gazetelerde \u00e7\u0131kan haberleri de yalanlayarak, &#8220;Asl\u0131nda bunun tam tersi oldu. D\u00fc\u011f\u00fcnden [&hellip;]<\/p>\n","protected":false},"author":1,"featured_media":0,"comment_status":"open","ping_status":"open","sticky":false,"template":"","format":"standard","meta":{"ngg_post_thumbnail":0,"footnotes":""},"categories":[1],"tags":[],"class_list":["post-8371","post","type-post","status-publish","format-standard","hentry","category-genel"],"_links":{"self":[{"href":"https:\/\/by-tv.co.uk\/en\/wp-json\/wp\/v2\/posts\/8371","targetHints":{"allow":["GET"]}}],"collection":[{"href":"https:\/\/by-tv.co.uk\/en\/wp-json\/wp\/v2\/posts"}],"about":[{"href":"https:\/\/by-tv.co.uk\/en\/wp-json\/wp\/v2\/types\/post"}],"author":[{"embeddable":true,"href":"https:\/\/by-tv.co.uk\/en\/wp-json\/wp\/v2\/users\/1"}],"replies":[{"embeddable":true,"href":"https:\/\/by-tv.co.uk\/en\/wp-json\/wp\/v2\/comments?post=8371"}],"version-history":[{"count":0,"href":"https:\/\/by-tv.co.uk\/en\/wp-json\/wp\/v2\/posts\/8371\/revisions"}],"wp:attachment":[{"href":"https:\/\/by-tv.co.uk\/en\/wp-json\/wp\/v2\/media?parent=8371"}],"wp:term":[{"taxonomy":"category","embeddable":true,"href":"https:\/\/by-tv.co.uk\/en\/wp-json\/wp\/v2\/categories?post=8371"},{"taxonomy":"post_tag","embeddable":true,"href":"https:\/\/by-tv.co.uk\/en\/wp-json\/wp\/v2\/tags?post=8371"}],"curies":[{"name":"wp","href":"https:\/\/api.w.org\/{rel}","templated":true}]}}