{"id":8332,"date":"2021-03-05T21:09:19","date_gmt":"2021-03-05T21:09:19","guid":{"rendered":"https:\/\/by-tv.co.uk\/?p=8332"},"modified":"2021-03-05T21:19:34","modified_gmt":"2021-03-05T21:19:34","slug":"yougov-anketine-gore-ingiltere-maliye-bakani-rishi-sunak-8-fark-ile-basbakan-boris-jonhsonun-onunde-seyrediyor","status":"publish","type":"post","link":"https:\/\/by-tv.co.uk\/en\/yougov-anketine-gore-ingiltere-maliye-bakani-rishi-sunak-8-fark-ile-basbakan-boris-jonhsonun-onunde-seyrediyor\/","title":{"rendered":"YouGov anketine g\u00f6re \u0130ngiltere Maliye Bakan\u0131 Rishi Sunak % 10 fark ile Ba\u015fbakan Boris Jonhson&#8217;un \u00f6n\u00fcnde seyrediyor"},"content":{"rendered":"<p>\u0130ngiltere&#8217;de YouGov \u015firketi taraf\u0131ndan \u00e7evrim i\u00e7i olarak s\u00fcrekli yap\u0131lan &#8220;En Pop\u00fcler Siyaset\u00e7i&#8221; anketinin en sonuncusunda \u0130ngiltere Maliye Bakan\u0131 Rishi Sunak % 10 fark ile Ba\u015fbakan Boris Johnson&#8217;un \u00f6n\u00fcnde seyrediyor.<\/p>\n<p>Johnson&#8217;u ge\u00e7en ba\u015fka bir isim ise \u0130sko\u00e7ya \u00d6zerk Y\u00f6netimi Ba\u015fbakan\u0131 Nicola Sturgeon oldu. Son d\u00f6nemde Ba\u015fbakan Boris Johnson ile s\u0131k s\u0131k kar\u015f\u0131 kar\u015f\u0131ya gelen Sturgeon, \u0130sko\u00e7ya\u2019n\u0131n ba\u011f\u0131ms\u0131zl\u0131\u011f\u0131 i\u00e7in yeni bir referandum talebiyle g\u00fcndemde olan bir siyaset\u00e7i.<\/p>\n<blockquote class=\"instagram-media\" style=\"background: #FFF; border: 0; border-radius: 3px; box-shadow: 0 0 1px 0 rgba(0,0,0,0.5),0 1px 10px 0 rgba(0,0,0,0.15); margin: 1px; max-width: 540px; min-width: 326px; padding: 0; width: calc(100% - 2px);\" data-instgrm-permalink=\"https:\/\/www.instagram.com\/p\/CMDPxHFqW1m\/?utm_source=ig_embed&amp;utm_campaign=loading\" data-instgrm-version=\"13\">\n<div style=\"padding: 16px;\">\n<p>&nbsp;<\/p>\n<div style=\"display: flex; flex-direction: row; align-items: center;\">\n<div style=\"background-color: #f4f4f4; border-radius: 50%; flex-grow: 0; height: 40px; margin-right: 14px; width: 40px;\">&nbsp;<\/div>\n<div style=\"display: flex; flex-direction: column; flex-grow: 1; justify-content: center;\">\n<div style=\"background-color: #f4f4f4; border-radius: 4px; flex-grow: 0; height: 14px; margin-bottom: 6px; width: 100px;\">&nbsp;<\/div>\n<div style=\"background-color: #f4f4f4; border-radius: 4px; flex-grow: 0; height: 14px; width: 60px;\">&nbsp;<\/div>\n<\/div>\n<\/div>\n<div style=\"padding: 19% 0;\">&nbsp;<\/div>\n<div style=\"display: block; height: 50px; margin: 0 auto 12px; width: 50px;\">&nbsp;<\/div>\n<div style=\"padding-top: 8px;\">\n<div style=\"color: #3897f0; font-family: Arial,sans-serif; font-size: 14px; font-style: normal; font-weight: 550; line-height: 18px;\">Bu g\u00f6nderiyi Instagram&#8217;da g\u00f6r<\/div>\n<\/div>\n<div style=\"padding: 12.5% 0;\">&nbsp;<\/div>\n<div style=\"display: flex; flex-direction: row; margin-bottom: 14px; align-items: center;\">\n<div>\n<div style=\"background-color: #f4f4f4; border-radius: 50%; height: 12.5px; width: 12.5px; transform: translateX(0px) translateY(7px);\">&nbsp;<\/div>\n<div style=\"background-color: #f4f4f4; height: 12.5px; transform: rotate(-45deg) translateX(3px) translateY(1px); width: 12.5px; flex-grow: 0; margin-right: 14px; margin-left: 2px;\">&nbsp;<\/div>\n<div style=\"background-color: #f4f4f4; border-radius: 50%; height: 12.5px; width: 12.5px; transform: translateX(9px) translateY(-18px);\">&nbsp;<\/div>\n<\/div>\n<div style=\"margin-left: 8px;\">\n<div style=\"background-color: #f4f4f4; border-radius: 50%; flex-grow: 0; height: 20px; width: 20px;\">&nbsp;<\/div>\n<div style=\"width: 0; height: 0; border-top: 2px solid transparent; border-left: 6px solid #f4f4f4; border-bottom: 2px solid transparent; transform: translateX(16px) translateY(-4px) rotate(30deg);\">&nbsp;<\/div>\n<\/div>\n<div style=\"margin-left: auto;\">\n<div style=\"width: 0px; border-top: 8px solid #F4F4F4; border-right: 8px solid transparent; transform: translateY(16px);\">&nbsp;<\/div>\n<div style=\"background-color: #f4f4f4; flex-grow: 0; height: 12px; width: 16px; transform: translateY(-4px);\">&nbsp;<\/div>\n<div style=\"width: 0; height: 0; border-top: 8px solid #F4F4F4; border-left: 8px solid transparent; transform: translateY(-4px) translateX(8px);\">&nbsp;<\/div>\n<\/div>\n<\/div>\n<div style=\"display: flex; flex-direction: column; flex-grow: 1; justify-content: center; margin-bottom: 24px;\">\n<div style=\"background-color: #f4f4f4; border-radius: 4px; flex-grow: 0; height: 14px; margin-bottom: 6px; width: 224px;\">&nbsp;<\/div>\n<div style=\"background-color: #f4f4f4; border-radius: 4px; flex-grow: 0; height: 14px; width: 144px;\">&nbsp;<\/div>\n<\/div>\n<p>&nbsp;<\/p>\n<p style=\"color: #c9c8cd; font-family: Arial,sans-serif; font-size: 14px; line-height: 17px; margin-bottom: 0; margin-top: 8px; overflow: hidden; padding: 8px 0 7px; text-align: center; text-overflow: ellipsis; white-space: nowrap;\"><a style=\"color: #c9c8cd; font-family: Arial,sans-serif; font-size: 14px; font-style: normal; font-weight: normal; line-height: 17px; text-decoration: none;\" href=\"https:\/\/www.instagram.com\/p\/CMDPxHFqW1m\/?utm_source=ig_embed&amp;utm_campaign=loading\" target=\"_blank\" rel=\"noopener\">Brit \u0130\u015f-Ya\u015fam TV (@britisyasamtv)&#8217;in payla\u015ft\u0131\u011f\u0131 bir g\u00f6nderi<\/a><\/p>\n<\/div>\n<\/blockquote>\n<p><script async=\"\" src=\"\/\/www.instagram.com\/embed.js\"><\/script><\/p>\n<p>\u0130ngiltere\u2019yi AB\u2019den \u00e7\u0131karan Ba\u015fbakan olarak tarihe ge\u00e7en Boris Johnson, Covid-19\u2019dan dolay\u0131 2 defa hastaneye kald\u0131r\u0131ld\u0131. Ba\u015fbakanl\u0131\u011f\u0131 pandemiye denk geldi\u011fi i\u00e7in; yakla\u015f\u0131k bir y\u0131ld\u0131r kapal\u0131 olan i\u015fyerleri ve k\u0131s\u0131tlamalar nedeniyle \u00fclke ciddi bir bor\u00e7lanma ile kar\u015f\u0131 kar\u015f\u0131ya. Partisi koronavir\u00fcs a\u015f\u0131lamalar\u0131ndaki ba\u015far\u0131s\u0131 ve h\u0131z\u0131 nedeniyle anketlerde y\u00fckseli\u015f g\u00f6steriyor.<\/p><div id=\"briti-684045482\" class=\"briti-icerik\" style=\"margin-top: 5px;margin-bottom: 5px;\"><a href=\"https:\/\/piaryum.com\/services\/\" aria-label=\"piaryum banner\"><img loading=\"lazy\" decoding=\"async\" src=\"https:\/\/by-tv.co.uk\/wp-content\/uploads\/2025\/12\/Gemini_Generated_Image_g5yqr1g5yqr1g5yq.jpg\" alt=\"\"  width=\"2064\" height=\"1152\"   \/><\/a><\/div>\n<p>Corbyn y\u00f6netiminin \u00fczerini \u00e7izen \u0130ngiltere muhalefet partisi lideri Keir Starmer\u2019\u0131n liderli\u011fi pandemiye denk geldi\u011fi i\u00e7in halkla pek bir araya gelemedi. Starmer\u2019\u0131n politik s\u00f6ylemleri, salg\u0131n\u0131n yaratt\u0131\u011f\u0131 belirsizlikle hep 2. planda kald\u0131. Kriz d\u00f6neminde yap\u0131lan i\u015flere k\u00f6stek olmamak i\u00e7in yapt\u0131\u011f\u0131 dozu d\u00fc\u015f\u00fck ele\u015ftirileri pek i\u015fe yaramad\u0131. H\u00fck\u00fcmetin a\u015f\u0131 ata\u011f\u0131ndan sonra partisinin oylar\u0131 giderek d\u00fc\u015f\u00fcyor.<\/p>\n<p>Sadiq Khan, Pakistan k\u00f6kenli \u0130ngiliz siyaset\u00e7i. 2005-2016 y\u0131llar\u0131 aras\u0131nda do\u011fum yeri olan Greater Londra&#8217;n\u0131n Tooting b\u00f6lgesinden milletvekili olarak g\u00f6rev yapt\u0131. 2016&#8217;da \u0130\u015f\u00e7i Partisi&#8217;nden Londra Belediye Ba\u015fkan\u0131 se\u00e7ilerek Bat\u0131 Avrupa \u00fclkelerindeki b\u00fcy\u00fck\u015fehirlerde belediye ba\u015fkan\u0131 olan ilk M\u00fcsl\u00fcman siyaset\u00e7i olmu\u015ftur. May\u0131s ay\u0131nda yap\u0131lacak yere se\u00e7imlerde tekrar aday olacak.<\/p>\n<div id=\"briti-2953049154\" class=\"briti-icerikten-sonra_2\" style=\"margin-top: 25px;margin-bottom: 25px;\"><a href=\"https:\/\/wa.me\/message\/NDZLLIOQT4H3O1\" aria-label=\"bytv reklam banner\"><img loading=\"lazy\" decoding=\"async\" src=\"https:\/\/by-tv.co.uk\/wp-content\/uploads\/2025\/12\/bytv-reklam-banner.jpg\" alt=\"\"  width=\"2376\" height=\"1008\"   \/><\/a><\/div>","protected":false},"excerpt":{"rendered":"<p>\u0130ngiltere&#8217;de YouGov \u015firketi taraf\u0131ndan \u00e7evrim i\u00e7i olarak s\u00fcrekli yap\u0131lan &#8220;En Pop\u00fcler Siyaset\u00e7i&#8221; anketinin en sonuncusunda \u0130ngiltere Maliye Bakan\u0131 Rishi Sunak % 10 fark ile Ba\u015fbakan Boris Johnson&#8217;un \u00f6n\u00fcnde seyrediyor. Johnson&#8217;u ge\u00e7en ba\u015fka bir isim ise \u0130sko\u00e7ya \u00d6zerk Y\u00f6netimi Ba\u015fbakan\u0131 Nicola Sturgeon oldu. Son d\u00f6nemde Ba\u015fbakan Boris Johnson ile s\u0131k s\u0131k kar\u015f\u0131 kar\u015f\u0131ya gelen Sturgeon, \u0130sko\u00e7ya\u2019n\u0131n ba\u011f\u0131ms\u0131zl\u0131\u011f\u0131 i\u00e7in yeni bir referandum talebiyle g\u00fcndemde olan bir siyaset\u00e7i. &nbsp; &nbsp; &nbsp; &nbsp; &nbsp; &nbsp; Bu g\u00f6nderiyi Instagram&#8217;da g\u00f6r &nbsp; &nbsp; &nbsp; &nbsp; &nbsp; &nbsp; &nbsp; &nbsp; &nbsp; &nbsp; &nbsp; &nbsp; Brit \u0130\u015f-Ya\u015fam TV (@britisyasamtv)&#8217;in payla\u015ft\u0131\u011f\u0131 bir g\u00f6nderi \u0130ngiltere\u2019yi AB\u2019den \u00e7\u0131karan Ba\u015fbakan olarak tarihe [&hellip;]<\/p>\n","protected":false},"author":1,"featured_media":0,"comment_status":"open","ping_status":"open","sticky":false,"template":"","format":"standard","meta":{"ngg_post_thumbnail":0,"footnotes":""},"categories":[1],"tags":[],"class_list":["post-8332","post","type-post","status-publish","format-standard","hentry","category-genel"],"_links":{"self":[{"href":"https:\/\/by-tv.co.uk\/en\/wp-json\/wp\/v2\/posts\/8332","targetHints":{"allow":["GET"]}}],"collection":[{"href":"https:\/\/by-tv.co.uk\/en\/wp-json\/wp\/v2\/posts"}],"about":[{"href":"https:\/\/by-tv.co.uk\/en\/wp-json\/wp\/v2\/types\/post"}],"author":[{"embeddable":true,"href":"https:\/\/by-tv.co.uk\/en\/wp-json\/wp\/v2\/users\/1"}],"replies":[{"embeddable":true,"href":"https:\/\/by-tv.co.uk\/en\/wp-json\/wp\/v2\/comments?post=8332"}],"version-history":[{"count":0,"href":"https:\/\/by-tv.co.uk\/en\/wp-json\/wp\/v2\/posts\/8332\/revisions"}],"wp:attachment":[{"href":"https:\/\/by-tv.co.uk\/en\/wp-json\/wp\/v2\/media?parent=8332"}],"wp:term":[{"taxonomy":"category","embeddable":true,"href":"https:\/\/by-tv.co.uk\/en\/wp-json\/wp\/v2\/categories?post=8332"},{"taxonomy":"post_tag","embeddable":true,"href":"https:\/\/by-tv.co.uk\/en\/wp-json\/wp\/v2\/tags?post=8332"}],"curies":[{"name":"wp","href":"https:\/\/api.w.org\/{rel}","templated":true}]}}