{"id":8087,"date":"2021-02-11T20:32:19","date_gmt":"2021-02-11T20:32:19","guid":{"rendered":"https:\/\/by-tv.co.uk\/?p=8087"},"modified":"2021-02-11T20:32:19","modified_gmt":"2021-02-11T20:32:19","slug":"ingilterede-yapilan-arastirmaya-gore-kovid-19u-atlatanlarin-yuzde-41i-travma-sonrasi-stres-bozuklugu-yasiyor","status":"publish","type":"post","link":"https:\/\/by-tv.co.uk\/en\/ingilterede-yapilan-arastirmaya-gore-kovid-19u-atlatanlarin-yuzde-41i-travma-sonrasi-stres-bozuklugu-yasiyor\/","title":{"rendered":"\u0130ngiltere&#8217;de yap\u0131lan ara\u015ft\u0131rmaya g\u00f6re, Kovid-19\u2019u atlatanlar\u0131n y\u00fczde 41&#8217;i travma sonras\u0131 stres bozuklu\u011fu ya\u015f\u0131yor"},"content":{"rendered":"<p>\u0130ngiltere&#8217;deki Imperial College London ve Southampton \u00dcniversitesinin y\u00fcr\u00fctt\u00fc\u011f\u00fc ortak ara\u015ft\u0131rmada, Kovid-19\u2019a yakalanan 13 bin 49 ki\u015fi \u00fczerinde ankete dayal\u0131 inceleme yap\u0131ld\u0131. Ara\u015ft\u0131rman\u0131n sonu\u00e7lar\u0131, Kovid-19\u2019a yakalananlar\u0131n y\u00fczde 41\u2019inin, hastal\u0131k s\u00fcrecinde herhangi bir klinik yard\u0131m veya hastanede tedavi almasalar bile hastal\u0131\u011f\u0131 atlatt\u0131ktan sonra o anlar\u0131 tekrar hat\u0131rlayarak y\u00fcksek derecede travma sonras\u0131 stres bozuklu\u011fu ya\u015fad\u0131\u011f\u0131n\u0131 g\u00f6sterdi.<\/p>\n<p>Imperial College London Psikiyatri B\u00f6l\u00fcm Ba\u015fkan\u0131 Dr. Adrian James ara\u015ft\u0131rmayla ilgili, &#8220;Kovid-19&#8217;un zihinsel olarak ciddi sonu\u00e7lar\u0131 olabilece\u011fi a\u00e7\u0131k. Bu vir\u00fcs sadece fiziksel sa\u011fl\u0131\u011f\u0131m\u0131z i\u00e7in bir tehdit de\u011fil, ayn\u0131 zamanda hastal\u0131k s\u0131ras\u0131nda ve sonras\u0131nda ak\u0131l sa\u011fl\u0131\u011f\u0131m\u0131z i\u00e7in de \u00f6nemli riskler olu\u015fturuyor.&#8221; de\u011ferlendirmesini yapt\u0131.<\/p>\n<p>Imperial College London&#8217;dan ara\u015ft\u0131rma ekibinin \u00fcyesi Dr. Adam Hampshire da a\u00e7\u0131klamas\u0131nda &#8220;Kovid-19 kaynakl\u0131 solunum sorunlar\u0131 nedeniyle evde kalan ve t\u0131bbi yard\u0131m almayan hastalar\u0131n \u00f6nemli bir k\u0131sm\u0131 da dahil olmak \u00fczere, salg\u0131n\u0131n t\u00fcm hastalarda akut ve kal\u0131c\u0131 bir etkiye sahip olma ihtimalinin y\u00fcksek oldu\u011funu g\u00f6rebiliyoruz.&#8221; ifadelerini kulland\u0131.<\/p><div id=\"briti-3277354670\" class=\"briti-icerik\" style=\"margin-top: 5px;margin-bottom: 5px;\"><a href=\"https:\/\/piaryum.com\/services\/\" aria-label=\"piaryum banner\"><img loading=\"lazy\" decoding=\"async\" src=\"https:\/\/by-tv.co.uk\/wp-content\/uploads\/2025\/12\/Gemini_Generated_Image_g5yqr1g5yqr1g5yq.jpg\" alt=\"\"  width=\"2064\" height=\"1152\"   \/><\/a><\/div>\n<p>Ara\u015ft\u0131rmac\u0131lar, bulgular\u0131n Kovid-19 hastalar\u0131n\u0131n ruh sa\u011fl\u0131klar\u0131n\u0131n takibinin ve ruh sa\u011fl\u0131\u011f\u0131 tedavilerine eri\u015fimlerinin \u00f6nemini g\u00f6sterdi\u011fini vurgulad\u0131.<\/p>\n<p>Travma sonras\u0131 stres bozuklu\u011funa ili\u015fkin semptomlar\u0131n, Kovid-19&#8217;u atlatt\u0131ktan hemen sonra veya 6 aya kadar ortaya \u00e7\u0131kabilece\u011fini belirten ara\u015ft\u0131rmac\u0131lar, zaman\u0131nda tedavi olunmazsa etkisinin y\u0131llarca s\u00fcrebilece\u011fine dikkati \u00e7ekti.<\/p>\n<p>Kovid-19 hastalar\u0131nda g\u00f6r\u00fclen travma sonras\u0131 stres bozuklu\u011fu semptomlar\u0131 aras\u0131nda en yayg\u0131n olarak s\u00fcrekli hastal\u0131k anlar\u0131n\u0131 hat\u0131rlama, duygularda dalgalanma, hastal\u0131k hakk\u0131nda konu\u015fmaktan ka\u00e7\u0131nma, an\u0131lar\u0131 silmeye \u00e7al\u0131\u015fma, gergin olma ve her \u015feyden kolayca \u00fcrkme gibi davran\u0131\u015flar\u0131n oldu\u011fu ifade ediliyor.<\/p>\n<p>Kas\u0131m 2020\u2019de yap\u0131lan bir ara\u015ft\u0131rma da Kovid-19\u2019a yakalananlar\u0131n y\u00fczde 18\u2019ine hastal\u0131ktan sonraki \u00fc\u00e7 ay i\u00e7inde anksiyete, depresyon veya uykusuzluk tan\u0131s\u0131 konuldu\u011funu g\u00f6stermi\u015fti.<\/p>\n<div id=\"briti-623273587\" class=\"briti-icerikten-sonra_2\" style=\"margin-top: 25px;margin-bottom: 25px;\"><a href=\"https:\/\/wa.me\/message\/NDZLLIOQT4H3O1\" aria-label=\"bytv reklam banner\"><img loading=\"lazy\" decoding=\"async\" src=\"https:\/\/by-tv.co.uk\/wp-content\/uploads\/2025\/12\/bytv-reklam-banner.jpg\" alt=\"\"  width=\"2376\" height=\"1008\"   \/><\/a><\/div>","protected":false},"excerpt":{"rendered":"<p>\u0130ngiltere&#8217;deki Imperial College London ve Southampton \u00dcniversitesinin y\u00fcr\u00fctt\u00fc\u011f\u00fc ortak ara\u015ft\u0131rmada, Kovid-19\u2019a yakalanan 13 bin 49 ki\u015fi \u00fczerinde ankete dayal\u0131 inceleme yap\u0131ld\u0131. Ara\u015ft\u0131rman\u0131n sonu\u00e7lar\u0131, Kovid-19\u2019a yakalananlar\u0131n y\u00fczde 41\u2019inin, hastal\u0131k s\u00fcrecinde herhangi bir klinik yard\u0131m veya hastanede tedavi almasalar bile hastal\u0131\u011f\u0131 atlatt\u0131ktan sonra o anlar\u0131 tekrar hat\u0131rlayarak y\u00fcksek derecede travma sonras\u0131 stres bozuklu\u011fu ya\u015fad\u0131\u011f\u0131n\u0131 g\u00f6sterdi. Imperial College London Psikiyatri B\u00f6l\u00fcm Ba\u015fkan\u0131 Dr. Adrian James ara\u015ft\u0131rmayla ilgili, &#8220;Kovid-19&#8217;un zihinsel olarak ciddi sonu\u00e7lar\u0131 olabilece\u011fi a\u00e7\u0131k. Bu vir\u00fcs sadece fiziksel sa\u011fl\u0131\u011f\u0131m\u0131z i\u00e7in bir tehdit de\u011fil, ayn\u0131 zamanda hastal\u0131k s\u0131ras\u0131nda ve sonras\u0131nda ak\u0131l sa\u011fl\u0131\u011f\u0131m\u0131z i\u00e7in de \u00f6nemli riskler olu\u015fturuyor.&#8221; de\u011ferlendirmesini yapt\u0131. Imperial College London&#8217;dan ara\u015ft\u0131rma ekibinin [&hellip;]<\/p>\n","protected":false},"author":1,"featured_media":0,"comment_status":"open","ping_status":"open","sticky":false,"template":"","format":"standard","meta":{"ngg_post_thumbnail":0,"footnotes":""},"categories":[1],"tags":[],"class_list":["post-8087","post","type-post","status-publish","format-standard","hentry","category-genel"],"_links":{"self":[{"href":"https:\/\/by-tv.co.uk\/en\/wp-json\/wp\/v2\/posts\/8087","targetHints":{"allow":["GET"]}}],"collection":[{"href":"https:\/\/by-tv.co.uk\/en\/wp-json\/wp\/v2\/posts"}],"about":[{"href":"https:\/\/by-tv.co.uk\/en\/wp-json\/wp\/v2\/types\/post"}],"author":[{"embeddable":true,"href":"https:\/\/by-tv.co.uk\/en\/wp-json\/wp\/v2\/users\/1"}],"replies":[{"embeddable":true,"href":"https:\/\/by-tv.co.uk\/en\/wp-json\/wp\/v2\/comments?post=8087"}],"version-history":[{"count":0,"href":"https:\/\/by-tv.co.uk\/en\/wp-json\/wp\/v2\/posts\/8087\/revisions"}],"wp:attachment":[{"href":"https:\/\/by-tv.co.uk\/en\/wp-json\/wp\/v2\/media?parent=8087"}],"wp:term":[{"taxonomy":"category","embeddable":true,"href":"https:\/\/by-tv.co.uk\/en\/wp-json\/wp\/v2\/categories?post=8087"},{"taxonomy":"post_tag","embeddable":true,"href":"https:\/\/by-tv.co.uk\/en\/wp-json\/wp\/v2\/tags?post=8087"}],"curies":[{"name":"wp","href":"https:\/\/api.w.org\/{rel}","templated":true}]}}