{"id":8085,"date":"2021-02-11T20:29:55","date_gmt":"2021-02-11T20:29:55","guid":{"rendered":"https:\/\/by-tv.co.uk\/?p=8085"},"modified":"2021-05-30T12:03:01","modified_gmt":"2021-05-30T11:03:01","slug":"ingiltere-basbakanligi-finans-piyasalarinda-parcalanmanin-kimseye-yarari-yok","status":"publish","type":"post","link":"https:\/\/by-tv.co.uk\/en\/ingiltere-basbakanligi-finans-piyasalarinda-parcalanmanin-kimseye-yarari-yok\/","title":{"rendered":"\u0130ngiltere Ba\u015fbakanl\u0131\u011f\u0131: Finans piyasalar\u0131nda par\u00e7alanman\u0131n kimseye yarar\u0131 yok"},"content":{"rendered":"<h6>Londra AA<\/h6>\n<div>\n<p><strong>\u0130ngiltere Ba\u015fbakanl\u0131\u011f\u0131<\/strong>,&nbsp;<strong>finans merkezleri<\/strong>&nbsp;aras\u0131nda hisse senedi i\u015flemlerinde par\u00e7alanman\u0131n kimsenin yarar\u0131na olmayaca\u011f\u0131n\u0131 belirtti.<\/p>\n<p>Ba\u015fbakanl\u0131k a\u00e7\u0131klamas\u0131nda, &#8220;Gerekli t\u00fcm evraklar\u0131 sa\u011flam\u0131\u015f, d\u00fcnyan\u0131n en \u00f6nde gelen finans merkezlerinden biri olmam\u0131za ve g\u00fc\u00e7l\u00fc bir d\u00fczenleyici sisteme sahip bulunmam\u0131za ra\u011fmen AB hala bize tam denklik vermedi.&#8221; ifadesi kullan\u0131ld\u0131.<\/p>\n<p>AB taraf\u0131ndan gerekli denkliklerin sa\u011flanmamas\u0131 nedeniyle \u0130ngiltere&#8217;deki hisse senedi i\u015flemlerinin bir k\u0131sm\u0131n\u0131n yine AB&#8217;nin tavsiyesi ile AB \u00fclkelerine kayd\u0131\u011f\u0131 belirtilen a\u00e7\u0131klamada, &#8220;Bizim pozisyonumuz, finans merkezleri aras\u0131nda hisse senedi i\u015flemlerinde par\u00e7alanman\u0131n kimsenin yarar\u0131na olmayaca\u011f\u0131 y\u00f6n\u00fcnde.&#8221; denildi.<\/p><div id=\"briti-3855591716\" class=\"briti-icerik\" style=\"margin-top: 5px;margin-bottom: 5px;\"><a href=\"https:\/\/piaryum.com\/services\/\" aria-label=\"piaryum banner\"><img loading=\"lazy\" decoding=\"async\" src=\"https:\/\/by-tv.co.uk\/wp-content\/uploads\/2025\/12\/Gemini_Generated_Image_g5yqr1g5yqr1g5yq.jpg\" alt=\"\"  width=\"2064\" height=\"1152\"   \/><\/a><\/div>\n<h3>AB&#8217;ye Londra ile olan finans ba\u011f\u0131n\u0131 koparmamas\u0131 \u00e7a\u011fr\u0131s\u0131<\/h3>\n<p>\u0130ngiltere Merkez Bankas\u0131 (BoE) Ba\u015fkan\u0131 Andrew Bailey de BoE&#8217;nin web sitesinde yer alan de\u011ferlendirmesinde, AB&#8217;ye Londra ile olan finans ba\u011f\u0131n\u0131 koparmamas\u0131 \u00e7a\u011fr\u0131s\u0131nda bulundu.<\/p>\n<p>Bailey, &#8220;Korkar\u0131m ki AB&#8217;nin Birle\u015fik Krall\u0131k&#8217;ta sahip oldu\u011fumuz kural ve standartlara y\u00f6n verdi\u011fi ve bunlar\u0131 belirledi\u011fi bir d\u00fcnya i\u015fe yaramayacakt\u0131r. AB, \u0130ngiltere&#8217;yi kendisinden koparacak m\u0131? \u015eu anda bunu yapma niyetine dair i\u015faretler var ama bence bu bir hata olur.&#8221; ifadelerini kulland\u0131.<\/p>\n<p>AB, halihaz\u0131rda \u0130ngiltere borsalar\u0131n\u0131n Hollanda, Fransa ve Almanya&#8217;daki muadilleriyle ayn\u0131 denetim stat\u00fcs\u00fcne sahip oldu\u011funu kabul etmiyor.<\/p>\n<p>\u0130ngiltere ve AB aras\u0131nda Aral\u0131k 2020&#8217;de Serbest Ticaret Anla\u015fmas\u0131 \u00fczerinde uzla\u015f\u0131lmas\u0131n\u0131n ard\u0131ndan Mart 2021&#8217;de finans sekt\u00f6r\u00fcn\u00fc de kapsayacak bir mutabakata var\u0131lmas\u0131 hedefleniyor.<\/p>\n<p>Amsterdam, ge\u00e7en ay g\u00fcnl\u00fck ortalama hisse senedi i\u015flem hacminde Londra&#8217;y\u0131 geride b\u0131rakm\u0131\u015ft\u0131. Euronext Amsterdam, CBEO Europe Hollanda birimi ve Turquoise&#8217;da ocakta g\u00fcnl\u00fck ortalama hisse senedi i\u015flem hacmi toplam 9,2 milyar avro seviyesine ula\u015fm\u0131\u015ft\u0131. S\u00f6z konusu d\u00f6nemde Londra&#8217;da hisse senedi i\u015flem hacmi ise g\u00fcnl\u00fck 8,6 milyar avro seviyesinde ger\u00e7ekle\u015fmi\u015fti.<\/p>\n<\/div>\n<div id=\"briti-627282306\" class=\"briti-icerikten-sonra_2\" style=\"margin-top: 25px;margin-bottom: 25px;\"><a href=\"https:\/\/wa.me\/message\/NDZLLIOQT4H3O1\" aria-label=\"bytv reklam banner\"><img loading=\"lazy\" decoding=\"async\" src=\"https:\/\/by-tv.co.uk\/wp-content\/uploads\/2025\/12\/bytv-reklam-banner.jpg\" alt=\"\"  width=\"2376\" height=\"1008\"   \/><\/a><\/div>","protected":false},"excerpt":{"rendered":"<p>Londra AA \u0130ngiltere Ba\u015fbakanl\u0131\u011f\u0131,&nbsp;finans merkezleri&nbsp;aras\u0131nda hisse senedi i\u015flemlerinde par\u00e7alanman\u0131n kimsenin yarar\u0131na olmayaca\u011f\u0131n\u0131 belirtti. Ba\u015fbakanl\u0131k a\u00e7\u0131klamas\u0131nda, &#8220;Gerekli t\u00fcm evraklar\u0131 sa\u011flam\u0131\u015f, d\u00fcnyan\u0131n en \u00f6nde gelen finans merkezlerinden biri olmam\u0131za ve g\u00fc\u00e7l\u00fc bir d\u00fczenleyici sisteme sahip bulunmam\u0131za ra\u011fmen AB hala bize tam denklik vermedi.&#8221; ifadesi kullan\u0131ld\u0131. AB taraf\u0131ndan gerekli denkliklerin sa\u011flanmamas\u0131 nedeniyle \u0130ngiltere&#8217;deki hisse senedi i\u015flemlerinin bir k\u0131sm\u0131n\u0131n yine AB&#8217;nin tavsiyesi ile AB \u00fclkelerine kayd\u0131\u011f\u0131 belirtilen a\u00e7\u0131klamada, &#8220;Bizim pozisyonumuz, finans merkezleri aras\u0131nda hisse senedi i\u015flemlerinde par\u00e7alanman\u0131n kimsenin yarar\u0131na olmayaca\u011f\u0131 y\u00f6n\u00fcnde.&#8221; denildi. AB&#8217;ye Londra ile olan finans ba\u011f\u0131n\u0131 koparmamas\u0131 \u00e7a\u011fr\u0131s\u0131 \u0130ngiltere Merkez Bankas\u0131 (BoE) Ba\u015fkan\u0131 Andrew Bailey de BoE&#8217;nin web sitesinde yer alan de\u011ferlendirmesinde, [&hellip;]<\/p>\n","protected":false},"author":1,"featured_media":8027,"comment_status":"open","ping_status":"open","sticky":false,"template":"","format":"standard","meta":{"ngg_post_thumbnail":0,"footnotes":""},"categories":[1,3114],"tags":[],"class_list":["post-8085","post","type-post","status-publish","format-standard","has-post-thumbnail","hentry","category-genel","category-tr-uk-sta"],"_links":{"self":[{"href":"https:\/\/by-tv.co.uk\/en\/wp-json\/wp\/v2\/posts\/8085","targetHints":{"allow":["GET"]}}],"collection":[{"href":"https:\/\/by-tv.co.uk\/en\/wp-json\/wp\/v2\/posts"}],"about":[{"href":"https:\/\/by-tv.co.uk\/en\/wp-json\/wp\/v2\/types\/post"}],"author":[{"embeddable":true,"href":"https:\/\/by-tv.co.uk\/en\/wp-json\/wp\/v2\/users\/1"}],"replies":[{"embeddable":true,"href":"https:\/\/by-tv.co.uk\/en\/wp-json\/wp\/v2\/comments?post=8085"}],"version-history":[{"count":0,"href":"https:\/\/by-tv.co.uk\/en\/wp-json\/wp\/v2\/posts\/8085\/revisions"}],"wp:featuredmedia":[{"embeddable":true,"href":"https:\/\/by-tv.co.uk\/en\/wp-json\/wp\/v2\/media\/8027"}],"wp:attachment":[{"href":"https:\/\/by-tv.co.uk\/en\/wp-json\/wp\/v2\/media?parent=8085"}],"wp:term":[{"taxonomy":"category","embeddable":true,"href":"https:\/\/by-tv.co.uk\/en\/wp-json\/wp\/v2\/categories?post=8085"},{"taxonomy":"post_tag","embeddable":true,"href":"https:\/\/by-tv.co.uk\/en\/wp-json\/wp\/v2\/tags?post=8085"}],"curies":[{"name":"wp","href":"https:\/\/api.w.org\/{rel}","templated":true}]}}