{"id":8080,"date":"2021-02-10T19:09:35","date_gmt":"2021-02-10T19:09:35","guid":{"rendered":"https:\/\/by-tv.co.uk\/?p=8080"},"modified":"2021-02-10T19:09:35","modified_gmt":"2021-02-10T19:09:35","slug":"ingiltere-herkes-asi-olana-kadar-tatil-amaciyla-ulke-disina-yapilacak-seyahatlere-izin-vermeyecek","status":"publish","type":"post","link":"https:\/\/by-tv.co.uk\/en\/ingiltere-herkes-asi-olana-kadar-tatil-amaciyla-ulke-disina-yapilacak-seyahatlere-izin-vermeyecek\/","title":{"rendered":"\u0130ngiltere Ula\u015ft\u0131rma Bakan\u0131, herkes a\u015f\u0131 olana kadar tatil amac\u0131yla \u00fclke d\u0131\u015f\u0131na yap\u0131lacak seyahat m\u00fcmk\u00fcn olmayabilir"},"content":{"rendered":"<p>\u0130ngiltere Ula\u015ft\u0131rma Bakan\u0131 Grant Shapps, BBC&#8217;ye yapt\u0131\u011f\u0131 a\u00e7\u0131klamada, \u00fclke d\u0131\u015f\u0131na seyahat k\u0131s\u0131tlamalar\u0131n\u0131n kald\u0131r\u0131lmas\u0131 i\u00e7in neyin de\u011fi\u015fmesi gerekti\u011fine dair soruya, &#8220;Her \u015feyden \u00f6nce herkesin a\u015f\u0131lar\u0131n\u0131 yapt\u0131rmalar\u0131.&#8221; yan\u0131t\u0131n\u0131 verdi.<\/p>\n<p>Tatil rezervasyonu yapman\u0131n &#8220;\u00e7ok erken&#8221; oldu\u011fu konusunda uyar\u0131da bulunan Shapps, k\u0131s\u0131tlamalar\u0131n kald\u0131r\u0131lmas\u0131nda hem \u0130ngiltere&#8217;deki hem de ba\u015fka yerlerdeki a\u015f\u0131 yap\u0131lma oranlar\u0131n\u0131 dikkate alacaklar\u0131n\u0131 vurgulad\u0131.<\/p>\n<p>Shapps, 13 milyondan fazla ki\u015fiye a\u015f\u0131 yapt\u0131klar\u0131na, bunun da Avrupa Birli\u011fi (AB) \u00fclkelerinin tamam\u0131n\u0131n toplam\u0131ndan \u00e7ok daha fazla oldu\u011funa dikkati \u00e7ekerek, &#8220;Bu nedenle daha geni\u015f bir \u015fekilde uluslararas\u0131 seyahat yasa\u011f\u0131n\u0131 kald\u0131rabilmek i\u00e7in di\u011fer \u00fclkelerin de bize yeti\u015fmesini beklememiz gerekecek. \u00c7\u00fcnk\u00fc sadece buradaki durumu kontrol edebiliyoruz.&#8221; de\u011ferlendirmesinde bulundu.<\/p><div id=\"briti-1288001088\" class=\"briti-icerik\" style=\"margin-top: 5px;margin-bottom: 5px;\"><a href=\"https:\/\/piaryum.com\/services\/\" aria-label=\"piaryum banner\"><img loading=\"lazy\" decoding=\"async\" src=\"https:\/\/by-tv.co.uk\/wp-content\/uploads\/2025\/12\/Gemini_Generated_Image_g5yqr1g5yqr1g5yq.jpg\" alt=\"\"  width=\"2064\" height=\"1152\"   \/><\/a><\/div>\n<p>Bakan Shapps, insanlar\u0131n \u015fu anda ne yurt i\u00e7i ne de yurt d\u0131\u015f\u0131 tatil rezervasyonu yapmamas\u0131 gerekti\u011fini vurgulad\u0131.<\/p>\n<p>\u0130ngiltere, 5 Ocak&#8217;ta y\u00fcr\u00fcrl\u00fc\u011fe giren karantina kapsam\u0131nda, i\u015f ve sa\u011fl\u0131k gibi mecburi durumlar haricindeki t\u00fcm seyahatleri yasaklam\u0131\u015ft\u0131.<\/p>\n<p>May\u0131s ay\u0131na kadar yeti\u015fkinlerin b\u00fcy\u00fck b\u00f6l\u00fcm\u00fcn\u00fc a\u015f\u0131lamay\u0131 hedefleyen \u0130ngiliz h\u00fck\u00fcmeti, herkese a\u015f\u0131n\u0131n ilk dozunu uygulaman\u0131n eyl\u00fcl ay\u0131n\u0131 bulabilece\u011fini belirtiyor.<\/p>\n<p>AA<\/p>\n<div id=\"briti-1958907333\" class=\"briti-icerikten-sonra_2\" style=\"margin-top: 25px;margin-bottom: 25px;\"><a href=\"https:\/\/wa.me\/message\/NDZLLIOQT4H3O1\" aria-label=\"bytv reklam banner\"><img loading=\"lazy\" decoding=\"async\" src=\"https:\/\/by-tv.co.uk\/wp-content\/uploads\/2025\/12\/bytv-reklam-banner.jpg\" alt=\"\"  width=\"2376\" height=\"1008\"   \/><\/a><\/div>","protected":false},"excerpt":{"rendered":"<p>\u0130ngiltere Ula\u015ft\u0131rma Bakan\u0131 Grant Shapps, BBC&#8217;ye yapt\u0131\u011f\u0131 a\u00e7\u0131klamada, \u00fclke d\u0131\u015f\u0131na seyahat k\u0131s\u0131tlamalar\u0131n\u0131n kald\u0131r\u0131lmas\u0131 i\u00e7in neyin de\u011fi\u015fmesi gerekti\u011fine dair soruya, &#8220;Her \u015feyden \u00f6nce herkesin a\u015f\u0131lar\u0131n\u0131 yapt\u0131rmalar\u0131.&#8221; yan\u0131t\u0131n\u0131 verdi. Tatil rezervasyonu yapman\u0131n &#8220;\u00e7ok erken&#8221; oldu\u011fu konusunda uyar\u0131da bulunan Shapps, k\u0131s\u0131tlamalar\u0131n kald\u0131r\u0131lmas\u0131nda hem \u0130ngiltere&#8217;deki hem de ba\u015fka yerlerdeki a\u015f\u0131 yap\u0131lma oranlar\u0131n\u0131 dikkate alacaklar\u0131n\u0131 vurgulad\u0131. Shapps, 13 milyondan fazla ki\u015fiye a\u015f\u0131 yapt\u0131klar\u0131na, bunun da Avrupa Birli\u011fi (AB) \u00fclkelerinin tamam\u0131n\u0131n toplam\u0131ndan \u00e7ok daha fazla oldu\u011funa dikkati \u00e7ekerek, &#8220;Bu nedenle daha geni\u015f bir \u015fekilde uluslararas\u0131 seyahat yasa\u011f\u0131n\u0131 kald\u0131rabilmek i\u00e7in di\u011fer \u00fclkelerin de bize yeti\u015fmesini beklememiz gerekecek. \u00c7\u00fcnk\u00fc sadece buradaki durumu kontrol edebiliyoruz.&#8221; de\u011ferlendirmesinde bulundu. Bakan Shapps, [&hellip;]<\/p>\n","protected":false},"author":1,"featured_media":7678,"comment_status":"open","ping_status":"open","sticky":false,"template":"","format":"standard","meta":{"ngg_post_thumbnail":0,"footnotes":""},"categories":[15],"tags":[430,2592,1261,149,588,1312],"class_list":["post-8080","post","type-post","status-publish","format-standard","has-post-thumbnail","hentry","category-ingiltere","tag-birlesik-krallik","tag-erken-rezervasyon","tag-grant-shapps","tag-ingiltere","tag-koronavirus","tag-tatil"],"_links":{"self":[{"href":"https:\/\/by-tv.co.uk\/en\/wp-json\/wp\/v2\/posts\/8080","targetHints":{"allow":["GET"]}}],"collection":[{"href":"https:\/\/by-tv.co.uk\/en\/wp-json\/wp\/v2\/posts"}],"about":[{"href":"https:\/\/by-tv.co.uk\/en\/wp-json\/wp\/v2\/types\/post"}],"author":[{"embeddable":true,"href":"https:\/\/by-tv.co.uk\/en\/wp-json\/wp\/v2\/users\/1"}],"replies":[{"embeddable":true,"href":"https:\/\/by-tv.co.uk\/en\/wp-json\/wp\/v2\/comments?post=8080"}],"version-history":[{"count":0,"href":"https:\/\/by-tv.co.uk\/en\/wp-json\/wp\/v2\/posts\/8080\/revisions"}],"wp:featuredmedia":[{"embeddable":true,"href":"https:\/\/by-tv.co.uk\/en\/wp-json\/wp\/v2\/media\/7678"}],"wp:attachment":[{"href":"https:\/\/by-tv.co.uk\/en\/wp-json\/wp\/v2\/media?parent=8080"}],"wp:term":[{"taxonomy":"category","embeddable":true,"href":"https:\/\/by-tv.co.uk\/en\/wp-json\/wp\/v2\/categories?post=8080"},{"taxonomy":"post_tag","embeddable":true,"href":"https:\/\/by-tv.co.uk\/en\/wp-json\/wp\/v2\/tags?post=8080"}],"curies":[{"name":"wp","href":"https:\/\/api.w.org\/{rel}","templated":true}]}}