{"id":8078,"date":"2021-02-10T16:27:22","date_gmt":"2021-02-10T16:27:22","guid":{"rendered":"https:\/\/by-tv.co.uk\/?p=8078"},"modified":"2021-05-30T12:03:19","modified_gmt":"2021-05-30T11:03:19","slug":"henuz-cin-tonik-ve-fistik-asamasina-gelmedik","status":"publish","type":"post","link":"https:\/\/by-tv.co.uk\/en\/henuz-cin-tonik-ve-fistik-asamasina-gelmedik\/","title":{"rendered":"Hen\u00fcz cin tonik ve f\u0131st\u0131k a\u015famas\u0131na gelmedik"},"content":{"rendered":"<p>\u0130ngiltere\u2019nin Brexit Ba\u015fm\u00fczakerecisi David Frost, AB ile Brexit anla\u015fmas\u0131n\u0131n uygulanmas\u0131n\u0131n, Ortak pazar ve G\u00fcmr\u00fck Birli\u011fi&#8217;nden \u00e7\u0131k\u015ftan bu yana &#8220;\u00e7ok engebeli&#8221; oldu\u011funu kabul etti. David Frost, Londra ve Br\u00fcksel&#8217;in umduklar\u0131 \u201cegemen e\u015fitler aras\u0131ndaki dostane i\u015fbirli\u011fini\u201d ba\u015faramad\u0131klar\u0131n\u0131 s\u00f6yledi. Covid 19 a\u015f\u0131lar\u0131 konusundaki anla\u015fmazl\u0131klar\u0131 ve Kuzey \u0130rlanda ile ticaretteki aksamalar\u0131 \u00f6rnek g\u00f6sterdi.<\/p>\n<h4>&#8220;Son alt\u0131 haftad\u0131r zorlu bir d\u00f6nem oldu&#8221;<\/h4>\n<p>\u0130ngiltere&#8217;nin Brexit ve Uluslararas\u0131 Politika temsilcisi David Frost, Sal\u0131 g\u00fcn\u00fc bir parlamento komitesine verdi\u011fi deme\u00e7te, &#8220;Son alt\u0131 haftad\u0131r zorlu bir d\u00f6nem oldu&#8221; dedi. Umar\u0131m bunu a\u015far\u0131z diye kaydetti.<\/p>\n<h4>Brexit &#8216;ini\u015fli \u00e7\u0131k\u0131\u015fl\u0131 olmaktan fazlas\u0131&#8217;<\/h4>\n<p>\u0130ngiltere ad\u0131na AB ile serbest ticaret anla\u015fmas\u0131n\u0131 m\u00fczakere eden Frost, 2021&#8217;de, AB&#8217;nin Birle\u015fik Krall\u0131k&#8217;\u0131n a\u015f\u0131 uygulamas\u0131na yakla\u015f\u0131m\u0131na, s\u0131n\u0131r bekletmelerine ve diplomatik misyonlar\u0131n akreditasyonuna y\u00f6nelik ele\u015ftirilerini bu nedenle ortaya \u00e7\u0131kan sorunlar olarak belirledi.&nbsp;<\/p><div id=\"briti-159941866\" class=\"briti-icerik\" style=\"margin-top: 5px;margin-bottom: 5px;\"><a href=\"https:\/\/piaryum.com\/services\/\" aria-label=\"piaryum banner\"><img loading=\"lazy\" decoding=\"async\" src=\"https:\/\/by-tv.co.uk\/wp-content\/uploads\/2025\/12\/Gemini_Generated_Image_g5yqr1g5yqr1g5yq.jpg\" alt=\"\"  width=\"2064\" height=\"1152\"   \/><\/a><\/div>\n<h4>&#8220;Hen\u00fcz cin tonik ve f\u0131st\u0131k a\u015famas\u0131na gelmedik&#8221;<\/h4>\n<p>Devlet Bakan\u0131 Michael Gove ise; durumu, bir u\u00e7a\u011f\u0131n seyir y\u00fcksekli\u011finde istikrarl\u0131 bir u\u00e7u\u015fa ge\u00e7meden \u00f6nce kalk\u0131\u015f s\u0131ras\u0131nda ya\u015fad\u0131\u011f\u0131 t\u00fcrb\u00fclansa benzetti.<\/p>\n<p>Gove; bu noktada, &#8220;m\u00fcrettebat size emniyet kemerinizi \u00e7\u0131karman\u0131z\u0131 ve bir cin tonik ve biraz yer f\u0131st\u0131\u011f\u0131n\u0131n tad\u0131n\u0131 \u00e7\u0131karman\u0131z\u0131 s\u00f6yl\u00fcyor,&#8221; dedi . Gove&#8217;a g\u00f6re hen\u00fcz cin tonik ve f\u0131st\u0131k a\u015famas\u0131na gelmedik.<\/p>\n<p>Gove, Kuzey \u0130rlanda ile alakal\u0131 Brexit anla\u015fmas\u0131ndaki sorunlar\u0131 g\u00f6r\u00fc\u015fmek \u00fczere Per\u015fembe g\u00fcn\u00fc Avrupa Komisyonu Ba\u015fkan Yard\u0131mc\u0131s\u0131 Maros Sefcovic ile g\u00f6r\u00fc\u015fecek ve b\u00f6lgeyi kapsayan ticari \u00f6demesiz d\u00f6nemlerin uzat\u0131lmas\u0131 \u00e7a\u011fr\u0131s\u0131nda bulundu.<\/p>\n<p>&nbsp;<\/p>\n<div id=\"briti-949669269\" class=\"briti-icerikten-sonra_2\" style=\"margin-top: 25px;margin-bottom: 25px;\"><a href=\"https:\/\/wa.me\/message\/NDZLLIOQT4H3O1\" aria-label=\"bytv reklam banner\"><img loading=\"lazy\" decoding=\"async\" src=\"https:\/\/by-tv.co.uk\/wp-content\/uploads\/2025\/12\/bytv-reklam-banner.jpg\" alt=\"\"  width=\"2376\" height=\"1008\"   \/><\/a><\/div>","protected":false},"excerpt":{"rendered":"<p>\u0130ngiltere\u2019nin Brexit Ba\u015fm\u00fczakerecisi David Frost, AB ile Brexit anla\u015fmas\u0131n\u0131n uygulanmas\u0131n\u0131n, Ortak pazar ve G\u00fcmr\u00fck Birli\u011fi&#8217;nden \u00e7\u0131k\u015ftan bu yana &#8220;\u00e7ok engebeli&#8221; oldu\u011funu kabul etti. David Frost, Londra ve Br\u00fcksel&#8217;in umduklar\u0131 \u201cegemen e\u015fitler aras\u0131ndaki dostane i\u015fbirli\u011fini\u201d ba\u015faramad\u0131klar\u0131n\u0131 s\u00f6yledi. Covid 19 a\u015f\u0131lar\u0131 konusundaki anla\u015fmazl\u0131klar\u0131 ve Kuzey \u0130rlanda ile ticaretteki aksamalar\u0131 \u00f6rnek g\u00f6sterdi. &#8220;Son alt\u0131 haftad\u0131r zorlu bir d\u00f6nem oldu&#8221; \u0130ngiltere&#8217;nin Brexit ve Uluslararas\u0131 Politika temsilcisi David Frost, Sal\u0131 g\u00fcn\u00fc bir parlamento komitesine verdi\u011fi deme\u00e7te, &#8220;Son alt\u0131 haftad\u0131r zorlu bir d\u00f6nem oldu&#8221; dedi. Umar\u0131m bunu a\u015far\u0131z diye kaydetti. Brexit &#8216;ini\u015fli \u00e7\u0131k\u0131\u015fl\u0131 olmaktan fazlas\u0131&#8217; \u0130ngiltere ad\u0131na AB ile serbest ticaret anla\u015fmas\u0131n\u0131 m\u00fczakere eden Frost, 2021&#8217;de, [&hellip;]<\/p>\n","protected":false},"author":1,"featured_media":7402,"comment_status":"open","ping_status":"open","sticky":false,"template":"","format":"standard","meta":{"ngg_post_thumbnail":0,"footnotes":""},"categories":[1,3114],"tags":[],"class_list":["post-8078","post","type-post","status-publish","format-standard","has-post-thumbnail","hentry","category-genel","category-tr-uk-sta"],"_links":{"self":[{"href":"https:\/\/by-tv.co.uk\/en\/wp-json\/wp\/v2\/posts\/8078","targetHints":{"allow":["GET"]}}],"collection":[{"href":"https:\/\/by-tv.co.uk\/en\/wp-json\/wp\/v2\/posts"}],"about":[{"href":"https:\/\/by-tv.co.uk\/en\/wp-json\/wp\/v2\/types\/post"}],"author":[{"embeddable":true,"href":"https:\/\/by-tv.co.uk\/en\/wp-json\/wp\/v2\/users\/1"}],"replies":[{"embeddable":true,"href":"https:\/\/by-tv.co.uk\/en\/wp-json\/wp\/v2\/comments?post=8078"}],"version-history":[{"count":0,"href":"https:\/\/by-tv.co.uk\/en\/wp-json\/wp\/v2\/posts\/8078\/revisions"}],"wp:featuredmedia":[{"embeddable":true,"href":"https:\/\/by-tv.co.uk\/en\/wp-json\/wp\/v2\/media\/7402"}],"wp:attachment":[{"href":"https:\/\/by-tv.co.uk\/en\/wp-json\/wp\/v2\/media?parent=8078"}],"wp:term":[{"taxonomy":"category","embeddable":true,"href":"https:\/\/by-tv.co.uk\/en\/wp-json\/wp\/v2\/categories?post=8078"},{"taxonomy":"post_tag","embeddable":true,"href":"https:\/\/by-tv.co.uk\/en\/wp-json\/wp\/v2\/tags?post=8078"}],"curies":[{"name":"wp","href":"https:\/\/api.w.org\/{rel}","templated":true}]}}