{"id":7908,"date":"2021-01-28T00:52:10","date_gmt":"2021-01-28T00:52:10","guid":{"rendered":"https:\/\/by-tv.co.uk\/?p=7908"},"modified":"2021-01-28T11:32:07","modified_gmt":"2021-01-28T11:32:07","slug":"bir-dakika-britanya-27-ocak-2021","status":"publish","type":"post","link":"https:\/\/by-tv.co.uk\/en\/bir-dakika-britanya-27-ocak-2021\/","title":{"rendered":"Bir Dakika Britanya , 27 Ocak 2021"},"content":{"rendered":"<p>#27Ocak2021&nbsp;<a href=\"https:\/\/www.instagram.com\/explore\/tags\/birdakikabritanya\/\" target=\"_blank\" rel=\"noopener\">#birdakikabritanya<\/a><br \/>\n\ud83d\udccc1 dakikada Britanya<br \/>\n\ud83d\uddd3\ufe0fHer g\u00fcn burada<br \/>\n\ud83d\udc49Britanya g\u00fcndeminin 60 saniyelik \u00f6zeti<\/p>\n<p><iframe loading=\"lazy\" src=\"https:\/\/www.youtube.com\/embed\/TkBvotkUz5I\" width=\"791\" height=\"723\" frameborder=\"0\" allowfullscreen=\"allowfullscreen\"><\/iframe><br \/>\n\ud83d\udc49Ba\u015fbakan Boris Johnson, Kovid-19\u2019un yurt d\u0131\u015f\u0131 kaynakl\u0131 yeni t\u00fcrlerinin \u00fclkeye giri\u015fini engellemek amac\u0131yla bir dizi tedbir ald\u0131klar\u0131n\u0131 ve bu kapsamda seyahat yasa\u011f\u0131 uygulanan \u201ck\u0131rm\u0131z\u0131 liste\u201ddeki \u00fclkelerden gelecek \u0130ngiliz vatanda\u015flar\u0131n\u0131n otellerde 10 g\u00fcn karantinaya al\u0131naca\u011f\u0131n\u0131 duyurdu. Uygulama \u0130ngiliz vatanda\u015flar\u0131 ve \u0130ngiltere&#8217;de oturma izni olanlar\u0131 da kapsayacak. Otellerde karantinaya girenler, otel \u00fccretlerini kendileri \u00f6deyecek.<\/p>\n<p><strong>\u0130\u015fte K\u0131rm\u0131z\u0131 Listedeki Yerler<\/strong><\/p><div id=\"briti-929772957\" class=\"briti-icerik\" style=\"margin-top: 5px;margin-bottom: 5px;\"><a href=\"https:\/\/piaryum.com\/services\/\" aria-label=\"piaryum banner\"><img loading=\"lazy\" decoding=\"async\" src=\"https:\/\/by-tv.co.uk\/wp-content\/uploads\/2025\/12\/Gemini_Generated_Image_g5yqr1g5yqr1g5yq.jpg\" alt=\"\"  width=\"2064\" height=\"1152\"   \/><\/a><\/div>\n<p>Angola, Arjantin, Bolivya Botsvana,<br \/>\nBrezilya, Cape Verde ,\u015eili, Kolombiya<br \/>\nKongo Demokratik Cumhuriyeti, Ekvador<br \/>\nEswatini, Frans\u0131z Guyanas\u0131, Guyana<br \/>\nLesoto, Malawi, Mauritius, Mozambik<br \/>\nNamibya, Panama, Paraguay, Peru<br \/>\nPortekiz (Madeira ve Azorlar dahil)<br \/>\nSey\u015feller, G\u00fcney Afrika, Surinam, Tanzanya<br \/>\nUruguay, Venezuela, Zambiya, Zimbabve<\/p>\n<p>\ud83d\udc49\u0130ngiltere\u2019de 8 Mart\u2019ta y\u00fcz y\u00fcze e\u011fitime ge\u00e7ilebilir. \u00dclkede y\u00fcz y\u00fcze e\u011fitimin yeniden ba\u015flamas\u0131n\u0131n a\u015f\u0131lama hedeflerine ba\u011fl\u0131 oldu\u011funu ifade eden Ba\u015fbakan Johnson, okullar\u0131n 15 \u015eubat\u2019tan \u00f6nce yeniden a\u00e7\u0131lmas\u0131n\u0131n m\u00fcmk\u00fcn olmad\u0131\u011f\u0131n\u0131 ancak 8 Mart\u2019tan itibaren \u00f6\u011frencilerin y\u00fcz y\u00fcze e\u011fitime ge\u00e7ebilece\u011fini umdu\u011funu s\u00f6yledi. Johnson Avam Kamaras\u0131nda yapt\u0131\u011f\u0131 konu\u015fmada,&nbsp;ulusal karantinan\u0131n devam etti\u011fi \u00fclkede, \u00f6nlemlerin hafifletilmesine y\u00f6nelik bir plan\u0131 22 \u015eubat\u2019ta yay\u0131nlayacaklar\u0131n\u0131 s\u00f6yledi.<\/p>\n<p>&nbsp;<\/p>\n<p>\ud83d\udc49\u0130\u00e7i\u015fleri Bakan\u0131 Priti Patel&nbsp;Tatil amac\u0131yla yap\u0131lacak seyahatlerin yasak oldu\u011fu uyar\u0131s\u0131nda bulundu ve gerekli haller d\u0131\u015f\u0131nda \u0130ngiltere\u2019den yurt d\u0131\u015f\u0131na yap\u0131lacak t\u00fcm seyahatlerin yasakland\u0131\u011f\u0131n\u0131 ve \u00fclkeden ayr\u0131lmak isteyenlerin g\u00fcmr\u00fck g\u00f6revlilerine gerek\u00e7elerini beyan etmesinin zorunlu hale getirildi\u011fini aktard\u0131.<\/p>\n<p>&nbsp;<\/p>\n<p>@alfemohomeuk @robinfooduk @bambihomeuk @sadlerandfrost<\/p>\n<p>&nbsp;<a href=\"http:\/\/www.sadlerandfrost.com\" target=\"_blank\" rel=\"noopener\">www.sadlerandfrost.com<\/a><\/p>\n<p><a href=\"https:\/\/www.instagram.com\/neoresonance\/\" target=\"_blank\" rel=\"noopener\">@neoresonance<\/a>&nbsp;<a href=\"https:\/\/www.instagram.com\/dr._emre_toker\/\" target=\"_blank\" rel=\"noopener\">@dr._emre_toker<\/a><br \/>\nNeo-Resonance &amp; Coaching katk\u0131lar\u0131yla haz\u0131rlanm\u0131\u015ft\u0131r.<br \/>\n&nbsp;<br \/>\nBrit-\u0130\u015f Ya\u015fam TV<br \/>\n\ud83c\udfa5Britanya&#8217;daki \u0130\u015f ve Ya\u015fam Kanal\u0131n\u0131z<br \/>\nwww.by-tv.co.uk<\/p>\n<p>#lockdown #ingiltere #briti\u015fya\u015famtv #ingilteret\u00fcrkleri #yurtd\u0131\u015f\u0131e\u011fitim #londral\u0131t\u00fcrkler #london #londra #londratvprogram #londraya\u015fam #briti\u015fya\u015fam #britanya #ingilteret\u00fcrkiye #t\u00fcrkiyeingiltere #londonbusiness #ingilterei\u015finsanlar\u0131 #cambridge #scotlandturkey #londramoda #londrasa\u011fl\u0131k #londrae\u011fitim #ingilteree\u011fitim #birle\u015fikkrall\u0131kya\u015fam #ankaraanla\u015fmas\u0131 #yurtd\u0131\u015f\u0131vize #oturumvizesi #ingiltereg\u00fcndemi<\/p>\n<p>&nbsp;<\/p>\n<p>&nbsp;<\/p>\n<div id=\"briti-1888134897\" class=\"briti-icerikten-sonra_2\" style=\"margin-top: 25px;margin-bottom: 25px;\"><a href=\"https:\/\/wa.me\/message\/NDZLLIOQT4H3O1\" aria-label=\"bytv reklam banner\"><img loading=\"lazy\" decoding=\"async\" src=\"https:\/\/by-tv.co.uk\/wp-content\/uploads\/2025\/12\/bytv-reklam-banner.jpg\" alt=\"\"  width=\"2376\" height=\"1008\"   \/><\/a><\/div>","protected":false},"excerpt":{"rendered":"<p>#27Ocak2021&nbsp;#birdakikabritanya \ud83d\udccc1 dakikada Britanya \ud83d\uddd3\ufe0fHer g\u00fcn burada \ud83d\udc49Britanya g\u00fcndeminin 60 saniyelik \u00f6zeti \ud83d\udc49Ba\u015fbakan Boris Johnson, Kovid-19\u2019un yurt d\u0131\u015f\u0131 kaynakl\u0131 yeni t\u00fcrlerinin \u00fclkeye giri\u015fini engellemek amac\u0131yla bir dizi tedbir ald\u0131klar\u0131n\u0131 ve bu kapsamda seyahat yasa\u011f\u0131 uygulanan \u201ck\u0131rm\u0131z\u0131 liste\u201ddeki \u00fclkelerden gelecek \u0130ngiliz vatanda\u015flar\u0131n\u0131n otellerde 10 g\u00fcn karantinaya al\u0131naca\u011f\u0131n\u0131 duyurdu. Uygulama \u0130ngiliz vatanda\u015flar\u0131 ve \u0130ngiltere&#8217;de oturma izni olanlar\u0131 da kapsayacak. Otellerde karantinaya girenler, otel \u00fccretlerini kendileri \u00f6deyecek. \u0130\u015fte K\u0131rm\u0131z\u0131 Listedeki Yerler Angola, Arjantin, Bolivya Botsvana, Brezilya, Cape Verde ,\u015eili, Kolombiya Kongo Demokratik Cumhuriyeti, Ekvador Eswatini, Frans\u0131z Guyanas\u0131, Guyana Lesoto, Malawi, Mauritius, Mozambik Namibya, Panama, Paraguay, Peru Portekiz (Madeira ve Azorlar dahil) Sey\u015feller, G\u00fcney [&hellip;]<\/p>\n","protected":false},"author":1,"featured_media":0,"comment_status":"open","ping_status":"open","sticky":false,"template":"","format":"standard","meta":{"ngg_post_thumbnail":0,"footnotes":""},"categories":[15],"tags":[],"class_list":["post-7908","post","type-post","status-publish","format-standard","hentry","category-ingiltere"],"_links":{"self":[{"href":"https:\/\/by-tv.co.uk\/en\/wp-json\/wp\/v2\/posts\/7908","targetHints":{"allow":["GET"]}}],"collection":[{"href":"https:\/\/by-tv.co.uk\/en\/wp-json\/wp\/v2\/posts"}],"about":[{"href":"https:\/\/by-tv.co.uk\/en\/wp-json\/wp\/v2\/types\/post"}],"author":[{"embeddable":true,"href":"https:\/\/by-tv.co.uk\/en\/wp-json\/wp\/v2\/users\/1"}],"replies":[{"embeddable":true,"href":"https:\/\/by-tv.co.uk\/en\/wp-json\/wp\/v2\/comments?post=7908"}],"version-history":[{"count":0,"href":"https:\/\/by-tv.co.uk\/en\/wp-json\/wp\/v2\/posts\/7908\/revisions"}],"wp:attachment":[{"href":"https:\/\/by-tv.co.uk\/en\/wp-json\/wp\/v2\/media?parent=7908"}],"wp:term":[{"taxonomy":"category","embeddable":true,"href":"https:\/\/by-tv.co.uk\/en\/wp-json\/wp\/v2\/categories?post=7908"},{"taxonomy":"post_tag","embeddable":true,"href":"https:\/\/by-tv.co.uk\/en\/wp-json\/wp\/v2\/tags?post=7908"}],"curies":[{"name":"wp","href":"https:\/\/api.w.org\/{rel}","templated":true}]}}