{"id":7905,"date":"2021-01-27T19:33:30","date_gmt":"2021-01-27T19:33:30","guid":{"rendered":"https:\/\/by-tv.co.uk\/?p=7905"},"modified":"2021-01-27T19:33:30","modified_gmt":"2021-01-27T19:33:30","slug":"ingilterede-kovid-19-nedeniyle-son-24-saatte-1725-kisi-hayatini-kaybetti","status":"publish","type":"post","link":"https:\/\/by-tv.co.uk\/en\/ingilterede-kovid-19-nedeniyle-son-24-saatte-1725-kisi-hayatini-kaybetti\/","title":{"rendered":"\u0130ngiltere&#8217;de Kovid-19 nedeniyle son 24 saatte 1725 ki\u015fi hayat\u0131n\u0131 kaybetti"},"content":{"rendered":"<p><strong>\u0130ngiltere&nbsp;<\/strong>Sa\u011fl\u0131k Bakanl\u0131\u011f\u0131n\u0131n yay\u0131mlad\u0131\u011f\u0131 verilere g\u00f6re, \u00fclkede son 24 saatte 25 bin 308&nbsp;<strong>yeni tip koronavir\u00fcs<\/strong>&nbsp;(Kovid-19) vakas\u0131 tespit edildi, vaka say\u0131s\u0131 3 milyon 715 bin 54&#8217;e \u00e7\u0131kt\u0131.<\/p>\n<p>Son 24 saatte 1725 ki\u015finin daha hayat\u0131n\u0131 kaybetmesiyle can kayb\u0131 say\u0131s\u0131 101 bin 887&#8217;ye y\u00fckseldi. \u0130ngiltere, Avrupa&#8217;da Kovid-19 nedeniyle en \u00e7ok can kayb\u0131n\u0131n ya\u015fand\u0131\u011f\u0131 \u00fclke olmaya devam ediyor.<\/p>\n<p>Kovid-19 a\u015f\u0131s\u0131n\u0131n ilk dozunu yapt\u0131ranlar\u0131n say\u0131s\u0131 7 milyon 164 bin 387&#8217;ye ula\u015ft\u0131, bunlardan 474 bin 156&#8217;s\u0131na ikinci doz a\u015f\u0131 uyguland\u0131.<\/p><div id=\"briti-290631287\" class=\"briti-icerik\" style=\"margin-top: 5px;margin-bottom: 5px;\"><a href=\"https:\/\/piaryum.com\/services\/\" aria-label=\"piaryum banner\"><img loading=\"lazy\" decoding=\"async\" src=\"https:\/\/by-tv.co.uk\/wp-content\/uploads\/2025\/12\/Gemini_Generated_Image_g5yqr1g5yqr1g5yq.jpg\" alt=\"\"  width=\"2064\" height=\"1152\"   \/><\/a><\/div>\n<p>\u00dclkede Kovid-19 nedeniyle 37 bin 605 ki\u015finin hastanelerde tedavisi s\u00fcr\u00fcyor, bu ki\u015filerden 3 bin 961&#8217;i yo\u011fun bak\u0131mda bulunuyor.<\/p>\n<p>Bir g\u00fcnde 596 bin 845 test yap\u0131l\u0131rken, test say\u0131s\u0131 m\u00fckerrerler dahil 67 milyon 40 bin 373 oldu.<\/p>\n<h3>&#8220;Riskli \u00fclkeler&#8221;den gelen \u0130ngiliz vatanda\u015flar\u0131 karantinaya al\u0131nacak<\/h3>\n<p>\u0130ngiltere Ba\u015fbakan\u0131 Boris Johnson ise Avam Kamaras\u0131nda yapt\u0131\u011f\u0131 konu\u015fmada,&nbsp;<strong>ulusal karantina<\/strong>n\u0131n devam etti\u011fi \u00fclkede, \u00f6nlemlerin hafifletilmesine y\u00f6nelik bir plan\u0131 22 \u015eubat\u2019ta yay\u0131nlayacaklar\u0131n\u0131 s\u00f6yledi.<\/p>\n<p>A\u015f\u0131lamada \u00f6ncelikliler listesinde yer alan ilk 4 grubun tamam\u0131na Kovid-19 a\u015f\u0131s\u0131n\u0131n yap\u0131lmas\u0131 hedefine yakla\u015ft\u0131klar\u0131n\u0131 vurgulayan Johnson, 80 ya\u015f\u0131n \u00fczerindekilerin be\u015fte d\u00f6rd\u00fcne, 75-79 ya\u015f aral\u0131\u011f\u0131ndakilerin yar\u0131s\u0131ndan fazlas\u0131na ve bak\u0131mevi \u00e7al\u0131\u015fanlar\u0131n\u0131n d\u00f6rtte \u00fc\u00e7\u00fcne Kovid-19 a\u015f\u0131s\u0131n\u0131n ilk dozunun yap\u0131ld\u0131\u011f\u0131 bilgisini payla\u015ft\u0131.<\/p>\n<p>Johnson, Kovid-19&#8217;un yurt d\u0131\u015f\u0131 kaynakl\u0131 yeni t\u00fcrlerinin \u00fclkeye giri\u015fini engellemek amac\u0131yla bir dizi tedbir ald\u0131klar\u0131n\u0131 ve bu kapsamda seyahat yasa\u011f\u0131 uygulanan &#8220;k\u0131rm\u0131z\u0131 liste&#8221;deki \u00fclkelerden gelecek \u0130ngiliz vatanda\u015flar\u0131n\u0131n otellerde 10 g\u00fcn karantinaya al\u0131naca\u011f\u0131n\u0131 duyurdu.<\/p>\n<h3>&#8220;8 Mart&#8217;ta y\u00fcz y\u00fcze e\u011fitime ge\u00e7ilebilir&#8221;<\/h3>\n<p>\u00dclkede y\u00fcz y\u00fcze e\u011fitimin yeniden ba\u015flamas\u0131n\u0131n a\u015f\u0131lama hedeflerine ba\u011fl\u0131 oldu\u011funu ifade eden Johnson, okullar\u0131n 15 \u015eubat&#8217;tan \u00f6nce yeniden a\u00e7\u0131lmas\u0131n\u0131n m\u00fcmk\u00fcn olmad\u0131\u011f\u0131n\u0131 ancak 8 Mart&#8217;tan itibaren \u00f6\u011frencilerin y\u00fcz y\u00fcze e\u011fitime ge\u00e7ebilece\u011fini umdu\u011funu s\u00f6yledi.<\/p>\n<p>\u0130\u00e7i\u015fleri Bakan\u0131 Priti Patel de Avam Kamaras\u0131nda yapt\u0131\u011f\u0131 konu\u015fmada, Kovid-19\u2019un daha h\u0131zl\u0131 yay\u0131lan yeni t\u00fcrlerinin \u00fclkeye giri\u015fini engellemek i\u00e7in ald\u0131klar\u0131 kararlar\u0131 a\u00e7\u0131klad\u0131.<\/p>\n<p>Patel, bu kapsamda havaalanlar\u0131nda ve limanlarda polis say\u0131s\u0131n\u0131n art\u0131r\u0131ld\u0131\u011f\u0131n\u0131, gelen yolcular\u0131n karantinaya girdi\u011finden emin olmak i\u00e7in kontrollerin s\u0131k\u0131la\u015ft\u0131r\u0131ld\u0131\u011f\u0131n\u0131 ve \u0130ngiliz vatanda\u015f\u0131 olmayanlar\u0131n &#8220;k\u0131rm\u0131z\u0131 liste&#8221;de yer alan \u00fclkelerden \u0130ngiltere&#8217;ye giri\u015finin engellendi\u011fini belirtti.<\/p>\n<p>Tatil amac\u0131yla yap\u0131lacak seyahatlerin yasak oldu\u011fu uyar\u0131s\u0131nda bulunan Patel, gerekli haller d\u0131\u015f\u0131nda \u0130ngiltere\u2019den yurt d\u0131\u015f\u0131na yap\u0131lacak t\u00fcm seyahatlerin yasakland\u0131\u011f\u0131n\u0131 ve \u00fclkeden ayr\u0131lmak isteyenlerin g\u00fcmr\u00fck g\u00f6revlilerine gerek\u00e7elerini beyan etmesinin zorunlu hale getirildi\u011fini aktard\u0131.<\/p>\n<p>\u0130ngiltere, daha \u00f6nce aralar\u0131nda G\u00fcney Afrika, Portekiz ve Brezilya\u2019n\u0131n da bulundu\u011fu 22 \u00fclkeye seyahat yasa\u011f\u0131 getirmi\u015fti.<\/p>\n<p>Seyahat yasa\u011f\u0131 uygulanan \u00fclkelerden gelen \u0130ngiliz vatanda\u015flar\u0131na da son 72 saat i\u00e7erisinde al\u0131nan negatif PCR testini g\u00f6sterme ve evlerinde 10 g\u00fcn karantinaya girme zorunlulu\u011fu getirilmi\u015fti.<\/p>\n<div id=\"briti-749569985\" class=\"briti-icerikten-sonra_2\" style=\"margin-top: 25px;margin-bottom: 25px;\"><a href=\"https:\/\/wa.me\/message\/NDZLLIOQT4H3O1\" aria-label=\"bytv reklam banner\"><img loading=\"lazy\" decoding=\"async\" src=\"https:\/\/by-tv.co.uk\/wp-content\/uploads\/2025\/12\/bytv-reklam-banner.jpg\" alt=\"\"  width=\"2376\" height=\"1008\"   \/><\/a><\/div>","protected":false},"excerpt":{"rendered":"<p>\u0130ngiltere&nbsp;Sa\u011fl\u0131k Bakanl\u0131\u011f\u0131n\u0131n yay\u0131mlad\u0131\u011f\u0131 verilere g\u00f6re, \u00fclkede son 24 saatte 25 bin 308&nbsp;yeni tip koronavir\u00fcs&nbsp;(Kovid-19) vakas\u0131 tespit edildi, vaka say\u0131s\u0131 3 milyon 715 bin 54&#8217;e \u00e7\u0131kt\u0131. Son 24 saatte 1725 ki\u015finin daha hayat\u0131n\u0131 kaybetmesiyle can kayb\u0131 say\u0131s\u0131 101 bin 887&#8217;ye y\u00fckseldi. \u0130ngiltere, Avrupa&#8217;da Kovid-19 nedeniyle en \u00e7ok can kayb\u0131n\u0131n ya\u015fand\u0131\u011f\u0131 \u00fclke olmaya devam ediyor. Kovid-19 a\u015f\u0131s\u0131n\u0131n ilk dozunu yapt\u0131ranlar\u0131n say\u0131s\u0131 7 milyon 164 bin 387&#8217;ye ula\u015ft\u0131, bunlardan 474 bin 156&#8217;s\u0131na ikinci doz a\u015f\u0131 uyguland\u0131. \u00dclkede Kovid-19 nedeniyle 37 bin 605 ki\u015finin hastanelerde tedavisi s\u00fcr\u00fcyor, bu ki\u015filerden 3 bin 961&#8217;i yo\u011fun bak\u0131mda bulunuyor. Bir g\u00fcnde 596 bin 845 test yap\u0131l\u0131rken, test say\u0131s\u0131 [&hellip;]<\/p>\n","protected":false},"author":1,"featured_media":7862,"comment_status":"open","ping_status":"open","sticky":false,"template":"","format":"standard","meta":{"ngg_post_thumbnail":0,"footnotes":""},"categories":[969,15],"tags":[],"class_list":["post-7905","post","type-post","status-publish","format-standard","has-post-thumbnail","hentry","category-gocmenlik","category-ingiltere"],"_links":{"self":[{"href":"https:\/\/by-tv.co.uk\/en\/wp-json\/wp\/v2\/posts\/7905","targetHints":{"allow":["GET"]}}],"collection":[{"href":"https:\/\/by-tv.co.uk\/en\/wp-json\/wp\/v2\/posts"}],"about":[{"href":"https:\/\/by-tv.co.uk\/en\/wp-json\/wp\/v2\/types\/post"}],"author":[{"embeddable":true,"href":"https:\/\/by-tv.co.uk\/en\/wp-json\/wp\/v2\/users\/1"}],"replies":[{"embeddable":true,"href":"https:\/\/by-tv.co.uk\/en\/wp-json\/wp\/v2\/comments?post=7905"}],"version-history":[{"count":0,"href":"https:\/\/by-tv.co.uk\/en\/wp-json\/wp\/v2\/posts\/7905\/revisions"}],"wp:featuredmedia":[{"embeddable":true,"href":"https:\/\/by-tv.co.uk\/en\/wp-json\/wp\/v2\/media\/7862"}],"wp:attachment":[{"href":"https:\/\/by-tv.co.uk\/en\/wp-json\/wp\/v2\/media?parent=7905"}],"wp:term":[{"taxonomy":"category","embeddable":true,"href":"https:\/\/by-tv.co.uk\/en\/wp-json\/wp\/v2\/categories?post=7905"},{"taxonomy":"post_tag","embeddable":true,"href":"https:\/\/by-tv.co.uk\/en\/wp-json\/wp\/v2\/tags?post=7905"}],"curies":[{"name":"wp","href":"https:\/\/api.w.org\/{rel}","templated":true}]}}