{"id":7832,"date":"2021-01-24T16:51:34","date_gmt":"2021-01-24T16:51:34","guid":{"rendered":"https:\/\/by-tv.co.uk\/?p=7832"},"modified":"2021-01-24T16:55:19","modified_gmt":"2021-01-24T16:55:19","slug":"ingiliz-bakan-okullarin-paskalyaya-kadar-acilacagindan-emin-degilim","status":"publish","type":"post","link":"https:\/\/by-tv.co.uk\/en\/ingiliz-bakan-okullarin-paskalyaya-kadar-acilacagindan-emin-degilim\/","title":{"rendered":"\u0130ngiliz Bakan, &#8220;Okullar\u0131n Paskalya&#8217;ya kadar a\u00e7\u0131laca\u011f\u0131ndan emin de\u011filim&#8221;"},"content":{"rendered":"<p>\u0130ngiltere Sa\u011fl\u0131k Bakan\u0131 Matt Hancock, kilitleme k\u0131s\u0131tlamalar\u0131 kald\u0131r\u0131lana kadar hala &#8216;uzun, uzun bir yol&#8217; oldu\u011funu s\u00f6yledi.<\/p>\n<h4>Ke\u015ffedilmemi\u015f yeni varyantlardan korkuyorum<\/h4>\n<p>Hen\u00fcz ke\u015ffedilmemi\u015f yeni varyantlardan endi\u015fe duydu\u011funu s\u00f6yleyen bakan okullar\u0131n\u0131n Paskalya&#8217;ya kadar yeniden a\u00e7\u0131l\u0131p a\u00e7\u0131lmayaca\u011f\u0131ndan emin olmad\u0131\u011f\u0131n\u0131 dile getirdi. Sa\u011fl\u0131k bakan\u0131 Sky News&#8217;e verdi\u011fi deme\u00e7te, koronavir\u00fcs vakalar\u0131n\u0131n kilitlemenin kald\u0131r\u0131lmas\u0131 i\u00e7in yeterince d\u00fc\u015f\u00fck olmas\u0131 i\u00e7in hala &#8220;uzun, uzun, uzun bir yol&#8221; oldu\u011funu s\u00f6yledi.<\/p>\n<h4>K\u0131s\u0131tlamalar enfeksiyonlar\u0131 yava\u015flatt\u0131<\/h4>\n<p>Matt Hancock, &#8220;erken kan\u0131tlar\u0131n&#8221; Birle\u015fik Krall\u0131k&#8217;taki sert k\u0131s\u0131tlamalar\u0131n yeni enfeksiyonlar\u0131n say\u0131s\u0131n\u0131 azaltmaya ba\u015flad\u0131\u011f\u0131n\u0131 g\u00f6sterdi\u011fini s\u00f6yledi, ancak NHS&#8217;nin &#8220;muazzam&#8221; bask\u0131 alt\u0131nda kald\u0131\u011f\u0131 konusunda uyard\u0131.<\/p><div id=\"briti-814230775\" class=\"briti-icerik\" style=\"margin-top: 5px;margin-bottom: 5px;\"><a href=\"https:\/\/piaryum.com\/services\/\" aria-label=\"piaryum banner\"><img loading=\"lazy\" decoding=\"async\" src=\"https:\/\/by-tv.co.uk\/wp-content\/uploads\/2025\/12\/Gemini_Generated_Image_g5yqr1g5yqr1g5yq.jpg\" alt=\"\"  width=\"2064\" height=\"1152\"   \/><\/a><\/div>\n<h4>Karantinam bitti, ama evden \u00e7\u0131kmad\u0131m daha<\/h4>\n<p>Bir s\u00fcredir karantina olan bakan &#8220;Bu sabah resmi olarak kendi tecritimden \u00e7\u0131kt\u0131m, asl\u0131nda hen\u00fcz evden ayr\u0131lmad\u0131m \u00e7\u00fcnk\u00fc buna ihtiyac\u0131m yok.&#8221; dedi.<\/p>\n<blockquote class=\"twitter-tweet\">\n<p dir=\"ltr\" lang=\"en\">I love my country and every part of it &amp; I think when we work together we work very, very effectively. <a href=\"https:\/\/t.co\/EzjYUh0fFV\">pic.twitter.com\/EzjYUh0fFV<\/a><\/p>\n<p>\u2014 Matt Hancock (@MattHancock) <a href=\"https:\/\/twitter.com\/MattHancock\/status\/1353293299113746432?ref_src=twsrc%5Etfw\" target=\"_blank\" rel=\"noopener\">January 24, 2021<\/a><\/p><\/blockquote>\n<p><script async=\"\" src=\"https:\/\/platform.twitter.com\/widgets.js\" charset=\"utf-8\"><\/script><br \/>\nEn son a\u015f\u0131 haberlerini ileten Hancock, 80 ya\u015f ve \u00fcst\u00fc t\u00fcm insanlar\u0131n % 75&#8217;ine ilk koronavir\u00fcs a\u015f\u0131s\u0131n\u0131n yap\u0131ld\u0131\u011f\u0131n\u0131 s\u00f6yledi.<\/p>\n<blockquote class=\"twitter-tweet\">\n<p dir=\"ltr\" lang=\"en\">3 out of 4 over 80s across the UK have now received a COVID-19 vaccine dose.<\/p>\n<p>Whilst we continue the vaccine roll-out at pace, it is more important than ever that we keep following the rules to suppress the virus.<a href=\"https:\/\/twitter.com\/hashtag\/StayAtHome?src=hash&amp;ref_src=twsrc%5Etfw\" target=\"_blank\" rel=\"noopener\">#StayAtHome<\/a> <a href=\"https:\/\/t.co\/Z1bu1BJa7Z\">pic.twitter.com\/Z1bu1BJa7Z<\/a><\/p>\n<p>\u2014 UK Prime Minister (@10DowningStreet) <a href=\"https:\/\/twitter.com\/10DowningStreet\/status\/1353370901912449024?ref_src=twsrc%5Etfw\" target=\"_blank\" rel=\"noopener\">January 24, 2021<\/a><\/p><\/blockquote>\n<p><script async=\"\" src=\"https:\/\/platform.twitter.com\/widgets.js\" charset=\"utf-8\"><\/script><\/p>\n<h4>Son \u00fc\u00e7 g\u00fcnde Fransa&#8217;n\u0131n toplam\u0131ndan daha fazla a\u015f\u0131 yap\u0131ld\u0131<\/h4>\n<p>Ayr\u0131ca, koronavir\u00fcse kar\u015f\u0131 k\u00fcresel a\u015f\u0131lama yar\u0131\u015f\u0131n\u0131n ba\u015flamas\u0131ndan bu yana Birle\u015fik Krall\u0131k&#8217;\u0131n son \u00fc\u00e7 g\u00fcnde Fransa&#8217;n\u0131n toplam\u0131ndan daha fazla a\u015f\u0131 yapt\u0131\u011f\u0131n\u0131 s\u00f6yledi.<\/p>\n<h4>Testi pozitif \u00e7\u0131kan herkese 500 sterlini reddetti<\/h4>\n<p>Bakan Hancock, bu haftan\u0131n ba\u015flar\u0131nda, &#8220;<strong>bu h\u00fck\u00fcmet politikas\u0131 de\u011fil&#8221;<\/strong> diyerek, hastal\u0131\u011fa yakalanan herkese 500 sterlinlik \u00f6deme yap\u0131laca\u011f\u0131n\u0131 s\u00f6yleyen bas\u0131n haberlerini reddetti.<\/p>\n<h4>\u0130ki doz a\u015f\u0131 aras\u0131ndaki 12 haftay\u0131 savundu<\/h4>\n<p>Hancock, a\u015f\u0131 politikalar\u0131n\u0131n &#8220;hayat kurtaraca\u011f\u0131n\u0131&#8221; s\u00f6yleyerek, iki Pfizer \/ BioNTech a\u015f\u0131 dozu aras\u0131ndaki 12 haftal\u0131k bo\u015flu\u011fu savundu.<\/p>\n<p>Ortak A\u015f\u0131lama ve A\u015f\u0131lama Komitesi ba\u015fkan yard\u0131mc\u0131s\u0131 Prof Anthony Harnden de Sky News&#8217;e, Pfizer \u00e7al\u0131\u015fmas\u0131ndan gelen verileri &#8220;dikkatlice incelediklerini&#8221; ve ikinci dozun etkinlik \u00fczerinde \u00e7ok az etkiyle 12 haftaya ertelenebilece\u011fi sonucuna vard\u0131klar\u0131n\u0131 s\u00f6yledi.<\/p>\n<p>A\u015f\u0131 &#8220;15 ila 21 g\u00fcn aras\u0131nda% 89 etkili&#8221;, diye a\u00e7\u0131klad\u0131 ve uzmanlar\u0131n &#8220;21. g\u00fcnde% 89&#8217;a varan korumaya sahipseniz, bunun azalmas\u0131 ger\u00e7ekten m\u00fcmk\u00fcn de\u011fil. 84 g\u00fcn sonra \u00e7ok artt\u0131 &#8220;.<\/p>\n<div id=\"briti-4132162482\" class=\"briti-icerikten-sonra_2\" style=\"margin-top: 25px;margin-bottom: 25px;\"><a href=\"https:\/\/wa.me\/message\/NDZLLIOQT4H3O1\" aria-label=\"bytv reklam banner\"><img loading=\"lazy\" decoding=\"async\" src=\"https:\/\/by-tv.co.uk\/wp-content\/uploads\/2025\/12\/bytv-reklam-banner.jpg\" alt=\"\"  width=\"2376\" height=\"1008\"   \/><\/a><\/div>","protected":false},"excerpt":{"rendered":"<p>\u0130ngiltere Sa\u011fl\u0131k Bakan\u0131 Matt Hancock, kilitleme k\u0131s\u0131tlamalar\u0131 kald\u0131r\u0131lana kadar hala &#8216;uzun, uzun bir yol&#8217; oldu\u011funu s\u00f6yledi. Ke\u015ffedilmemi\u015f yeni varyantlardan korkuyorum Hen\u00fcz ke\u015ffedilmemi\u015f yeni varyantlardan endi\u015fe duydu\u011funu s\u00f6yleyen bakan okullar\u0131n\u0131n Paskalya&#8217;ya kadar yeniden a\u00e7\u0131l\u0131p a\u00e7\u0131lmayaca\u011f\u0131ndan emin olmad\u0131\u011f\u0131n\u0131 dile getirdi. Sa\u011fl\u0131k bakan\u0131 Sky News&#8217;e verdi\u011fi deme\u00e7te, koronavir\u00fcs vakalar\u0131n\u0131n kilitlemenin kald\u0131r\u0131lmas\u0131 i\u00e7in yeterince d\u00fc\u015f\u00fck olmas\u0131 i\u00e7in hala &#8220;uzun, uzun, uzun bir yol&#8221; oldu\u011funu s\u00f6yledi. K\u0131s\u0131tlamalar enfeksiyonlar\u0131 yava\u015flatt\u0131 Matt Hancock, &#8220;erken kan\u0131tlar\u0131n&#8221; Birle\u015fik Krall\u0131k&#8217;taki sert k\u0131s\u0131tlamalar\u0131n yeni enfeksiyonlar\u0131n say\u0131s\u0131n\u0131 azaltmaya ba\u015flad\u0131\u011f\u0131n\u0131 g\u00f6sterdi\u011fini s\u00f6yledi, ancak NHS&#8217;nin &#8220;muazzam&#8221; bask\u0131 alt\u0131nda kald\u0131\u011f\u0131 konusunda uyard\u0131. Karantinam bitti, ama evden \u00e7\u0131kmad\u0131m daha Bir s\u00fcredir karantina olan bakan &#8220;Bu sabah [&hellip;]<\/p>\n","protected":false},"author":1,"featured_media":7833,"comment_status":"open","ping_status":"open","sticky":false,"template":"","format":"standard","meta":{"ngg_post_thumbnail":0,"footnotes":""},"categories":[15],"tags":[],"class_list":["post-7832","post","type-post","status-publish","format-standard","has-post-thumbnail","hentry","category-ingiltere"],"_links":{"self":[{"href":"https:\/\/by-tv.co.uk\/en\/wp-json\/wp\/v2\/posts\/7832","targetHints":{"allow":["GET"]}}],"collection":[{"href":"https:\/\/by-tv.co.uk\/en\/wp-json\/wp\/v2\/posts"}],"about":[{"href":"https:\/\/by-tv.co.uk\/en\/wp-json\/wp\/v2\/types\/post"}],"author":[{"embeddable":true,"href":"https:\/\/by-tv.co.uk\/en\/wp-json\/wp\/v2\/users\/1"}],"replies":[{"embeddable":true,"href":"https:\/\/by-tv.co.uk\/en\/wp-json\/wp\/v2\/comments?post=7832"}],"version-history":[{"count":0,"href":"https:\/\/by-tv.co.uk\/en\/wp-json\/wp\/v2\/posts\/7832\/revisions"}],"wp:featuredmedia":[{"embeddable":true,"href":"https:\/\/by-tv.co.uk\/en\/wp-json\/wp\/v2\/media\/7833"}],"wp:attachment":[{"href":"https:\/\/by-tv.co.uk\/en\/wp-json\/wp\/v2\/media?parent=7832"}],"wp:term":[{"taxonomy":"category","embeddable":true,"href":"https:\/\/by-tv.co.uk\/en\/wp-json\/wp\/v2\/categories?post=7832"},{"taxonomy":"post_tag","embeddable":true,"href":"https:\/\/by-tv.co.uk\/en\/wp-json\/wp\/v2\/tags?post=7832"}],"curies":[{"name":"wp","href":"https:\/\/api.w.org\/{rel}","templated":true}]}}