{"id":7829,"date":"2021-01-23T22:54:20","date_gmt":"2021-01-23T22:54:20","guid":{"rendered":"https:\/\/by-tv.co.uk\/?p=7829"},"modified":"2021-01-23T23:09:06","modified_gmt":"2021-01-23T23:09:06","slug":"bir-dakika-britanya-23-ocak-2021","status":"publish","type":"post","link":"https:\/\/by-tv.co.uk\/en\/bir-dakika-britanya-23-ocak-2021\/","title":{"rendered":"Bir Dakika Britanya, 23 Ocak 2021"},"content":{"rendered":"<p>#23Ocak2021 #birdakikabritanya<br \/>\n\ud83d\udccc1 dakikada Britanya<br \/>\n\ud83d\uddd3\ufe0fHer g\u00fcn burada<br \/>\n\ud83d\udc49Britanya g\u00fcndeminin 60 saniyelik \u00f6zeti<br \/>\n<iframe loading=\"lazy\" src=\"https:\/\/www.youtube.com\/embed\/gDzb310otac\" width=\"791\" height=\"723\" frameborder=\"0\" allowfullscreen=\"allowfullscreen\"><\/iframe><br \/>\n\ud83d\udc49Koronavir\u00fcs\u00fcn yeni varyant\u0131n\u0131n en etkili oldu\u011fu \u00fclke olan \u0130ngiltere&#8217;de yo\u011fun bak\u0131m \u00fcnitelerindeki solunum cihaz\u0131na ba\u011flanan Covid-19 hastalar\u0131n\u0131n say\u0131s\u0131, salg\u0131n\u0131n ba\u015f\u0131ndan bu yana say\u0131 ilk kez 4 bini ge\u00e7ti. Son 24 saatte \u00fclkede koronavir\u00fcse ba\u011fl\u0131 1.348 ki\u015fi hayat\u0131n\u0131 kaybetti. Yeni vaka say\u0131s\u0131 da 33 bin 552 oldu.<\/p>\n<p>\ud83d\udc49\u0130ngiliz Tabipler Birli\u011fi koronavir\u00fcs a\u015f\u0131 dozlar\u0131n\u0131n uygulanmas\u0131 aras\u0131ndaki 12 haftal\u0131k uzun bo\u015flu\u011fun a\u015f\u0131n\u0131n etkinli\u011fini azaltabilece\u011fini s\u00f6yledi. \u0130kinci dozu erteleme karar\u0131n\u0131n arkas\u0131ndaki mant\u0131\u011f\u0131 anlarken, \u0130ngiltere\u2019nin \u201cen iyi uygulamay\u0131\u201d izlemesi ve bekleme s\u00fcresini alt\u0131 haftaya indirmesi gerekti\u011fini s\u00f6yledi. A\u015f\u0131lama \u00e7al\u0131\u015fmalar\u0131n\u0131 h\u0131zland\u0131ran \u0130ngiltere\u2019de 5 milyon 861 bin 351 ki\u015fi ilk doz 468 bin 617 ki\u015fi de ikinci doz Covid-19 a\u015f\u0131s\u0131 oldu.<\/p>\n<p>\ud83d\udc49Ge\u00e7en y\u0131l \u015fubat ay\u0131nda sel nedeniyle harap olan \u0130ngiltere\u2019nin Bewdley kasabas\u0131nda su savunma bariyerlerinin a\u015f\u0131lmas\u0131n\u0131n ard\u0131ndan bir kez daha evler sular alt\u0131nda kald\u0131 ve b\u00f6lge sakinleri g\u00f6zya\u015flar\u0131na bo\u011fuldu. Bir \u00e7ok ki\u015finin mahsur kald\u0131\u011f\u0131 Bewdley kasabas\u0131 2012&#8217;deki koruma duvar\u0131 in\u015faat\u0131ndan \u00f6nce 30 y\u0131lda 23 kez sular alt\u0131nda kalm\u0131\u015ft\u0131.<\/p><div id=\"briti-543036507\" class=\"briti-icerik\" style=\"margin-top: 5px;margin-bottom: 5px;\"><a href=\"https:\/\/piaryum.com\/services\/\" aria-label=\"piaryum banner\"><img loading=\"lazy\" decoding=\"async\" src=\"https:\/\/by-tv.co.uk\/wp-content\/uploads\/2025\/12\/Gemini_Generated_Image_g5yqr1g5yqr1g5yq.jpg\" alt=\"\"  width=\"2064\" height=\"1152\"   \/><\/a><\/div>\n<p>\ud83d\udc49Boris Johnson, bu ak\u015fam, yeni g\u00f6reve ba\u015flayan ABD Ba\u015fkan\u0131 Joe Biden ile bir telefon g\u00f6r\u00fc\u015fmesi ger\u00e7ekle\u015ftirdi. Ba\u015fbakan, iki \u00fclke aras\u0131nda uzun s\u00fcredir devam eden ittifak\u0131 derinle\u015ftirmeyi d\u00f6rt g\u00f6zle bekliyorum, dedi.<\/p>\n<p>@kiwimediuk katk\u0131lar\u0131yla haz\u0131rlanm\u0131\u015ft\u0131r.<br \/>\nwww.kiwimedi.com<\/p>\n<p>@alfemohomeuk @robinfooduk @bambihomeuk @sadlerandfrost<br \/>\nwww.sadlerandfrost.com<\/p>\n<p>Brit-\u0130\u015f Ya\u015fam TV<br \/>\n\ud83c\udfa5Britanya&#8217;daki \u0130\u015f ve Ya\u015fam Kanal\u0131n\u0131z<br \/>\nwww.by-tv.co.uk<br \/>\n____________________________________<br \/>\n#ingiltere #briti\u015fya\u015famtv #ingilteret\u00fcrkleri #yurtd\u0131\u015f\u0131e\u011fitim #londral\u0131t\u00fcrkler #london #londra #londratvprogram #londraya\u015fam #briti\u015fya\u015fam #britanya #ingilteret\u00fcrkiye #t\u00fcrkiyeingiltere #londonbusiness #ingilterei\u015finsanlar\u0131 #cambridge #scotlandturkey #londramoda #londrasa\u011fl\u0131k #londrae\u011fitim #ingilteree\u011fitim #birle\u015fikkrall\u0131kya\u015fam #ankaraanla\u015fmas\u0131 #yurtd\u0131\u015f\u0131vize #oturumvizesi #ingiltereg\u00fcndemi<\/p>\n<div id=\"briti-3433822480\" class=\"briti-icerikten-sonra_2\" style=\"margin-top: 25px;margin-bottom: 25px;\"><a href=\"https:\/\/wa.me\/message\/NDZLLIOQT4H3O1\" aria-label=\"bytv reklam banner\"><img loading=\"lazy\" decoding=\"async\" src=\"https:\/\/by-tv.co.uk\/wp-content\/uploads\/2025\/12\/bytv-reklam-banner.jpg\" alt=\"\"  width=\"2376\" height=\"1008\"   \/><\/a><\/div>","protected":false},"excerpt":{"rendered":"<p>#23Ocak2021 #birdakikabritanya \ud83d\udccc1 dakikada Britanya \ud83d\uddd3\ufe0fHer g\u00fcn burada \ud83d\udc49Britanya g\u00fcndeminin 60 saniyelik \u00f6zeti \ud83d\udc49Koronavir\u00fcs\u00fcn yeni varyant\u0131n\u0131n en etkili oldu\u011fu \u00fclke olan \u0130ngiltere&#8217;de yo\u011fun bak\u0131m \u00fcnitelerindeki solunum cihaz\u0131na ba\u011flanan Covid-19 hastalar\u0131n\u0131n say\u0131s\u0131, salg\u0131n\u0131n ba\u015f\u0131ndan bu yana say\u0131 ilk kez 4 bini ge\u00e7ti. Son 24 saatte \u00fclkede koronavir\u00fcse ba\u011fl\u0131 1.348 ki\u015fi hayat\u0131n\u0131 kaybetti. Yeni vaka say\u0131s\u0131 da 33 bin 552 oldu. \ud83d\udc49\u0130ngiliz Tabipler Birli\u011fi koronavir\u00fcs a\u015f\u0131 dozlar\u0131n\u0131n uygulanmas\u0131 aras\u0131ndaki 12 haftal\u0131k uzun bo\u015flu\u011fun a\u015f\u0131n\u0131n etkinli\u011fini azaltabilece\u011fini s\u00f6yledi. \u0130kinci dozu erteleme karar\u0131n\u0131n arkas\u0131ndaki mant\u0131\u011f\u0131 anlarken, \u0130ngiltere\u2019nin \u201cen iyi uygulamay\u0131\u201d izlemesi ve bekleme s\u00fcresini alt\u0131 haftaya indirmesi gerekti\u011fini s\u00f6yledi. A\u015f\u0131lama \u00e7al\u0131\u015fmalar\u0131n\u0131 h\u0131zland\u0131ran \u0130ngiltere\u2019de 5 [&hellip;]<\/p>\n","protected":false},"author":1,"featured_media":0,"comment_status":"open","ping_status":"open","sticky":false,"template":"","format":"video","meta":{"ngg_post_thumbnail":0,"footnotes":""},"categories":[15],"tags":[],"class_list":["post-7829","post","type-post","status-publish","format-video","hentry","category-ingiltere","post_format-post-format-video"],"_links":{"self":[{"href":"https:\/\/by-tv.co.uk\/en\/wp-json\/wp\/v2\/posts\/7829","targetHints":{"allow":["GET"]}}],"collection":[{"href":"https:\/\/by-tv.co.uk\/en\/wp-json\/wp\/v2\/posts"}],"about":[{"href":"https:\/\/by-tv.co.uk\/en\/wp-json\/wp\/v2\/types\/post"}],"author":[{"embeddable":true,"href":"https:\/\/by-tv.co.uk\/en\/wp-json\/wp\/v2\/users\/1"}],"replies":[{"embeddable":true,"href":"https:\/\/by-tv.co.uk\/en\/wp-json\/wp\/v2\/comments?post=7829"}],"version-history":[{"count":0,"href":"https:\/\/by-tv.co.uk\/en\/wp-json\/wp\/v2\/posts\/7829\/revisions"}],"wp:attachment":[{"href":"https:\/\/by-tv.co.uk\/en\/wp-json\/wp\/v2\/media?parent=7829"}],"wp:term":[{"taxonomy":"category","embeddable":true,"href":"https:\/\/by-tv.co.uk\/en\/wp-json\/wp\/v2\/categories?post=7829"},{"taxonomy":"post_tag","embeddable":true,"href":"https:\/\/by-tv.co.uk\/en\/wp-json\/wp\/v2\/tags?post=7829"}],"curies":[{"name":"wp","href":"https:\/\/api.w.org\/{rel}","templated":true}]}}