{"id":7726,"date":"2021-01-19T19:05:06","date_gmt":"2021-01-19T19:05:06","guid":{"rendered":"https:\/\/by-tv.co.uk\/?p=7726"},"modified":"2021-06-03T16:14:57","modified_gmt":"2021-06-03T15:14:57","slug":"deik-baskani-nail-olpak-ingilterede-de-lobi-faaliyetleri-yurutulecek","status":"publish","type":"post","link":"https:\/\/by-tv.co.uk\/en\/deik-baskani-nail-olpak-ingilterede-de-lobi-faaliyetleri-yurutulecek\/","title":{"rendered":"DE\u0130K Ba\u015fkan\u0131 Nail Olpak, &#8220;\u0130ngiltere&#8217;de de lobi faaliyetleri y\u00fcr\u00fct\u00fclecek&#8221;"},"content":{"rendered":"<p>D\u0131\u015f Ekonomik \u0130li\u015fkiler Kurulu (DE\u0130K -T\u00fcrkiye) Ba\u015fkan\u0131 Nail Olpak, ekonomi bas\u0131n\u0131yla \u00e7evrim i\u00e7i d\u00fczenlenen toplant\u0131da bir araya geldi.<\/p>\n<h4>&#8220;\u0130ngiltere&#8217;de de lobi faaliyetleri y\u00fcr\u00fct\u00fclecek&#8221;<\/h4>\n<p>Nail Olpak, Almanya&#8217;daki T\u00fcrkiye alg\u0131s\u0131 konusunda yap\u0131lan lobi \u00e7al\u0131\u015fmalar\u0131ndan bahsederek, \u0130ngiltere&#8217;nin Almanya&#8217;dan sonra en fazla ihracat yapt\u0131klar\u0131 \u00fclke oldu\u011funu ve d\u0131\u015f ticaret fazlas\u0131 verdiklerini, benzer bir \u00e7al\u0131\u015fman\u0131n \u0130ngiltere&#8217;de de y\u00fcr\u00fct\u00fclece\u011fini s\u00f6yledi.<\/p>\n<p>&#8220;\u0130ngiltere ile yap\u0131lacak Serbest Ticaret Anla\u015fmas\u0131 bizim G\u00fcmr\u00fck Birli\u011fi&#8217;nde g\u00fcncellenmesini istedi\u011fimiz kriterleri kar\u015f\u0131l\u0131yor mu?&#8221; sorusu \u00fczerine Olpak, \u015fu a\u00e7\u0131klamalarda bulundu:<\/p><div id=\"briti-4107355799\" class=\"briti-icerik\" style=\"margin-top: 5px;margin-bottom: 5px;\"><a href=\"https:\/\/piaryum.com\/services\/\" aria-label=\"piaryum banner\"><img loading=\"lazy\" decoding=\"async\" src=\"https:\/\/by-tv.co.uk\/wp-content\/uploads\/2025\/12\/Gemini_Generated_Image_g5yqr1g5yqr1g5yq.jpg\" alt=\"\"  width=\"2064\" height=\"1152\"   \/><\/a><\/div>\n<p>&#8220;K\u0131smen var. Orada bakt\u0131\u011f\u0131m\u0131zda tar\u0131m \u00fcr\u00fcnleri dahil edilebildi. Yat\u0131r\u0131m \u00fcr\u00fcnleri ve hizmetler ba\u015fl\u0131\u011f\u0131 var. Bu ba\u015fl\u0131\u011f\u0131n ise 2 y\u0131l i\u00e7erisinde bu anla\u015fman\u0131n g\u00f6zden ge\u00e7irilmesi ondan sonra o ba\u015fl\u0131klar\u0131n anla\u015fmaya dahil edilmesi konusu var. En az\u0131ndan 2 y\u0131l sonra iki ayr\u0131 alan\u0131n da girece\u011fi, G\u00fcmr\u00fck Birli\u011fi&#8217;nin g\u00fcncellenmesine \u00f6n ayak olan pozitif bir anla\u015fma.&#8221;<\/p>\n<p>Haber: Rana ATILGAN<\/p>\n<p>&nbsp;<\/p>\n<div id=\"briti-2693702508\" class=\"briti-icerikten-sonra_2\" style=\"margin-top: 25px;margin-bottom: 25px;\"><a href=\"https:\/\/wa.me\/message\/NDZLLIOQT4H3O1\" aria-label=\"bytv reklam banner\"><img loading=\"lazy\" decoding=\"async\" src=\"https:\/\/by-tv.co.uk\/wp-content\/uploads\/2025\/12\/bytv-reklam-banner.jpg\" alt=\"\"  width=\"2376\" height=\"1008\"   \/><\/a><\/div>","protected":false},"excerpt":{"rendered":"<p>D\u0131\u015f Ekonomik \u0130li\u015fkiler Kurulu (DE\u0130K -T\u00fcrkiye) Ba\u015fkan\u0131 Nail Olpak, ekonomi bas\u0131n\u0131yla \u00e7evrim i\u00e7i d\u00fczenlenen toplant\u0131da bir araya geldi. &#8220;\u0130ngiltere&#8217;de de lobi faaliyetleri y\u00fcr\u00fct\u00fclecek&#8221; Nail Olpak, Almanya&#8217;daki T\u00fcrkiye alg\u0131s\u0131 konusunda yap\u0131lan lobi \u00e7al\u0131\u015fmalar\u0131ndan bahsederek, \u0130ngiltere&#8217;nin Almanya&#8217;dan sonra en fazla ihracat yapt\u0131klar\u0131 \u00fclke oldu\u011funu ve d\u0131\u015f ticaret fazlas\u0131 verdiklerini, benzer bir \u00e7al\u0131\u015fman\u0131n \u0130ngiltere&#8217;de de y\u00fcr\u00fct\u00fclece\u011fini s\u00f6yledi. &#8220;\u0130ngiltere ile yap\u0131lacak Serbest Ticaret Anla\u015fmas\u0131 bizim G\u00fcmr\u00fck Birli\u011fi&#8217;nde g\u00fcncellenmesini istedi\u011fimiz kriterleri kar\u015f\u0131l\u0131yor mu?&#8221; sorusu \u00fczerine Olpak, \u015fu a\u00e7\u0131klamalarda bulundu: &#8220;K\u0131smen var. Orada bakt\u0131\u011f\u0131m\u0131zda tar\u0131m \u00fcr\u00fcnleri dahil edilebildi. Yat\u0131r\u0131m \u00fcr\u00fcnleri ve hizmetler ba\u015fl\u0131\u011f\u0131 var. Bu ba\u015fl\u0131\u011f\u0131n ise 2 y\u0131l i\u00e7erisinde bu anla\u015fman\u0131n g\u00f6zden ge\u00e7irilmesi ondan sonra [&hellip;]<\/p>\n","protected":false},"author":1,"featured_media":7727,"comment_status":"open","ping_status":"open","sticky":false,"template":"","format":"standard","meta":{"ngg_post_thumbnail":0,"footnotes":""},"categories":[1,3114],"tags":[],"class_list":["post-7726","post","type-post","status-publish","format-standard","has-post-thumbnail","hentry","category-genel","category-tr-uk-sta"],"_links":{"self":[{"href":"https:\/\/by-tv.co.uk\/en\/wp-json\/wp\/v2\/posts\/7726","targetHints":{"allow":["GET"]}}],"collection":[{"href":"https:\/\/by-tv.co.uk\/en\/wp-json\/wp\/v2\/posts"}],"about":[{"href":"https:\/\/by-tv.co.uk\/en\/wp-json\/wp\/v2\/types\/post"}],"author":[{"embeddable":true,"href":"https:\/\/by-tv.co.uk\/en\/wp-json\/wp\/v2\/users\/1"}],"replies":[{"embeddable":true,"href":"https:\/\/by-tv.co.uk\/en\/wp-json\/wp\/v2\/comments?post=7726"}],"version-history":[{"count":0,"href":"https:\/\/by-tv.co.uk\/en\/wp-json\/wp\/v2\/posts\/7726\/revisions"}],"wp:featuredmedia":[{"embeddable":true,"href":"https:\/\/by-tv.co.uk\/en\/wp-json\/wp\/v2\/media\/7727"}],"wp:attachment":[{"href":"https:\/\/by-tv.co.uk\/en\/wp-json\/wp\/v2\/media?parent=7726"}],"wp:term":[{"taxonomy":"category","embeddable":true,"href":"https:\/\/by-tv.co.uk\/en\/wp-json\/wp\/v2\/categories?post=7726"},{"taxonomy":"post_tag","embeddable":true,"href":"https:\/\/by-tv.co.uk\/en\/wp-json\/wp\/v2\/tags?post=7726"}],"curies":[{"name":"wp","href":"https:\/\/api.w.org\/{rel}","templated":true}]}}