{"id":7684,"date":"2021-01-15T23:45:09","date_gmt":"2021-01-15T23:45:09","guid":{"rendered":"https:\/\/by-tv.co.uk\/?p=7684"},"modified":"2021-01-15T23:45:09","modified_gmt":"2021-01-15T23:45:09","slug":"bir-dakika-britanya-15-ocak-2021","status":"publish","type":"post","link":"https:\/\/by-tv.co.uk\/en\/bir-dakika-britanya-15-ocak-2021\/","title":{"rendered":"Bir Dakika Britanya, 15 Ocak 2021"},"content":{"rendered":"<p>#15Ocak2021 #birdakikabritanya<br \/>\n\ud83d\udccc1 dakikada Britanya<br \/>\n\ud83d\uddd3\ufe0fHer g\u00fcn burada<br \/>\n\ud83d\udc49Britanya g\u00fcndeminin 60 saniyelik \u00f6zeti<br \/>\n<iframe loading=\"lazy\" src=\"https:\/\/www.youtube.com\/embed\/ndSJzBYr1Vc\" width=\"791\" height=\"723\" frameborder=\"0\" allowfullscreen=\"allowfullscreen\"><\/iframe><br \/>\n\ud83d\udc49\u0130ngiltere Ba\u015fbakan\u0131 Boris #Johnson, yeni tip koronavir\u00fcs\u00fcn yeni t\u00fcrlerinin \u00fclkeye giri\u015fini engellemek i\u00e7in ek tedbirler ald\u0131klar\u0131n\u0131, bu kapsamda &#8220;seyahat koridorlar\u0131&#8221; listesini ask\u0131ya alarak \u00fclkeye gelecek t\u00fcm yolculara 10 g\u00fcnl\u00fck karantina \u015fart\u0131n\u0131n ve seyahatten 72 saat \u00f6nce negatif Covid-19 testi zorunlulu\u011fu getirdiklerini a\u00e7\u0131klad\u0131. Johnson, 12 Ocak&#8217;ta 4 bin 134 ki\u015finin hastanelere yat\u0131r\u0131ld\u0131\u011f\u0131n\u0131, bunun salg\u0131n\u0131n ba\u015f\u0131ndan bu yana g\u00f6r\u00fclen en y\u00fcksek say\u0131 oldu\u011funu ifade ederek, hastanelerde yatanlar\u0131n say\u0131s\u0131n\u0131n 37 bini ge\u00e7ti\u011fi ve salg\u0131n nedeniyle bir\u00e7ok kanser hastas\u0131n\u0131n tedavisinin ertelendi\u011fi bilgisini payla\u015ft\u0131.<br \/>\n\ud83d\udc49Alman turizm devi #TUI, \u0130ngiltere\u2019de uygulanmaya ba\u015flayan Kovid-19 a\u015f\u0131lamalar\u0131n\u0131n cesaret vermesiyle 50 ya\u015f \u00fcst\u00fc \u0130ngiliz turistlerin tatil rezervasyonlar\u0131nda art\u0131\u015f g\u00f6r\u00fcld\u00fc\u011f\u00fcn\u00fc, en \u00e7ok tercih edilen \u00fclkeler aras\u0131nda T\u00fcrkiye\u2019nin yer ald\u0131\u011f\u0131n\u0131 bildirdi.<br \/>\n\ud83d\udc49T\u00fcrkiye&#8217;de \u0130ngiliz Ticaret Odas\u0131 Ba\u015fkan\u0131 #ChrisGaunt, gelecek y\u0131llarda T\u00fcrkiye ve Birle\u015fik Krall\u0131k aras\u0131ndaki ticaret hacminde art\u0131\u015flar g\u00f6r\u00fclece\u011finden emin oldu\u011funu belirterek, &#8220;T\u00fcrkiye&#8217;yi b\u00fcy\u00fcme potansiyeli y\u00fcksek bir \u00fclke olarak g\u00f6r\u00fcyoruz. T\u00fcrkiye, teknolojide olduk\u00e7a \u00f6nemli bir oyuncu olma yolunda \u00e7ok h\u0131zl\u0131 bir ilerleme kaydediyor.&#8221; dedi.<\/p>\n<p>@alfemohomeuk @robinfooduk @bambihomeuk @sadlerandfrost<br \/>\nwww.sadlerandfrost.com&nbsp;<\/p>\n<p>@neoresonance @dr._emre_toker<br \/>\nNeo-Resonance &amp; Coaching katk\u0131lar\u0131yla haz\u0131rlanm\u0131\u015ft\u0131r.<\/p><div id=\"briti-4034277415\" class=\"briti-icerik\" style=\"margin-top: 5px;margin-bottom: 5px;\"><a href=\"https:\/\/piaryum.com\/services\/\" aria-label=\"piaryum banner\"><img loading=\"lazy\" decoding=\"async\" src=\"https:\/\/by-tv.co.uk\/wp-content\/uploads\/2025\/12\/Gemini_Generated_Image_g5yqr1g5yqr1g5yq.jpg\" alt=\"\"  width=\"2064\" height=\"1152\"   \/><\/a><\/div>\n<p>Brit-\u0130\u015f Ya\u015fam TV<br \/>\n\ud83c\udfa5Britanya&#8217;daki \u0130\u015f ve Ya\u015fam Kanal\u0131n\u0131z<br \/>\nwww.by-tv.co.uk<\/p>\n<p>#lockdown #ingiltere #briti\u015fya\u015famtv #ingilteret\u00fcrkleri #yurtd\u0131\u015f\u0131e\u011fitim #londral\u0131t\u00fcrkler #london #londra #londratvprogram #londraya\u015fam #briti\u015fya\u015fam #britanya #ingilteret\u00fcrkiye #t\u00fcrkiyeingiltere #londonbusiness #ingilterei\u015finsanlar\u0131 #cambridge #scotlandturkey #londramoda #londrasa\u011fl\u0131k #londrae\u011fitim #ingilteree\u011fitim #birle\u015fikkrall\u0131kya\u015fam #ankaraanla\u015fmas\u0131 #yurtd\u0131\u015f\u0131vize #oturumvizesi #ingiltereg\u00fcndemi<\/p>\n<div id=\"briti-3315788306\" class=\"briti-icerikten-sonra_2\" style=\"margin-top: 25px;margin-bottom: 25px;\"><a href=\"https:\/\/wa.me\/message\/NDZLLIOQT4H3O1\" aria-label=\"bytv reklam banner\"><img loading=\"lazy\" decoding=\"async\" src=\"https:\/\/by-tv.co.uk\/wp-content\/uploads\/2025\/12\/bytv-reklam-banner.jpg\" alt=\"\"  width=\"2376\" height=\"1008\"   \/><\/a><\/div>","protected":false},"excerpt":{"rendered":"<p>#15Ocak2021 #birdakikabritanya \ud83d\udccc1 dakikada Britanya \ud83d\uddd3\ufe0fHer g\u00fcn burada \ud83d\udc49Britanya g\u00fcndeminin 60 saniyelik \u00f6zeti \ud83d\udc49\u0130ngiltere Ba\u015fbakan\u0131 Boris #Johnson, yeni tip koronavir\u00fcs\u00fcn yeni t\u00fcrlerinin \u00fclkeye giri\u015fini engellemek i\u00e7in ek tedbirler ald\u0131klar\u0131n\u0131, bu kapsamda &#8220;seyahat koridorlar\u0131&#8221; listesini ask\u0131ya alarak \u00fclkeye gelecek t\u00fcm yolculara 10 g\u00fcnl\u00fck karantina \u015fart\u0131n\u0131n ve seyahatten 72 saat \u00f6nce negatif Covid-19 testi zorunlulu\u011fu getirdiklerini a\u00e7\u0131klad\u0131. Johnson, 12 Ocak&#8217;ta 4 bin 134 ki\u015finin hastanelere yat\u0131r\u0131ld\u0131\u011f\u0131n\u0131, bunun salg\u0131n\u0131n ba\u015f\u0131ndan bu yana g\u00f6r\u00fclen en y\u00fcksek say\u0131 oldu\u011funu ifade ederek, hastanelerde yatanlar\u0131n say\u0131s\u0131n\u0131n 37 bini ge\u00e7ti\u011fi ve salg\u0131n nedeniyle bir\u00e7ok kanser hastas\u0131n\u0131n tedavisinin ertelendi\u011fi bilgisini payla\u015ft\u0131. \ud83d\udc49Alman turizm devi #TUI, \u0130ngiltere\u2019de uygulanmaya ba\u015flayan Kovid-19 [&hellip;]<\/p>\n","protected":false},"author":1,"featured_media":0,"comment_status":"open","ping_status":"open","sticky":false,"template":"","format":"standard","meta":{"ngg_post_thumbnail":0,"footnotes":""},"categories":[15],"tags":[],"class_list":["post-7684","post","type-post","status-publish","format-standard","hentry","category-ingiltere"],"_links":{"self":[{"href":"https:\/\/by-tv.co.uk\/en\/wp-json\/wp\/v2\/posts\/7684","targetHints":{"allow":["GET"]}}],"collection":[{"href":"https:\/\/by-tv.co.uk\/en\/wp-json\/wp\/v2\/posts"}],"about":[{"href":"https:\/\/by-tv.co.uk\/en\/wp-json\/wp\/v2\/types\/post"}],"author":[{"embeddable":true,"href":"https:\/\/by-tv.co.uk\/en\/wp-json\/wp\/v2\/users\/1"}],"replies":[{"embeddable":true,"href":"https:\/\/by-tv.co.uk\/en\/wp-json\/wp\/v2\/comments?post=7684"}],"version-history":[{"count":0,"href":"https:\/\/by-tv.co.uk\/en\/wp-json\/wp\/v2\/posts\/7684\/revisions"}],"wp:attachment":[{"href":"https:\/\/by-tv.co.uk\/en\/wp-json\/wp\/v2\/media?parent=7684"}],"wp:term":[{"taxonomy":"category","embeddable":true,"href":"https:\/\/by-tv.co.uk\/en\/wp-json\/wp\/v2\/categories?post=7684"},{"taxonomy":"post_tag","embeddable":true,"href":"https:\/\/by-tv.co.uk\/en\/wp-json\/wp\/v2\/tags?post=7684"}],"curies":[{"name":"wp","href":"https:\/\/api.w.org\/{rel}","templated":true}]}}