{"id":7680,"date":"2021-01-15T22:16:20","date_gmt":"2021-01-15T22:16:20","guid":{"rendered":"https:\/\/by-tv.co.uk\/?p=7680"},"modified":"2021-05-30T11:59:08","modified_gmt":"2021-05-30T10:59:08","slug":"turkiyede-ingiliz-ticaret-odasi-baskani-gaunt-turkiye-buyume-potansiyeli-yuksek-bir-ulke","status":"publish","type":"post","link":"https:\/\/by-tv.co.uk\/en\/turkiyede-ingiliz-ticaret-odasi-baskani-gaunt-turkiye-buyume-potansiyeli-yuksek-bir-ulke\/","title":{"rendered":"T\u00fcrkiye&#8217;de \u0130ngiliz Ticaret Odas\u0131 Ba\u015fkan\u0131 Gaunt: T\u00fcrkiye, b\u00fcy\u00fcme potansiyeli y\u00fcksek bir \u00fclke"},"content":{"rendered":"<h6>\u0130stanbul<\/h6>\n<div>\n<p><strong>T\u00fcrkiye<\/strong>&#8216;de&nbsp;<strong>\u0130ngiliz Ticaret Odas\u0131&nbsp;<\/strong>(<strong>BCCT<\/strong>) Ba\u015fkan\u0131&nbsp;<strong>Chris Gaunt<\/strong>, gelecek y\u0131llarda T\u00fcrkiye ve Birle\u015fik Krall\u0131k aras\u0131ndaki ticaret hacminde art\u0131\u015flar g\u00f6r\u00fclece\u011finden emin oldu\u011funu belirterek, &#8220;T\u00fcrkiye&#8217;yi b\u00fcy\u00fcme potansiyeli y\u00fcksek bir \u00fclke olarak g\u00f6r\u00fcyoruz. T\u00fcrkiye,&nbsp;<strong>teknoloji<\/strong>de olduk\u00e7a \u00f6nemli bir oyuncu olma yolunda \u00e7ok h\u0131zl\u0131 bir ilerleme kaydediyor.&#8221; dedi.<\/p>\n<p>Gaunt, AA muhabirine yapt\u0131\u011f\u0131 de\u011ferlendirmede, T\u00fcrkiye ve Birle\u015fik Krall\u0131k\u2019\u0131n imzalad\u0131\u011f\u0131 Serbest Ticaret Anla\u015fmas\u0131 (STA) ile ticari ili\u015fkileri ve daha \u00f6nce sahip oldu\u011fu anla\u015fmalar\u0131 g\u00fcvence alt\u0131na ald\u0131\u011f\u0131n\u0131 s\u00f6yledi.<\/p>\n<p>STA\u2019n\u0131n bir s\u00fcreklilik anla\u015fmas\u0131 oldu\u011funu, bu nedenle, daha \u00f6nce sahip olunan t\u00fcm anla\u015fmalar\u0131 kapsad\u0131\u011f\u0131n\u0131 dile getiren Gaunt, \u201cYani daha b\u00fcy\u00fck \u00f6l\u00e7\u00fcde, her zamanki gibi i\u015f olacak. Art\u0131k ticari ili\u015fkimizi ileriye d\u00f6n\u00fck olarak geli\u015ftirebilece\u011fimiz s\u00fcrd\u00fcr\u00fclebilir sa\u011flam bir platforma sahibiz. Evet, bu \u00e7ok kapsaml\u0131 bir anla\u015fma.\u201d dedi.<\/p><div id=\"briti-3859321716\" class=\"briti-icerik\" style=\"margin-top: 5px;margin-bottom: 5px;\"><a href=\"https:\/\/piaryum.com\/services\/\" aria-label=\"piaryum banner\"><img loading=\"lazy\" decoding=\"async\" src=\"https:\/\/by-tv.co.uk\/wp-content\/uploads\/2025\/12\/Gemini_Generated_Image_g5yqr1g5yqr1g5yq.jpg\" alt=\"\"  width=\"2064\" height=\"1152\"   \/><\/a><\/div>\n<p>Son iki y\u0131ld\u0131r T\u00fcrkiye ile serbest ticaret anla\u015fmas\u0131n\u0131n olmas\u0131n\u0131 sa\u011flamak i\u00e7in \u00e7al\u0131\u015ft\u0131klar\u0131n\u0131 an\u0131msatan Gaunt, \u201cBunu yapmam\u0131z\u0131 engelleyen tek mesele \u0130ngiltere&#8217;nin AB ile olan Serbest Ticaret Anla\u015fmas\u0131yd\u0131. Bir\u00e7ok T\u00fcrk \u015firketi bu anla\u015fman\u0131n olmayaca\u011f\u0131 konusunda endi\u015feliydi.\u201d ifadelerini kulland\u0131.<\/p>\n<blockquote class=\"instagram-media\" style=\"background: #FFF; border: 0; border-radius: 3px; box-shadow: 0 0 1px 0 rgba(0,0,0,0.5),0 1px 10px 0 rgba(0,0,0,0.15); margin: 1px; max-width: 540px; min-width: 326px; padding: 0; width: calc(100% - 2px);\" data-instgrm-permalink=\"https:\/\/www.instagram.com\/tv\/CJlGzXqq3M8\/?utm_source=ig_embed&amp;utm_campaign=loading\" data-instgrm-version=\"13\">\n<div style=\"padding: 16px;\">\n<p>&nbsp;<\/p>\n<div style=\"display: flex; flex-direction: row; align-items: center;\">\n<div style=\"background-color: #f4f4f4; border-radius: 50%; flex-grow: 0; height: 40px; margin-right: 14px; width: 40px;\">&nbsp;<\/div>\n<div style=\"display: flex; flex-direction: column; flex-grow: 1; justify-content: center;\">\n<div style=\"background-color: #f4f4f4; border-radius: 4px; flex-grow: 0; height: 14px; margin-bottom: 6px; width: 100px;\">&nbsp;<\/div>\n<div style=\"background-color: #f4f4f4; border-radius: 4px; flex-grow: 0; height: 14px; width: 60px;\">&nbsp;<\/div>\n<\/div>\n<\/div>\n<div style=\"padding: 19% 0;\">&nbsp;<\/div>\n<div style=\"display: block; height: 50px; margin: 0 auto 12px; width: 50px;\">&nbsp;<\/div>\n<div style=\"padding-top: 8px;\">\n<div style=\"color: #3897f0; font-family: Arial,sans-serif; font-size: 14px; font-style: normal; font-weight: 550; line-height: 18px;\">Bu g\u00f6nderiyi Instagram&#8217;da g\u00f6r<\/div>\n<\/div>\n<div style=\"padding: 12.5% 0;\">&nbsp;<\/div>\n<div style=\"display: flex; flex-direction: row; margin-bottom: 14px; align-items: center;\">\n<div>\n<div style=\"background-color: #f4f4f4; border-radius: 50%; height: 12.5px; width: 12.5px; transform: translateX(0px) translateY(7px);\">&nbsp;<\/div>\n<div style=\"background-color: #f4f4f4; height: 12.5px; transform: rotate(-45deg) translateX(3px) translateY(1px); width: 12.5px; flex-grow: 0; margin-right: 14px; margin-left: 2px;\">&nbsp;<\/div>\n<div style=\"background-color: #f4f4f4; border-radius: 50%; height: 12.5px; width: 12.5px; transform: translateX(9px) translateY(-18px);\">&nbsp;<\/div>\n<\/div>\n<div style=\"margin-left: 8px;\">\n<div style=\"background-color: #f4f4f4; border-radius: 50%; flex-grow: 0; height: 20px; width: 20px;\">&nbsp;<\/div>\n<div style=\"width: 0; height: 0; border-top: 2px solid transparent; border-left: 6px solid #f4f4f4; border-bottom: 2px solid transparent; transform: translateX(16px) translateY(-4px) rotate(30deg);\">&nbsp;<\/div>\n<\/div>\n<div style=\"margin-left: auto;\">\n<div style=\"width: 0px; border-top: 8px solid #F4F4F4; border-right: 8px solid transparent; transform: translateY(16px);\">&nbsp;<\/div>\n<div style=\"background-color: #f4f4f4; flex-grow: 0; height: 12px; width: 16px; transform: translateY(-4px);\">&nbsp;<\/div>\n<div style=\"width: 0; height: 0; border-top: 8px solid #F4F4F4; border-left: 8px solid transparent; transform: translateY(-4px) translateX(8px);\">&nbsp;<\/div>\n<\/div>\n<\/div>\n<div style=\"display: flex; flex-direction: column; flex-grow: 1; justify-content: center; margin-bottom: 24px;\">\n<div style=\"background-color: #f4f4f4; border-radius: 4px; flex-grow: 0; height: 14px; margin-bottom: 6px; width: 224px;\">&nbsp;<\/div>\n<div style=\"background-color: #f4f4f4; border-radius: 4px; flex-grow: 0; height: 14px; width: 144px;\">&nbsp;<\/div>\n<\/div>\n<p>&nbsp;<\/p>\n<p style=\"color: #c9c8cd; font-family: Arial,sans-serif; font-size: 14px; line-height: 17px; margin-bottom: 0; margin-top: 8px; overflow: hidden; padding: 8px 0 7px; text-align: center; text-overflow: ellipsis; white-space: nowrap;\"><a style=\"color: #c9c8cd; font-family: Arial,sans-serif; font-size: 14px; font-style: normal; font-weight: normal; line-height: 17px; text-decoration: none;\" href=\"https:\/\/www.instagram.com\/tv\/CJlGzXqq3M8\/?utm_source=ig_embed&amp;utm_campaign=loading\" target=\"_blank\" rel=\"noopener\">Brit-i\u015f Ya\u015fam TV (@britisyasamtv)&#8217;in payla\u015ft\u0131\u011f\u0131 bir g\u00f6nderi<\/a><\/p>\n<\/div>\n<\/blockquote>\n<p><script async=\"\" src=\"\/\/www.instagram.com\/embed.js\"><\/script><\/p>\n<p>Gaunt, T\u00fcrkiye&#8217;nin \u0130ngiltere ile ticaret fazlas\u0131n\u0131n oldu\u011funu dile getirerek, \u201cBu ticari ili\u015fki T\u00fcrkiye i\u00e7in \u0130ngiltere&#8217;ye oldu\u011fundan daha faydal\u0131, her iki \u00fclke i\u00e7in kar\u015f\u0131l\u0131kl\u0131 olarak faydal\u0131 olmad\u0131\u011f\u0131 anlam\u0131na gelmiyor. Bu y\u00fczden bu anla\u015fmay\u0131 yapmam\u0131z konusunda \u00e7ok endi\u015feliydik.\u201d de\u011ferlendirmesinde bulundu.<\/p>\n<p>\u0130ngiltere\u2019nin, T\u00fcrkiye&#8217;nin ikinci en b\u00fcy\u00fck ihracat pazar\u0131 oldu\u011funa i\u015faret eden Gaunt, \u201cBu nedenle T\u00fcrkiye&#8217;nin gelecekteki ekonomisi i\u00e7in kritik \u00f6nem ta\u015f\u0131r. T\u00fcrkiye ayn\u0131 zamanda \u0130ngiltere ihracat\u0131nda 21\u2019inci en b\u00fcy\u00fck pazard\u0131r. \u0130ki \u00fclke aras\u0131nda pek \u00e7ok tarihsel ili\u015fki var.\u201d \u015feklinde konu\u015ftu.<\/p>\n<p>Gaunt, Serbest Ticaret Anla\u015fmas\u0131n\u0131n bir ba\u015flang\u0131\u00e7 oldu\u011funa dikkati \u00e7ekerek, \u201cBunun geni\u015fletilme kapsam\u0131 olan bir s\u00fcreklilik anla\u015fmas\u0131 oldu\u011funun a\u00e7\u0131kl\u0131\u011fa kavu\u015fturulmas\u0131 gerekti\u011fini d\u00fc\u015f\u00fcn\u00fcyorum. \u00d6n\u00fcm\u00fczde iki y\u0131l\u0131k bir zaman dilimi var. Bu s\u00fcre\u00e7 iki \u00fclkenin ikili ticari ili\u015fkilerini geli\u015ftirmesi a\u00e7\u0131s\u0131ndan \u00f6nem arz ediyor. Bir\u00e7ok sekt\u00f6r bu anla\u015fmaya dahil edilebilir. Dolay\u0131s\u0131yla m\u00fczakereler durmad\u0131, m\u00fczakereler devam edecek.\u201d dedi.<\/p>\n<p>\u201cTicari ili\u015fkilerde ilerlememizi ve sahip olduklar\u0131m\u0131za de\u011fer katmam\u0131z\u0131 sa\u011flayan en \u00f6nemli k\u0131s\u0131m olan mevcut ili\u015fkiyi g\u00fcvence alt\u0131na ald\u0131k\u201d diyen Gaunt, \u201c\u00d6n\u00fcm\u00fczdeki 12 ila 24 ay boyunca ticari ve ekonomik ili\u015fkileri art\u0131rabilece\u011fimiz di\u011fer alanlara bakmaya \u00e7al\u0131\u015faca\u011f\u0131z.\u201d diye konu\u015ftu.&nbsp;<\/p>\n<h3>&#8220;Birle\u015fik Krall\u0131k&#8217;\u0131n di\u011fer \u00fclkelerle yapt\u0131\u011f\u0131 serbest ticaret anla\u015fmalar\u0131n\u0131n \u00fclkedeki T\u00fcrk firmalar\u0131na da faydalar\u0131 olacak&#8221;<\/h3>\n<p>\u200b\u200b\u200b\u200b\u200b\u200b\u200bGaunt, Serbest Ticaret Anla\u015fmas\u0131 ile \u00f6nceliklerinin 19 milyar sterlinlik ikili ticari hacmini korumak oldu\u011funu vurgulayarak, &#8220;Ticaret de\u011ferinde son be\u015f, alt\u0131 y\u0131ld\u0131r artan bir trend oldu\u011funu g\u00f6r\u00fcyoruz. Hi\u00e7 \u015f\u00fcphe yok ki bu art\u0131\u015f devam edecektir.&#8221; dedi.<\/p>\n<p>Halen Kovid-19 salg\u0131n\u0131 d\u00f6neminde olundu\u011funa dikkati \u00e7eken Gaunt, \u201cBunun sonucu olarak i\u015flerimizi geri alma, i\u015fe geri d\u00f6nme ve ekonomilerimizi daha sa\u011fl\u0131kl\u0131 bir duruma getirme konusunda sorunlarla kar\u015f\u0131 kar\u015f\u0131ya kald\u0131k. Bu durumdan tamamen kurtulmak zaman alacak. Bundan dolay\u0131 gelece\u011fi tahmin etmek biraz zor.\u201d ifadelerini kulland\u0131.<\/p>\n<p>Gaunt, gelecek y\u0131llarda T\u00fcrkiye ve Birle\u015fik Krall\u0131k aras\u0131ndaki ticaret hacminde art\u0131\u015flar g\u00f6r\u00fclece\u011finden emin oldu\u011funu belirterek, &#8220;T\u00fcrkiye&#8217;yi b\u00fcy\u00fcme i\u00e7in potansiyeli y\u00fcksek bir \u00fclke olarak g\u00f6r\u00fcyoruz. T\u00fcrkiye&#8217;de teknoloji sekt\u00f6r\u00fcn\u00fcn geli\u015fimini g\u00f6r\u00fcyoruz. T\u00fcrkiye, teknolojide olduk\u00e7a \u00f6nemli bir oyuncu olma yolunda \u00e7ok h\u0131zl\u0131 bir \u015fekilde ilerleme kaydediyor.&#8221; de\u011ferlendirmesinde bulundu.<\/p>\n<p>T\u00fcrk firmalar\u0131yla \u00e7al\u0131\u015fma ve bu alanlarda yeteneklerini geli\u015ftiren T\u00fcrk firmalar\u0131na yat\u0131r\u0131m yapma f\u0131rsat\u0131 g\u00f6rd\u00fcklerinin alt\u0131n\u0131 \u00e7izen Gaunt, &#8220;T\u00fcrkiye ile ticaret b\u00fcy\u00fcmeye devam edecek. Birle\u015fik Krall\u0131k d\u00fcnyadaki di\u011fer \u00fclkelerle serbest ticaret anla\u015fmalar\u0131n\u0131 geli\u015ftiriyor, bunun \u0130ngiltere&#8217;ye yat\u0131r\u0131m yapan T\u00fcrk firmalar\u0131na da faydalar\u0131 olacak.\u201d dedi.<\/p>\n<p>Gaunt, T\u00fcrk ve \u0130ngiliz \u015firketlerinin savunma ve sava\u015f u\u00e7aklar\u0131 alan\u0131nda i\u015f birlikleri yapt\u0131\u011f\u0131n\u0131 an\u0131msatarak, \u201cBu i\u015f birlikleri devam edecektir. Birle\u015fik Krall\u0131k, d\u00fcnya \u00e7ap\u0131nda b\u00fcy\u00fck bir savunma ihracat pazar\u0131na sahip. \u00d6nde gelen savunma \u00fcreticilerinden biriyiz.\u201d \u015feklinde konu\u015ftu.<\/p>\n<h3>&#8220;Cumhurba\u015fkan\u0131 Recep Tayyip Erdo\u011fan&#8217;\u0131n bahsetti\u011fi reformlar olmal\u0131&#8221;<\/h3>\n<p>Chris Gaunt, T\u00fcrkiye\u2019nin, b\u00f6lge i\u00e7in de bir merkez oldu\u011funa dikkati \u00e7ekerek, b\u00f6lgede T\u00fcrk firmalar\u0131n\u0131n da arac\u0131l\u0131yla ihracatlar\u0131n\u0131 nas\u0131l art\u0131racaklar\u0131na ve T\u00fcrkiye&#8217;nin b\u00f6lgedeki g\u00fcc\u00fcnden nas\u0131l yararlanabileceklerine bakt\u0131klar\u0131n\u0131 ifade etti.<\/p>\n<p>Gaunt, T\u00fcrkiye&#8217;nin Orta Do\u011fu ile Orta Asya, Rusya ve Kuzey Afrika ile uzun s\u00fcredir devam eden bir ticari ili\u015fkisinin oldu\u011funu belirterek, &#8220;\u0130n\u015faat sekt\u00f6r\u00fc son derece g\u00fc\u00e7l\u00fc. Bunu desteklemek istiyoruz. \u0130ngiltere ihracat finansman\u0131m\u0131z var. T\u00fcrkiye&#8217;yi \u0130ngiltere i\u00e7in \u00f6ncelikli pazar olarak tan\u0131mlayan bir banka.\u201d dedi.<\/p>\n<p>Serbest Ticaret Anla\u015fmas\u0131n\u0131n her detay\u0131 ile \u00e7al\u0131\u015f\u0131ld\u0131\u011f\u0131n\u0131 kaydeden Gaunt, &#8220;Anla\u015fman\u0131n temeli her iki \u00fclkenin istemesiyle at\u0131ld\u0131. Her iki \u00fclke a\u00e7\u0131s\u0131ndan bir engel veya problem olmad\u0131\u011f\u0131ndan, kolayca ger\u00e7ekle\u015fti. Evet, anla\u015fmam\u0131z\u0131n bu geli\u015fmesini engelleyebilecek \u00e7ok fazla sorun g\u00f6rm\u00fcyorum.\u201d a\u00e7\u0131klamas\u0131n\u0131 yapt\u0131.<\/p>\n<p>Gaunt, T\u00fcrkiye&#8217;nin kesinlikle yabanc\u0131 yat\u0131r\u0131ma ihtiyac\u0131 oldu\u011funu belirterek, &#8220;Bu yat\u0131r\u0131mlar\u0131 yapmaya haz\u0131r olacak \u0130ngiliz \u015firketlerinin herhangi bir s\u0131k\u0131nt\u0131s\u0131 olaca\u011f\u0131n\u0131 sanm\u0131yorum. Cumhurba\u015fkan\u0131 Recep Tayyip Erdo\u011fan&#8217;\u0131n bahsetti\u011fi reformlar\u0131n olmas\u0131 gerekiyor. Evet, \u015fu anda olduk\u00e7a olumlu bir atmosfer var. Pozitifli\u011fin devam edece\u011fini d\u00fc\u015f\u00fcn\u00fcyorum. \u0130ki y\u0131ll\u0131k zaman aral\u0131\u011f\u0131nda ve mevcut anla\u015fmam\u0131z\u0131 nas\u0131l g\u00fc\u00e7lendirip daha fazla nas\u0131l de\u011fer katabilece\u011fimize bakaca\u011f\u0131z.&#8221; de\u011ferlendirmesinde bulundu.<\/p>\n<\/div>\n<div id=\"briti-3473706472\" class=\"briti-icerikten-sonra_2\" style=\"margin-top: 25px;margin-bottom: 25px;\"><a href=\"https:\/\/wa.me\/message\/NDZLLIOQT4H3O1\" aria-label=\"bytv reklam banner\"><img loading=\"lazy\" decoding=\"async\" src=\"https:\/\/by-tv.co.uk\/wp-content\/uploads\/2025\/12\/bytv-reklam-banner.jpg\" alt=\"\"  width=\"2376\" height=\"1008\"   \/><\/a><\/div>","protected":false},"excerpt":{"rendered":"<p>\u0130stanbul T\u00fcrkiye&#8216;de&nbsp;\u0130ngiliz Ticaret Odas\u0131&nbsp;(BCCT) Ba\u015fkan\u0131&nbsp;Chris Gaunt, gelecek y\u0131llarda T\u00fcrkiye ve Birle\u015fik Krall\u0131k aras\u0131ndaki ticaret hacminde art\u0131\u015flar g\u00f6r\u00fclece\u011finden emin oldu\u011funu belirterek, &#8220;T\u00fcrkiye&#8217;yi b\u00fcy\u00fcme potansiyeli y\u00fcksek bir \u00fclke olarak g\u00f6r\u00fcyoruz. T\u00fcrkiye,&nbsp;teknolojide olduk\u00e7a \u00f6nemli bir oyuncu olma yolunda \u00e7ok h\u0131zl\u0131 bir ilerleme kaydediyor.&#8221; dedi. Gaunt, AA muhabirine yapt\u0131\u011f\u0131 de\u011ferlendirmede, T\u00fcrkiye ve Birle\u015fik Krall\u0131k\u2019\u0131n imzalad\u0131\u011f\u0131 Serbest Ticaret Anla\u015fmas\u0131 (STA) ile ticari ili\u015fkileri ve daha \u00f6nce sahip oldu\u011fu anla\u015fmalar\u0131 g\u00fcvence alt\u0131na ald\u0131\u011f\u0131n\u0131 s\u00f6yledi. STA\u2019n\u0131n bir s\u00fcreklilik anla\u015fmas\u0131 oldu\u011funu, bu nedenle, daha \u00f6nce sahip olunan t\u00fcm anla\u015fmalar\u0131 kapsad\u0131\u011f\u0131n\u0131 dile getiren Gaunt, \u201cYani daha b\u00fcy\u00fck \u00f6l\u00e7\u00fcde, her zamanki gibi i\u015f olacak. Art\u0131k ticari ili\u015fkimizi ileriye d\u00f6n\u00fck olarak [&hellip;]<\/p>\n","protected":false},"author":1,"featured_media":0,"comment_status":"open","ping_status":"open","sticky":false,"template":"","format":"standard","meta":{"ngg_post_thumbnail":0,"footnotes":""},"categories":[15,3114],"tags":[],"class_list":["post-7680","post","type-post","status-publish","format-standard","hentry","category-ingiltere","category-tr-uk-sta"],"_links":{"self":[{"href":"https:\/\/by-tv.co.uk\/en\/wp-json\/wp\/v2\/posts\/7680","targetHints":{"allow":["GET"]}}],"collection":[{"href":"https:\/\/by-tv.co.uk\/en\/wp-json\/wp\/v2\/posts"}],"about":[{"href":"https:\/\/by-tv.co.uk\/en\/wp-json\/wp\/v2\/types\/post"}],"author":[{"embeddable":true,"href":"https:\/\/by-tv.co.uk\/en\/wp-json\/wp\/v2\/users\/1"}],"replies":[{"embeddable":true,"href":"https:\/\/by-tv.co.uk\/en\/wp-json\/wp\/v2\/comments?post=7680"}],"version-history":[{"count":0,"href":"https:\/\/by-tv.co.uk\/en\/wp-json\/wp\/v2\/posts\/7680\/revisions"}],"wp:attachment":[{"href":"https:\/\/by-tv.co.uk\/en\/wp-json\/wp\/v2\/media?parent=7680"}],"wp:term":[{"taxonomy":"category","embeddable":true,"href":"https:\/\/by-tv.co.uk\/en\/wp-json\/wp\/v2\/categories?post=7680"},{"taxonomy":"post_tag","embeddable":true,"href":"https:\/\/by-tv.co.uk\/en\/wp-json\/wp\/v2\/tags?post=7680"}],"curies":[{"name":"wp","href":"https:\/\/api.w.org\/{rel}","templated":true}]}}