{"id":7649,"date":"2021-01-15T00:11:46","date_gmt":"2021-01-15T00:11:46","guid":{"rendered":"https:\/\/by-tv.co.uk\/?p=7649"},"modified":"2021-01-15T00:14:21","modified_gmt":"2021-01-15T00:14:21","slug":"7649-2","status":"publish","type":"post","link":"https:\/\/by-tv.co.uk\/en\/7649-2\/","title":{"rendered":"1 Dakika Britanya, 14 Ocak 2021"},"content":{"rendered":"<p>#14Ocak2021 #birdakikabritanya<br \/>\n\ud83d\udccc1 dakikada Britanya<br \/>\n\ud83d\uddd3\ufe0fHer g\u00fcn burada<br \/>\n\ud83d\udc49Britanya g\u00fcndeminin 60 saniyelik \u00f6zeti<\/p>\n<blockquote class=\"instagram-media\" style=\"background: #FFF; border: 0; border-radius: 3px; box-shadow: 0 0 1px 0 rgba(0,0,0,0.5),0 1px 10px 0 rgba(0,0,0,0.15); margin: 1px; max-width: 540px; min-width: 326px; padding: 0; width: calc(100% - 2px);\" data-instgrm-permalink=\"https:\/\/www.instagram.com\/p\/CKC4EMpqeSe\/?utm_source=ig_embed&amp;utm_campaign=loading\" data-instgrm-version=\"13\">\n<div style=\"padding: 16px;\">\n<p>&nbsp;<\/p>\n<div style=\"display: flex; flex-direction: row; align-items: center;\">\n<div style=\"background-color: #f4f4f4; border-radius: 50%; flex-grow: 0; height: 40px; margin-right: 14px; width: 40px;\">&nbsp;<\/div>\n<div style=\"display: flex; flex-direction: column; flex-grow: 1; justify-content: center;\">\n<div style=\"background-color: #f4f4f4; border-radius: 4px; flex-grow: 0; height: 14px; margin-bottom: 6px; width: 100px;\">&nbsp;<\/div>\n<div style=\"background-color: #f4f4f4; border-radius: 4px; flex-grow: 0; height: 14px; width: 60px;\">&nbsp;<\/div>\n<\/div>\n<\/div>\n<div style=\"padding: 19% 0;\">&nbsp;<\/div>\n<div style=\"display: block; height: 50px; margin: 0 auto 12px; width: 50px;\">&nbsp;<\/div>\n<div style=\"padding-top: 8px;\">\n<div style=\"color: #3897f0; font-family: Arial,sans-serif; font-size: 14px; font-style: normal; font-weight: 550; line-height: 18px;\">Bu g\u00f6nderiyi Instagram&#8217;da g\u00f6r<\/div>\n<\/div>\n<div style=\"padding: 12.5% 0;\">&nbsp;<\/div>\n<div style=\"display: flex; flex-direction: row; margin-bottom: 14px; align-items: center;\">\n<div>\n<div style=\"background-color: #f4f4f4; border-radius: 50%; height: 12.5px; width: 12.5px; transform: translateX(0px) translateY(7px);\">&nbsp;<\/div>\n<div style=\"background-color: #f4f4f4; height: 12.5px; transform: rotate(-45deg) translateX(3px) translateY(1px); width: 12.5px; flex-grow: 0; margin-right: 14px; margin-left: 2px;\">&nbsp;<\/div>\n<div style=\"background-color: #f4f4f4; border-radius: 50%; height: 12.5px; width: 12.5px; transform: translateX(9px) translateY(-18px);\">&nbsp;<\/div>\n<\/div>\n<div style=\"margin-left: 8px;\">\n<div style=\"background-color: #f4f4f4; border-radius: 50%; flex-grow: 0; height: 20px; width: 20px;\">&nbsp;<\/div>\n<div style=\"width: 0; height: 0; border-top: 2px solid transparent; border-left: 6px solid #f4f4f4; border-bottom: 2px solid transparent; transform: translateX(16px) translateY(-4px) rotate(30deg);\">&nbsp;<\/div>\n<\/div>\n<div style=\"margin-left: auto;\">\n<div style=\"width: 0px; border-top: 8px solid #F4F4F4; border-right: 8px solid transparent; transform: translateY(16px);\">&nbsp;<\/div>\n<div style=\"background-color: #f4f4f4; flex-grow: 0; height: 12px; width: 16px; transform: translateY(-4px);\">&nbsp;<\/div>\n<div style=\"width: 0; height: 0; border-top: 8px solid #F4F4F4; border-left: 8px solid transparent; transform: translateY(-4px) translateX(8px);\">&nbsp;<\/div>\n<\/div>\n<\/div>\n<div style=\"display: flex; flex-direction: column; flex-grow: 1; justify-content: center; margin-bottom: 24px;\">\n<div style=\"background-color: #f4f4f4; border-radius: 4px; flex-grow: 0; height: 14px; margin-bottom: 6px; width: 224px;\">&nbsp;<\/div>\n<div style=\"background-color: #f4f4f4; border-radius: 4px; flex-grow: 0; height: 14px; width: 144px;\">&nbsp;<\/div>\n<\/div>\n<p>&nbsp;<\/p>\n<p style=\"color: #c9c8cd; font-family: Arial,sans-serif; font-size: 14px; line-height: 17px; margin-bottom: 0; margin-top: 8px; overflow: hidden; padding: 8px 0 7px; text-align: center; text-overflow: ellipsis; white-space: nowrap;\"><a style=\"color: #c9c8cd; font-family: Arial,sans-serif; font-size: 14px; font-style: normal; font-weight: normal; line-height: 17px; text-decoration: none;\" href=\"https:\/\/www.instagram.com\/p\/CKC4EMpqeSe\/?utm_source=ig_embed&amp;utm_campaign=loading\" target=\"_blank\" rel=\"noopener\">Brit-i\u015f Ya\u015fam TV (@britisyasamtv)&#8217;in payla\u015ft\u0131\u011f\u0131 bir g\u00f6nderi<\/a><\/p>\n<\/div>\n<\/blockquote>\n<p><script async=\"\" src=\"\/\/www.instagram.com\/embed.js\"><\/script><\/p>\n<p>\ud83d\udc49Koronavir\u00fcs pandemisi ile y\u00fck\u00fc iyice artan \u0130ngiltere\u2019deki hastaneleri b\u00fcy\u00fck bir sorun bekliyor. \u0130ngiltere Ulusal Sa\u011fl\u0131k Servisi \u00fclkede tedaviye ba\u015flamay\u0131 bekleyen 4 bu\u00e7uk milyon insan\u0131n oldu\u011funu a\u00e7\u0131klad\u0131. Ulusal Sa\u011fl\u0131k Servisi, y\u0131l sonunda temel hizmetlerin s\u00fcrd\u00fcr\u00fcld\u00fc\u011f\u00fcn\u00fc, kanser tedavilerinin ve sevklerin normal seviyelere geri d\u00f6nd\u00fc\u011f\u00fcn\u00fc s\u00f6yledi. Ancak vir\u00fcs kontrol alt\u0131na al\u0131nana kadar acil olmayan hizmetlerdeki rakam\u0131n artmas\u0131 bekleniyor.<br \/>\n\ud83d\udc49\u0130ngiltere&#8217;nin en b\u00fcy\u00fck \u00fc\u00e7\u00fcnc\u00fc sendikas\u0131 olan GMB Union yani Genel-\u0130\u015f Sendikas\u0131 taraf\u0131ndan y\u00fcr\u00fct\u00fclen bir anket, Londra hastanelerindeki ve vak\u0131flardaki \u00fcyelerinin y\u00fczde 43&#8217;\u00fcn\u00fcn 11 Ocak Pazartesi itibar\u0131yla hala a\u015f\u0131 daveti bekledi\u011fini ortaya koydu. Buna ambulans \u00e7al\u0131\u015fanlar\u0131, temizlik g\u00f6revlileri, ula\u015f\u0131m hizmetlerindekiler, Ulusal Sa\u011fl\u0131k Servisi idari personeli ve hatta \u00f6n saflardaki hem\u015fireler dahildir.<br \/>\n\ud83d\udc49Boris Johnson\u2019\u0131n her hafta milyonlarca \u00f6\u011frenciyi koronavir\u00fcs i\u00e7in test etme plan\u0131, \u0130ngiltere \u0130la\u00e7 ve Sa\u011fl\u0131k \u00dcr\u00fcnleri D\u00fczenleme Dairesinin, testin negatif \u00e7\u0131kmas\u0131 halinde insanlara yanl\u0131\u015f g\u00fcvence verece\u011fi endi\u015fesi nedeniyle 30 dakikal\u0131k testlerin g\u00fcnl\u00fck kullan\u0131m\u0131na izin vermemesi sebebiyle plan belirsizli\u011fini koruyor.<br \/>\n@alfemohomeuk @robinfooduk @bambihomeuk @sadlerandfrost<br \/>\nwww.sadlerandfrost.com<br \/>\n@neoresonance @dr._emre_toker<br \/>\nNeo-Resonance &amp; Coaching katk\u0131lar\u0131yla haz\u0131rlanm\u0131\u015ft\u0131r.<\/p>\n<p>Brit-\u0130\u015f Ya\u015fam TV<br \/>\n\ud83c\udfa5Britanya&#8217;daki \u0130\u015f ve Ya\u015fam Kanal\u0131n\u0131z<br \/>\nwww.by-tv.co.uk<\/p><div id=\"briti-3931589361\" class=\"briti-icerik\" style=\"margin-top: 5px;margin-bottom: 5px;\"><a href=\"https:\/\/piaryum.com\/services\/\" aria-label=\"piaryum banner\"><img loading=\"lazy\" decoding=\"async\" src=\"https:\/\/by-tv.co.uk\/wp-content\/uploads\/2025\/12\/Gemini_Generated_Image_g5yqr1g5yqr1g5yq.jpg\" alt=\"\"  width=\"2064\" height=\"1152\"   \/><\/a><\/div>\n<p>#lockdown #ingiltere #briti\u015fya\u015famtv #ingilteret\u00fcrkleri #yurtd\u0131\u015f\u0131e\u011fitim #londral\u0131t\u00fcrkler #london #londra #londratvprogram #londraya\u015fam #briti\u015fya\u015fam #britanya #ingilteret\u00fcrkiye #t\u00fcrkiyeingiltere #londonbusiness #ingilterei\u015finsanlar\u0131 #cambridge #scotlandturkey #londramoda #londrasa\u011fl\u0131k #londrae\u011fitim #ingilteree\u011fitim #birle\u015fikkrall\u0131kya\u015fam #ankaraanla\u015fmas\u0131 #yurtd\u0131\u015f\u0131vize #oturumvizesi #ingiltereg\u00fcndemi<\/p>\n<div id=\"briti-4201894990\" class=\"briti-icerikten-sonra_2\" style=\"margin-top: 25px;margin-bottom: 25px;\"><a href=\"https:\/\/wa.me\/message\/NDZLLIOQT4H3O1\" aria-label=\"bytv reklam banner\"><img loading=\"lazy\" decoding=\"async\" src=\"https:\/\/by-tv.co.uk\/wp-content\/uploads\/2025\/12\/bytv-reklam-banner.jpg\" alt=\"\"  width=\"2376\" height=\"1008\"   \/><\/a><\/div>","protected":false},"excerpt":{"rendered":"<p>#14Ocak2021 #birdakikabritanya \ud83d\udccc1 dakikada Britanya \ud83d\uddd3\ufe0fHer g\u00fcn burada \ud83d\udc49Britanya g\u00fcndeminin 60 saniyelik \u00f6zeti &nbsp; &nbsp; &nbsp; &nbsp; &nbsp; &nbsp; Bu g\u00f6nderiyi Instagram&#8217;da g\u00f6r &nbsp; &nbsp; &nbsp; &nbsp; &nbsp; &nbsp; &nbsp; &nbsp; &nbsp; &nbsp; &nbsp; &nbsp; Brit-i\u015f Ya\u015fam TV (@britisyasamtv)&#8217;in payla\u015ft\u0131\u011f\u0131 bir g\u00f6nderi \ud83d\udc49Koronavir\u00fcs pandemisi ile y\u00fck\u00fc iyice artan \u0130ngiltere\u2019deki hastaneleri b\u00fcy\u00fck bir sorun bekliyor. \u0130ngiltere Ulusal Sa\u011fl\u0131k Servisi \u00fclkede tedaviye ba\u015flamay\u0131 bekleyen 4 bu\u00e7uk milyon insan\u0131n oldu\u011funu a\u00e7\u0131klad\u0131. Ulusal Sa\u011fl\u0131k Servisi, y\u0131l sonunda temel hizmetlerin s\u00fcrd\u00fcr\u00fcld\u00fc\u011f\u00fcn\u00fc, kanser tedavilerinin ve sevklerin normal seviyelere geri d\u00f6nd\u00fc\u011f\u00fcn\u00fc s\u00f6yledi. Ancak vir\u00fcs kontrol alt\u0131na al\u0131nana kadar acil olmayan hizmetlerdeki rakam\u0131n artmas\u0131 bekleniyor. \ud83d\udc49\u0130ngiltere&#8217;nin en b\u00fcy\u00fck [&hellip;]<\/p>\n","protected":false},"author":1,"featured_media":0,"comment_status":"open","ping_status":"open","sticky":false,"template":"","format":"video","meta":{"ngg_post_thumbnail":0,"footnotes":""},"categories":[15],"tags":[],"class_list":["post-7649","post","type-post","status-publish","format-video","hentry","category-ingiltere","post_format-post-format-video"],"_links":{"self":[{"href":"https:\/\/by-tv.co.uk\/en\/wp-json\/wp\/v2\/posts\/7649","targetHints":{"allow":["GET"]}}],"collection":[{"href":"https:\/\/by-tv.co.uk\/en\/wp-json\/wp\/v2\/posts"}],"about":[{"href":"https:\/\/by-tv.co.uk\/en\/wp-json\/wp\/v2\/types\/post"}],"author":[{"embeddable":true,"href":"https:\/\/by-tv.co.uk\/en\/wp-json\/wp\/v2\/users\/1"}],"replies":[{"embeddable":true,"href":"https:\/\/by-tv.co.uk\/en\/wp-json\/wp\/v2\/comments?post=7649"}],"version-history":[{"count":0,"href":"https:\/\/by-tv.co.uk\/en\/wp-json\/wp\/v2\/posts\/7649\/revisions"}],"wp:attachment":[{"href":"https:\/\/by-tv.co.uk\/en\/wp-json\/wp\/v2\/media?parent=7649"}],"wp:term":[{"taxonomy":"category","embeddable":true,"href":"https:\/\/by-tv.co.uk\/en\/wp-json\/wp\/v2\/categories?post=7649"},{"taxonomy":"post_tag","embeddable":true,"href":"https:\/\/by-tv.co.uk\/en\/wp-json\/wp\/v2\/tags?post=7649"}],"curies":[{"name":"wp","href":"https:\/\/api.w.org\/{rel}","templated":true}]}}