{"id":7614,"date":"2021-01-12T10:45:35","date_gmt":"2021-01-12T10:45:35","guid":{"rendered":"https:\/\/by-tv.co.uk\/?p=7614"},"modified":"2021-01-12T10:45:59","modified_gmt":"2021-01-12T10:45:59","slug":"ingilterede-2-milyon-300-bin-kisiye-kovid-19-asisi-yapildi","status":"publish","type":"post","link":"https:\/\/by-tv.co.uk\/en\/ingilterede-2-milyon-300-bin-kisiye-kovid-19-asisi-yapildi\/","title":{"rendered":"\u0130ngiltere&#8217;de 2 milyon 300 bin ki\u015fiye Kovid-19 a\u015f\u0131s\u0131 yap\u0131ld\u0131"},"content":{"rendered":"<p>LONDRA (AA) &#8211; Hancock, Ba\u015fbakanl\u0131k Ofisi 10 Numara&#8217;da d\u00fczenledi\u011fi bas\u0131n toplant\u0131s\u0131nda, \u00fclkedeki vaka say\u0131lar\u0131 ve Kovid-19 salg\u0131n\u0131na kar\u015f\u0131 a\u015f\u0131lama program\u0131na ili\u015fkin bilgiler payla\u015ft\u0131.<\/p>\n<p>\u00dclkesinin olabildi\u011fince \u00e7abuk normale d\u00f6nmesini istedi\u011fini dile getiren Hancock, bunun i\u00e7in en \u00f6nemli \u00e7\u0131k\u0131\u015f yolunun a\u015f\u0131lama oldu\u011funu vurgulad\u0131.<\/p>\n<p>Hancock, \u00fclke tarihindeki en b\u00fcy\u00fck a\u015f\u0131lama program\u0131n\u0131 ba\u015flatt\u0131klar\u0131n\u0131, \u00fclke genelinde 2 milyon 300 bin ki\u015fiye a\u015f\u0131n\u0131n yap\u0131ld\u0131\u011f\u0131n\u0131 ve bu rakamla Avrupa ortalamas\u0131n\u0131n \u00fczerinde olduklar\u0131n\u0131 kaydetti.<\/p><div id=\"briti-707921206\" class=\"briti-icerik\" style=\"margin-top: 5px;margin-bottom: 5px;\"><a href=\"https:\/\/piaryum.com\/services\/\" aria-label=\"piaryum banner\"><img loading=\"lazy\" decoding=\"async\" src=\"https:\/\/by-tv.co.uk\/wp-content\/uploads\/2025\/12\/Gemini_Generated_Image_g5yqr1g5yqr1g5yq.jpg\" alt=\"\"  width=\"2064\" height=\"1152\"   \/><\/a><\/div>\n<p>Oxford \u00dcniversitesi ve ila\u00e7 firmas\u0131 AstraZeneca&#8217;n\u0131n geli\u015ftirdi\u011fi Kovid-19 a\u015f\u0131s\u0131n\u0131n yayg\u0131n kullan\u0131m\u0131na da izin verilmesiyle a\u015f\u0131 say\u0131s\u0131nda g\u00fcnl\u00fck 210 bin art\u0131\u015f ya\u015fand\u0131\u011f\u0131n\u0131 aktaran Hancock, bak\u0131mevinde kalanlar\u0131n d\u00f6rtte birine a\u015f\u0131n\u0131n ilk dozunun uyguland\u0131\u011f\u0131n\u0131, bu ay t\u00fcm bak\u0131mevlerinde kalanlara a\u015f\u0131n\u0131n ilk dozunu yapmay\u0131 planlad\u0131klar\u0131n\u0131 belirtti.<\/p>\n<p>Hancock, Kovid-19&#8217;un daha h\u0131zl\u0131 yay\u0131lan t\u00fcr\u00fc nedeniyle vakalarda ciddi art\u0131\u015f ya\u015fand\u0131\u011f\u0131na ve Ulusal Sa\u011fl\u0131k Servisinin (NHS) her zamankinden daha fazla bask\u0131 alt\u0131nda oldu\u011funa dikkati \u00e7ekerek, halka k\u0131s\u0131tlamalara uymalar\u0131, aksi durumda k\u0131s\u0131tlamalar\u0131n daha da sertle\u015febilece\u011fi uyar\u0131s\u0131nda bulundu.<\/p>\n<p>\u00dclkede, son 24 saatte Kovid-19 nedeniyle 529 ki\u015fi hayat\u0131n\u0131 kaybetti<\/p>\n<p>\u00d6te yandan \u0130ngiltere&#8217;de son 24 saatte Kovid-19 nedeniyle 529 ki\u015fi hayat\u0131n\u0131 kaybetti. Toplam can kayb\u0131 81 bin 960&#8217;a ula\u015ft\u0131.<\/p>\n<p>Sa\u011fl\u0131k Bakanl\u0131\u011f\u0131n\u0131n yay\u0131mlad\u0131\u011f\u0131 verilere g\u00f6re, 46 bin 169 yeni vakan\u0131n tespit edilmesiyle toplam vaka say\u0131s\u0131 3 milyon 118 bin 518&#8217;e y\u00fckseldi.<\/p>\n<div id=\"briti-145999085\" class=\"briti-icerikten-sonra_2\" style=\"margin-top: 25px;margin-bottom: 25px;\"><a href=\"https:\/\/wa.me\/message\/NDZLLIOQT4H3O1\" aria-label=\"bytv reklam banner\"><img loading=\"lazy\" decoding=\"async\" src=\"https:\/\/by-tv.co.uk\/wp-content\/uploads\/2025\/12\/bytv-reklam-banner.jpg\" alt=\"\"  width=\"2376\" height=\"1008\"   \/><\/a><\/div>","protected":false},"excerpt":{"rendered":"<p>LONDRA (AA) &#8211; Hancock, Ba\u015fbakanl\u0131k Ofisi 10 Numara&#8217;da d\u00fczenledi\u011fi bas\u0131n toplant\u0131s\u0131nda, \u00fclkedeki vaka say\u0131lar\u0131 ve Kovid-19 salg\u0131n\u0131na kar\u015f\u0131 a\u015f\u0131lama program\u0131na ili\u015fkin bilgiler payla\u015ft\u0131. \u00dclkesinin olabildi\u011fince \u00e7abuk normale d\u00f6nmesini istedi\u011fini dile getiren Hancock, bunun i\u00e7in en \u00f6nemli \u00e7\u0131k\u0131\u015f yolunun a\u015f\u0131lama oldu\u011funu vurgulad\u0131. Hancock, \u00fclke tarihindeki en b\u00fcy\u00fck a\u015f\u0131lama program\u0131n\u0131 ba\u015flatt\u0131klar\u0131n\u0131, \u00fclke genelinde 2 milyon 300 bin ki\u015fiye a\u015f\u0131n\u0131n yap\u0131ld\u0131\u011f\u0131n\u0131 ve bu rakamla Avrupa ortalamas\u0131n\u0131n \u00fczerinde olduklar\u0131n\u0131 kaydetti. Oxford \u00dcniversitesi ve ila\u00e7 firmas\u0131 AstraZeneca&#8217;n\u0131n geli\u015ftirdi\u011fi Kovid-19 a\u015f\u0131s\u0131n\u0131n yayg\u0131n kullan\u0131m\u0131na da izin verilmesiyle a\u015f\u0131 say\u0131s\u0131nda g\u00fcnl\u00fck 210 bin art\u0131\u015f ya\u015fand\u0131\u011f\u0131n\u0131 aktaran Hancock, bak\u0131mevinde kalanlar\u0131n d\u00f6rtte birine a\u015f\u0131n\u0131n ilk dozunun uyguland\u0131\u011f\u0131n\u0131, bu ay t\u00fcm [&hellip;]<\/p>\n","protected":false},"author":1,"featured_media":7615,"comment_status":"open","ping_status":"open","sticky":false,"template":"","format":"standard","meta":{"ngg_post_thumbnail":0,"footnotes":""},"categories":[15],"tags":[],"class_list":["post-7614","post","type-post","status-publish","format-standard","has-post-thumbnail","hentry","category-ingiltere"],"_links":{"self":[{"href":"https:\/\/by-tv.co.uk\/en\/wp-json\/wp\/v2\/posts\/7614","targetHints":{"allow":["GET"]}}],"collection":[{"href":"https:\/\/by-tv.co.uk\/en\/wp-json\/wp\/v2\/posts"}],"about":[{"href":"https:\/\/by-tv.co.uk\/en\/wp-json\/wp\/v2\/types\/post"}],"author":[{"embeddable":true,"href":"https:\/\/by-tv.co.uk\/en\/wp-json\/wp\/v2\/users\/1"}],"replies":[{"embeddable":true,"href":"https:\/\/by-tv.co.uk\/en\/wp-json\/wp\/v2\/comments?post=7614"}],"version-history":[{"count":0,"href":"https:\/\/by-tv.co.uk\/en\/wp-json\/wp\/v2\/posts\/7614\/revisions"}],"wp:featuredmedia":[{"embeddable":true,"href":"https:\/\/by-tv.co.uk\/en\/wp-json\/wp\/v2\/media\/7615"}],"wp:attachment":[{"href":"https:\/\/by-tv.co.uk\/en\/wp-json\/wp\/v2\/media?parent=7614"}],"wp:term":[{"taxonomy":"category","embeddable":true,"href":"https:\/\/by-tv.co.uk\/en\/wp-json\/wp\/v2\/categories?post=7614"},{"taxonomy":"post_tag","embeddable":true,"href":"https:\/\/by-tv.co.uk\/en\/wp-json\/wp\/v2\/tags?post=7614"}],"curies":[{"name":"wp","href":"https:\/\/api.w.org\/{rel}","templated":true}]}}